{"id":10803,"date":"2021-10-12T16:22:37","date_gmt":"2021-10-12T16:22:37","guid":{"rendered":"http:\/\/portugalfashion.com\/?p=10803"},"modified":"2021-10-19T11:11:37","modified_gmt":"2021-10-19T11:11:37","slug":"brandup-sessions","status":"publish","type":"post","link":"https:\/\/portugalfashion.com\/en\/brandup-sessions\/","title":{"rendered":"BRANDUP SESSIONS DE REGRESSO \u00c0 ALF\u00c2NDEGA DO PORTO"},"content":{"rendered":"<p><strong>PROGRAMA BRANDUP SESSIONS &#8211; ENTRADA LIVRE<\/strong><\/p>\n<p>Brand Up Sessions\u00a0 de regresso \u00e0 Alf\u00e2ndega do Porto. Um conjunto de workshops e talks sobre temas de interesse para a ind\u00fastria da moda, com oradores de reconhecida compet\u00eancia nas suas \u00e1reas. A coordena\u00e7\u00e3o destas sess\u00f5es est\u00e1 a cargo de Ana Roncha, diretora do mestrado de Marketing Estrat\u00e9gico de Moda na London School of Fashion.<\/p>\n<p><img fetchpriority=\"high\" decoding=\"async\" class=\"alignnone wp-image-10804 size-large\" src=\"http:\/\/portugalfashion.com\/wp-content\/uploads\/2021\/10\/PF_BRANDUP_Email_Sessions-min-442x1024.jpg\" alt=\"\" width=\"442\" height=\"1024\" srcset=\"https:\/\/portugalfashion.com\/wp-content\/uploads\/2021\/10\/PF_BRANDUP_Email_Sessions-min-442x1024.jpg 442w, https:\/\/portugalfashion.com\/wp-content\/uploads\/2021\/10\/PF_BRANDUP_Email_Sessions-min-130x300.jpg 130w, https:\/\/portugalfashion.com\/wp-content\/uploads\/2021\/10\/PF_BRANDUP_Email_Sessions-min-768x1778.jpg 768w, https:\/\/portugalfashion.com\/wp-content\/uploads\/2021\/10\/PF_BRANDUP_Email_Sessions-min-885x2048.jpg 885w, https:\/\/portugalfashion.com\/wp-content\/uploads\/2021\/10\/PF_BRANDUP_Email_Sessions-min-5x12.jpg 5w, https:\/\/portugalfashion.com\/wp-content\/uploads\/2021\/10\/PF_BRANDUP_Email_Sessions-min-scaled.jpg 1106w\" sizes=\"(max-width: 442px) 100vw, 442px\" \/><\/p>","protected":false},"excerpt":{"rendered":"<p>PROGRAMA BRANDUP SESSIONS &#8211; ENTRADA LIVRE Brand Up Sessions\u00a0 de regresso \u00e0 Alf\u00e2ndega do Porto. Um conjunto de workshops e talks sobre temas de interesse para a ind\u00fastria da moda, com oradores de reconhecida compet\u00eancia nas suas \u00e1reas. A coordena\u00e7\u00e3o destas sess\u00f5es est\u00e1 a cargo de Ana Roncha, diretora do mestrado de Marketing Estrat\u00e9gico de [&hellip;]<\/p>","protected":false},"author":5,"featured_media":10805,"comment_status":"open","ping_status":"open","sticky":false,"template":"","format":"standard","meta":{"_acf_changed":false,"_monsterinsights_skip_tracking":false,"_monsterinsights_sitenote_active":false,"_monsterinsights_sitenote_note":"","_monsterinsights_sitenote_category":0,"footnotes":""},"categories":[1],"tags":[158,167],"class_list":["post-10803","post","type-post","status-publish","format-standard","has-post-thumbnail","hentry","category-portugal-fashion-en","tag-brandup","tag-brandup-sessions"],"acf":[],"yoast_head":"<!-- This site is optimized with the Yoast SEO plugin v24.2 - https:\/\/yoast.com\/wordpress\/plugins\/seo\/ -->\n<title>BRANDUP SESSIONS DE REGRESSO \u00c0 ALF\u00c2NDEGA DO PORTO - Portugal Fashion<\/title>\n<meta name=\"robots\" content=\"index, follow, max-snippet:-1, max-image-preview:large, max-video-preview:-1\" \/>\n<link rel=\"canonical\" href=\"https:\/\/portugalfashion.com\/en\/brandup-sessions\/\" \/>\n<meta property=\"og:locale\" content=\"en_GB\" \/>\n<meta property=\"og:type\" content=\"article\" \/>\n<meta property=\"og:title\" content=\"BRANDUP SESSIONS DE REGRESSO \u00c0 ALF\u00c2NDEGA DO PORTO - Portugal Fashion\" \/>\n<meta property=\"og:description\" content=\"PROGRAMA BRANDUP SESSIONS &#8211; ENTRADA LIVRE Brand Up Sessions\u00a0 de regresso \u00e0 Alf\u00e2ndega do Porto. Um conjunto de workshops e talks sobre temas de interesse para a ind\u00fastria da moda, com oradores de reconhecida compet\u00eancia nas suas \u00e1reas. A coordena\u00e7\u00e3o destas sess\u00f5es est\u00e1 a cargo de Ana Roncha, diretora do mestrado de Marketing Estrat\u00e9gico de [&hellip;]\" \/>\n<meta property=\"og:url\" content=\"https:\/\/portugalfashion.com\/en\/brandup-sessions\/\" \/>\n<meta property=\"og:site_name\" content=\"Portugal Fashion\" \/>\n<meta property=\"article:published_time\" content=\"2021-10-12T16:22:37+00:00\" \/>\n<meta property=\"article:modified_time\" content=\"2021-10-19T11:11:37+00:00\" \/>\n<meta property=\"og:image\" content=\"https:\/\/portugalfashion.com\/wp-content\/uploads\/2021\/10\/PF_BRANDUP_Online_Banner.jpg\" \/>\n\t<meta property=\"og:image:width\" content=\"1280\" \/>\n\t<meta property=\"og:image:height\" content=\"1280\" \/>\n\t<meta property=\"og:image:type\" content=\"image\/jpeg\" \/>\n<meta name=\"author\" content=\"Portugal Fashion\" \/>\n<meta name=\"twitter:card\" content=\"summary_large_image\" \/>\n<meta name=\"twitter:label1\" content=\"Written by\" \/>\n\t<meta name=\"twitter:data1\" content=\"Portugal Fashion\" \/>\n\t<meta name=\"twitter:label2\" content=\"Est. reading time\" \/>\n\t<meta name=\"twitter:data2\" content=\"1 minute\" \/>\n<script type=\"application\/ld+json\" class=\"yoast-schema-graph\">{\"@context\":\"https:\/\/schema.org\",\"@graph\":[{\"@type\":\"Article\",\"@id\":\"https:\/\/portugalfashion.com\/brandup-sessions\/#article\",\"isPartOf\":{\"@id\":\"https:\/\/portugalfashion.com\/brandup-sessions\/\"},\"author\":{\"name\":\"Portugal Fashion\",\"@id\":\"https:\/\/portugalfashion.com\/#\/schema\/person\/5c5a913b2cd594f9e7a818bd846f07f4\"},\"headline\":\"BRANDUP SESSIONS DE REGRESSO \u00c0 ALF\u00c2NDEGA DO PORTO\",\"datePublished\":\"2021-10-12T16:22:37+00:00\",\"dateModified\":\"2021-10-19T11:11:37+00:00\",\"mainEntityOfPage\":{\"@id\":\"https:\/\/portugalfashion.com\/brandup-sessions\/\"},\"wordCount\":74,\"commentCount\":0,\"publisher\":{\"@id\":\"https:\/\/portugalfashion.com\/#organization\"},\"image\":{\"@id\":\"https:\/\/portugalfashion.com\/brandup-sessions\/#primaryimage\"},\"thumbnailUrl\":\"https:\/\/portugalfashion.com\/wp-content\/uploads\/2021\/10\/PF_BRANDUP_Online_Banner.jpg\",\"keywords\":[\"BRANDUP\",\"BRANDUP SESSIONS\"],\"articleSection\":[\"Portugal Fashion\"],\"inLanguage\":\"en-GB\",\"potentialAction\":[{\"@type\":\"CommentAction\",\"name\":\"Comment\",\"target\":[\"https:\/\/portugalfashion.com\/brandup-sessions\/#respond\"]}]},{\"@type\":\"WebPage\",\"@id\":\"https:\/\/portugalfashion.com\/brandup-sessions\/\",\"url\":\"https:\/\/portugalfashion.com\/brandup-sessions\/\",\"name\":\"BRANDUP SESSIONS DE REGRESSO \u00c0 ALF\u00c2NDEGA DO PORTO - Portugal Fashion\",\"isPartOf\":{\"@id\":\"https:\/\/portugalfashion.com\/#website\"},\"primaryImageOfPage\":{\"@id\":\"https:\/\/portugalfashion.com\/brandup-sessions\/#primaryimage\"},\"image\":{\"@id\":\"https:\/\/portugalfashion.com\/brandup-sessions\/#primaryimage\"},\"thumbnailUrl\":\"https:\/\/portugalfashion.com\/wp-content\/uploads\/2021\/10\/PF_BRANDUP_Online_Banner.jpg\",\"datePublished\":\"2021-10-12T16:22:37+00:00\",\"dateModified\":\"2021-10-19T11:11:37+00:00\",\"breadcrumb\":{\"@id\":\"https:\/\/portugalfashion.com\/brandup-sessions\/#breadcrumb\"},\"inLanguage\":\"en-GB\",\"potentialAction\":[{\"@type\":\"ReadAction\",\"target\":[\"https:\/\/portugalfashion.com\/brandup-sessions\/\"]}]},{\"@type\":\"ImageObject\",\"inLanguage\":\"en-GB\",\"@id\":\"https:\/\/portugalfashion.com\/brandup-sessions\/#primaryimage\",\"url\":\"https:\/\/portugalfashion.com\/wp-content\/uploads\/2021\/10\/PF_BRANDUP_Online_Banner.jpg\",\"contentUrl\":\"https:\/\/portugalfashion.com\/wp-content\/uploads\/2021\/10\/PF_BRANDUP_Online_Banner.jpg\",\"width\":1280,\"height\":1280},{\"@type\":\"BreadcrumbList\",\"@id\":\"https:\/\/portugalfashion.com\/brandup-sessions\/#breadcrumb\",\"itemListElement\":[{\"@type\":\"ListItem\",\"position\":1,\"name\":\"Home\",\"item\":\"https:\/\/portugalfashion.com\/\"},{\"@type\":\"ListItem\",\"position\":2,\"name\":\"BRANDUP SESSIONS DE REGRESSO \u00c0 ALF\u00c2NDEGA DO PORTO\"}]},{\"@type\":\"WebSite\",\"@id\":\"https:\/\/portugalfashion.com\/#website\",\"url\":\"https:\/\/portugalfashion.com\/\",\"name\":\"Portugal Fashion\",\"description\":\"Moda e Eventos\",\"publisher\":{\"@id\":\"https:\/\/portugalfashion.com\/#organization\"},\"potentialAction\":[{\"@type\":\"SearchAction\",\"target\":{\"@type\":\"EntryPoint\",\"urlTemplate\":\"https:\/\/portugalfashion.com\/?s={search_term_string}\"},\"query-input\":{\"@type\":\"PropertyValueSpecification\",\"valueRequired\":true,\"valueName\":\"search_term_string\"}}],\"inLanguage\":\"en-GB\"},{\"@type\":\"Organization\",\"@id\":\"https:\/\/portugalfashion.com\/#organization\",\"name\":\"Portugal Fashion\",\"url\":\"https:\/\/portugalfashion.com\/\",\"logo\":{\"@type\":\"ImageObject\",\"inLanguage\":\"en-GB\",\"@id\":\"https:\/\/portugalfashion.com\/#\/schema\/logo\/image\/\",\"url\":\"http:\/\/portugalfashion.com\/wp-content\/uploads\/2021\/08\/animated-logo-pf-black.svg\",\"contentUrl\":\"http:\/\/portugalfashion.com\/wp-content\/uploads\/2021\/08\/animated-logo-pf-black.svg\",\"width\":1374,\"height\":670,\"caption\":\"Portugal Fashion\"},\"image\":{\"@id\":\"https:\/\/portugalfashion.com\/#\/schema\/logo\/image\/\"}},{\"@type\":\"Person\",\"@id\":\"https:\/\/portugalfashion.com\/#\/schema\/person\/5c5a913b2cd594f9e7a818bd846f07f4\",\"name\":\"Portugal Fashion\",\"image\":{\"@type\":\"ImageObject\",\"inLanguage\":\"en-GB\",\"@id\":\"https:\/\/portugalfashion.com\/#\/schema\/person\/image\/\",\"url\":\"https:\/\/secure.gravatar.com\/avatar\/19ad09b6e9ee39a45adcdd5009950775897e89f8c17b880c25735c933a6d97f0?s=96&d=mm&r=g\",\"contentUrl\":\"https:\/\/secure.gravatar.com\/avatar\/19ad09b6e9ee39a45adcdd5009950775897e89f8c17b880c25735c933a6d97f0?s=96&d=mm&r=g\",\"caption\":\"Portugal Fashion\"},\"sameAs\":[\"https:\/\/portugalfashion.com\"],\"url\":\"https:\/\/portugalfashion.com\/en\/author\/portugal-fashion\/\"}]}<\/script>\n<!-- \/ Yoast SEO plugin. -->","yoast_head_json":{"title":"BRANDUP SESSIONS DE REGRESSO \u00c0 ALF\u00c2NDEGA DO PORTO - Portugal Fashion","robots":{"index":"index","follow":"follow","max-snippet":"max-snippet:-1","max-image-preview":"max-image-preview:large","max-video-preview":"max-video-preview:-1"},"canonical":"https:\/\/portugalfashion.com\/en\/brandup-sessions\/","og_locale":"en_GB","og_type":"article","og_title":"BRANDUP SESSIONS DE REGRESSO \u00c0 ALF\u00c2NDEGA DO PORTO - Portugal Fashion","og_description":"PROGRAMA BRANDUP SESSIONS &#8211; ENTRADA LIVRE Brand Up Sessions\u00a0 de regresso \u00e0 Alf\u00e2ndega do Porto. Um conjunto de workshops e talks sobre temas de interesse para a ind\u00fastria da moda, com oradores de reconhecida compet\u00eancia nas suas \u00e1reas. A coordena\u00e7\u00e3o destas sess\u00f5es est\u00e1 a cargo de Ana Roncha, diretora do mestrado de Marketing Estrat\u00e9gico de [&hellip;]","og_url":"https:\/\/portugalfashion.com\/en\/brandup-sessions\/","og_site_name":"Portugal Fashion","article_published_time":"2021-10-12T16:22:37+00:00","article_modified_time":"2021-10-19T11:11:37+00:00","og_image":[{"width":1280,"height":1280,"url":"https:\/\/portugalfashion.com\/wp-content\/uploads\/2021\/10\/PF_BRANDUP_Online_Banner.jpg","type":"image\/jpeg"}],"author":"Portugal Fashion","twitter_card":"summary_large_image","twitter_misc":{"Written by":"Portugal Fashion","Est. reading time":"1 minute"},"schema":{"@context":"https:\/\/schema.org","@graph":[{"@type":"Article","@id":"https:\/\/portugalfashion.com\/brandup-sessions\/#article","isPartOf":{"@id":"https:\/\/portugalfashion.com\/brandup-sessions\/"},"author":{"name":"Portugal Fashion","@id":"https:\/\/portugalfashion.com\/#\/schema\/person\/5c5a913b2cd594f9e7a818bd846f07f4"},"headline":"BRANDUP SESSIONS DE REGRESSO \u00c0 ALF\u00c2NDEGA DO PORTO","datePublished":"2021-10-12T16:22:37+00:00","dateModified":"2021-10-19T11:11:37+00:00","mainEntityOfPage":{"@id":"https:\/\/portugalfashion.com\/brandup-sessions\/"},"wordCount":74,"commentCount":0,"publisher":{"@id":"https:\/\/portugalfashion.com\/#organization"},"image":{"@id":"https:\/\/portugalfashion.com\/brandup-sessions\/#primaryimage"},"thumbnailUrl":"https:\/\/portugalfashion.com\/wp-content\/uploads\/2021\/10\/PF_BRANDUP_Online_Banner.jpg","keywords":["BRANDUP","BRANDUP SESSIONS"],"articleSection":["Portugal Fashion"],"inLanguage":"en-GB","potentialAction":[{"@type":"CommentAction","name":"Comment","target":["https:\/\/portugalfashion.com\/brandup-sessions\/#respond"]}]},{"@type":"WebPage","@id":"https:\/\/portugalfashion.com\/brandup-sessions\/","url":"https:\/\/portugalfashion.com\/brandup-sessions\/","name":"BRANDUP SESSIONS DE REGRESSO \u00c0 ALF\u00c2NDEGA DO PORTO - Portugal Fashion","isPartOf":{"@id":"https:\/\/portugalfashion.com\/#website"},"primaryImageOfPage":{"@id":"https:\/\/portugalfashion.com\/brandup-sessions\/#primaryimage"},"image":{"@id":"https:\/\/portugalfashion.com\/brandup-sessions\/#primaryimage"},"thumbnailUrl":"https:\/\/portugalfashion.com\/wp-content\/uploads\/2021\/10\/PF_BRANDUP_Online_Banner.jpg","datePublished":"2021-10-12T16:22:37+00:00","dateModified":"2021-10-19T11:11:37+00:00","breadcrumb":{"@id":"https:\/\/portugalfashion.com\/brandup-sessions\/#breadcrumb"},"inLanguage":"en-GB","potentialAction":[{"@type":"ReadAction","target":["https:\/\/portugalfashion.com\/brandup-sessions\/"]}]},{"@type":"ImageObject","inLanguage":"en-GB","@id":"https:\/\/portugalfashion.com\/brandup-sessions\/#primaryimage","url":"https:\/\/portugalfashion.com\/wp-content\/uploads\/2021\/10\/PF_BRANDUP_Online_Banner.jpg","contentUrl":"https:\/\/portugalfashion.com\/wp-content\/uploads\/2021\/10\/PF_BRANDUP_Online_Banner.jpg","width":1280,"height":1280},{"@type":"BreadcrumbList","@id":"https:\/\/portugalfashion.com\/brandup-sessions\/#breadcrumb","itemListElement":[{"@type":"ListItem","position":1,"name":"Home","item":"https:\/\/portugalfashion.com\/"},{"@type":"ListItem","position":2,"name":"BRANDUP SESSIONS DE REGRESSO \u00c0 ALF\u00c2NDEGA DO PORTO"}]},{"@type":"WebSite","@id":"https:\/\/portugalfashion.com\/#website","url":"https:\/\/portugalfashion.com\/","name":"Portugal Fashion","description":"Moda e Eventos","publisher":{"@id":"https:\/\/portugalfashion.com\/#organization"},"potentialAction":[{"@type":"SearchAction","target":{"@type":"EntryPoint","urlTemplate":"https:\/\/portugalfashion.com\/?s={search_term_string}"},"query-input":{"@type":"PropertyValueSpecification","valueRequired":true,"valueName":"search_term_string"}}],"inLanguage":"en-GB"},{"@type":"Organization","@id":"https:\/\/portugalfashion.com\/#organization","name":"Portugal Fashion","url":"https:\/\/portugalfashion.com\/","logo":{"@type":"ImageObject","inLanguage":"en-GB","@id":"https:\/\/portugalfashion.com\/#\/schema\/logo\/image\/","url":"http:\/\/portugalfashion.com\/wp-content\/uploads\/2021\/08\/animated-logo-pf-black.svg","contentUrl":"http:\/\/portugalfashion.com\/wp-content\/uploads\/2021\/08\/animated-logo-pf-black.svg","width":1374,"height":670,"caption":"Portugal Fashion"},"image":{"@id":"https:\/\/portugalfashion.com\/#\/schema\/logo\/image\/"}},{"@type":"Person","@id":"https:\/\/portugalfashion.com\/#\/schema\/person\/5c5a913b2cd594f9e7a818bd846f07f4","name":"Portugal Fashion","image":{"@type":"ImageObject","inLanguage":"en-GB","@id":"https:\/\/portugalfashion.com\/#\/schema\/person\/image\/","url":"https:\/\/secure.gravatar.com\/avatar\/19ad09b6e9ee39a45adcdd5009950775897e89f8c17b880c25735c933a6d97f0?s=96&d=mm&r=g","contentUrl":"https:\/\/secure.gravatar.com\/avatar\/19ad09b6e9ee39a45adcdd5009950775897e89f8c17b880c25735c933a6d97f0?s=96&d=mm&r=g","caption":"Portugal Fashion"},"sameAs":["https:\/\/portugalfashion.com"],"url":"https:\/\/portugalfashion.com\/en\/author\/portugal-fashion\/"}]}},"_links":{"self":[{"href":"https:\/\/portugalfashion.com\/en\/wp-json\/wp\/v2\/posts\/10803","targetHints":{"allow":["GET"]}}],"collection":[{"href":"https:\/\/portugalfashion.com\/en\/wp-json\/wp\/v2\/posts"}],"about":[{"href":"https:\/\/portugalfashion.com\/en\/wp-json\/wp\/v2\/types\/post"}],"author":[{"embeddable":true,"href":"https:\/\/portugalfashion.com\/en\/wp-json\/wp\/v2\/users\/5"}],"replies":[{"embeddable":true,"href":"https:\/\/portugalfashion.com\/en\/wp-json\/wp\/v2\/comments?post=10803"}],"version-history":[{"count":3,"href":"https:\/\/portugalfashion.com\/en\/wp-json\/wp\/v2\/posts\/10803\/revisions"}],"predecessor-version":[{"id":10830,"href":"https:\/\/portugalfashion.com\/en\/wp-json\/wp\/v2\/posts\/10803\/revisions\/10830"}],"wp:featuredmedia":[{"embeddable":true,"href":"https:\/\/portugalfashion.com\/en\/wp-json\/wp\/v2\/media\/10805"}],"wp:attachment":[{"href":"https:\/\/portugalfashion.com\/en\/wp-json\/wp\/v2\/media?parent=10803"}],"wp:term":[{"taxonomy":"category","embeddable":true,"href":"https:\/\/portugalfashion.com\/en\/wp-json\/wp\/v2\/categories?post=10803"},{"taxonomy":"post_tag","embeddable":true,"href":"https:\/\/portugalfashion.com\/en\/wp-json\/wp\/v2\/tags?post=10803"}],"curies":[{"name":"wp","href":"https:\/\/api.w.org\/{rel}","templated":true}]}}