{"id":1143,"date":"2020-08-05T16:45:18","date_gmt":"2020-08-05T16:45:18","guid":{"rendered":"https:\/\/portugalfashion.com\/new-portugalfashion\/?p=1143"},"modified":"2026-02-09T12:05:22","modified_gmt":"2026-02-09T12:05:22","slug":"springkode-e-portugal-fashion-lancam-o-seu-primeiro-projeto-de-ligacao-entre-industria-e-moda","status":"publish","type":"post","link":"https:\/\/portugalfashion.com\/en\/springkode-e-portugal-fashion-lancam-o-seu-primeiro-projeto-de-ligacao-entre-industria-e-moda\/","title":{"rendered":"SPRINGKODE E PORTUGAL FASHION LAN\u00c7AM O SEU PRIMEIRO PROJETO DE LIGA\u00c7\u00c3O ENTRE IND\u00daSTRIA E MODA"},"content":{"rendered":"<p style=\"text-align: left;\">A Springkode, empresa portuguesa pioneira de e-commerce que liga o consumidor final a uma rede das melhores f\u00e1bricas de confe\u00e7\u00e3o t\u00eaxtil nacional, e o Portugal Fashion acabam de lan\u00e7ar o primeiro projeto de uma colabora\u00e7\u00e3o estruturada e in\u00e9dita. Trata-se da cole\u00e7\u00e3o &#8220;Vis\u00e3o\u201d &#8211; uma parceria internacional onde a rastreabilidade e transpar\u00eancia s\u00e3o elevadas ao expoente. Uma cole\u00e7\u00e3o c\u00e1psula 100% Europeia, 100% Rastre\u00e1vel e Transparente, desenhada pela designer portuguesa Katty Xiomara e com algod\u00e3o cultivado na Gr\u00e9cia.<\/p>\n<p style=\"text-align: left;\">Para este projeto a Springkode juntou os produtores de algod\u00e3o gregos Varvaressos, a produtora de malhas portuguesa Hata, a tinturaria portuguesa Tintex, a designer portuguesa Katty Xiomara e a confe\u00e7\u00e3o portuguesa Bless Internacional. A uni-los, a vontade comum de reformular a forma como a ind\u00fastria da moda funciona e uma consci\u00eancia \u00e9tica que os compele a serem atores da mudan\u00e7a. Este \u00e9 o primeiro projeto do Protocolo de Parceria assinado entre a Springkode e o Portugal Fashion, que pretende explorar todo o potencial da liga\u00e7\u00e3o entre a ind\u00fastria e os designers portugueses.<\/p>\n<p style=\"text-align: left;\">&#8220;A Springkode \u00e9 uma plataforma com um prop\u00f3sito claro de repensar e reformular a ind\u00fastria da moda e de a conectar ao consumidor final de uma forma sustent\u00e1vel. Queremos mostrar que \u00e9 poss\u00edvel e economicamente vi\u00e1vel trabalhar de forma 100% rastre\u00e1vel, transparente e caminhar para a sustentabilidade da ind\u00fastria da moda\u201d, afirma Reinaldo Moreira, respons\u00e1vel pela Springkode, acrescentando ainda que &#8220;somos uma plataforma online que conecta o consumidor consciente e informado a uma rede de f\u00e1bricas e criadores com foco na qualidade e na sustentabilidade. A nossa comunidade de f\u00e1bricas associada \u00e0 comunidade de designers do Portugal Fashion est\u00e1 carregada de potencial disruptivo e inovador. \u201d<\/p>\n<p style=\"text-align: left;\">M\u00f3nica Neto, diretora do Portugal Fashion salienta que &#8220;a colabora\u00e7\u00e3o Springkode X Portugal Fashion se enquandra como pilar estrat\u00e9gico do nosso projeto e que, em pleno ano de 25\u00ba anivers\u00e1rio, acreditamos que temos de revisitar e refor\u00e7ar &#8211; a liga\u00e7\u00e3o entre designers e ind\u00fastria. Uma liga\u00e7\u00e3o que com a Sprinkode e com o Portugal Fashion pode encontrar um circulo completo e sustent\u00e1vel, visto estar garantido o acesso ao consumidor, atrav\u00e9s de uma plataforma digital, proporcionando a todos os players comunica\u00e7\u00e3o e visibilidade no segmento moda, trabalhando, de raiz, produtos de valor acrescentado, norteados por princ\u00edpios sustent\u00e1veis, com total garantia da qualidade de produ\u00e7\u00e3o nacional\u201d.<\/p>\n<p style=\"text-align: left;\">\u2018Dos campos de algod\u00e3o para a tua casa\u2019\u00a0serve de mote para este projeto t\u00e3o audaz que permite ao consumidor final conhecer os processos envolvidos na cria\u00e7\u00e3o da pe\u00e7a que est\u00e1 a usar atrav\u00e9s de um QR Code que acompanha cada uma delas. Uma cole\u00e7\u00e3o produzida com recurso a malhas 100% algod\u00e3o Supreme Green Cotton, plantado e tratado pela Varvaressos S.A., na Gr\u00e9cia.\u00a0 Um processo produtivo que recorre a sementes que n\u00e3o foram geneticamente modificadas e que na sua cadeia consome 40% menos \u00e1gua, utiliza mais de 20% de energia de fontes renov\u00e1veis, poupando enormes quantidades de CO2 e energia. O fio de algod\u00e3o \u00e9 posteriormente transformado em malha pela HATA, em Viana do Castelo e tingido pela Tintex Textiles S.A., em Vila Nova de Cerveira. A cria\u00e7\u00e3o e desenvolvimento da cole\u00e7\u00e3o foi feita pela designer de moda Katty Xiomara e a confe\u00e7\u00e3o realizada pela Bless Internacional, em Guimar\u00e3es. Cabe \u00e0 Springkode a coordena\u00e7\u00e3o de projeto, a sua implementa\u00e7\u00e3o e faz\u00ea-lo chegar ao consumidor final em mais de 70 pa\u00edses, atrav\u00e9s da sua plataforma online\u00a0<a href=\"http:\/\/www.springkode.com\/\" target=\"_blank\" rel=\"noopener\">www.springkode.com<\/a>.<\/p>\n<p style=\"text-align: left;\">As pe\u00e7as desta cole\u00e7\u00e3o est\u00e3o dispon\u00edveis para compra atrav\u00e9s do site da Springkode e em regime de pr\u00e9-encomenda, o que torna o projeto ainda mais sustent\u00e1vel: s\u00f3 ser\u00e3o produzidas as pe\u00e7as que forem vendidas. At\u00e9 ao dia 7 de Setembro qualquer pessoa pode aceder ao site e adquirir a sua pe\u00e7a preferida, que ser\u00e1 posteriormente confecionada e entregue no final do m\u00eas de Setembro.<\/p>\n<p style=\"text-align: left;\">Para a Bless Internacional este projeto vem &#8220;mostrar a qualidade que o nosso pa\u00eds tem nos diferentes sectores e potenciar ao mesmo tempo a visibilidade de cada uma das empresas intervenientes.\u201d diz a CEO S\u00edlvia Costa.<\/p>\n<p style=\"text-align: left;\">Ricardo Silva, CEO da Tintex comenta: &#8220;A sustentabilidade est\u00e1 aqui para valer e esta foi uma forma muito efetiva de provar que assim o \u00e9 e que h\u00e1 caminhos inteligentes de trazer ao mundo e a cada consumidor uma produ\u00e7\u00e3o sustent\u00e1vel de bom gosto, acess\u00edvel a todos.\u201d<\/p>\n<p style=\"text-align: left;\">A coopera\u00e7\u00e3o direta entre designer e f\u00e1brica desencadeia a parceria da Springkode com o Portugal Fashion, que nasce com o intuito de incentivar designers e fabricantes a desenvolverem cole\u00e7\u00f5es exclusivas, aliando a criatividade \u00e0 experi\u00eancia e know-how de d\u00e9cadas. &#8220;Sinto que esta experi\u00eancia pode ser muito importante, pois poder\u00e1 ajudar a corrigir a falta de comunica\u00e7\u00e3o e entendimento que existe entre a ind\u00fastria t\u00eaxtil e os criativos. Estas a\u00e7\u00f5es feitas em cont\u00ednuo e com rotatividade podem amplificar as capacidades e o alcance da moda portuguesa.\u201d, Katty Xiomara.<\/p>\n<p style=\"text-align: left;\">O Projeto Vis\u00e3o \u00e9 muito mais do que uma cole\u00e7\u00e3o de roupa. Vem para quebrar barreiras, estigmas, paradigmas e conven\u00e7\u00f5es. O futuro est\u00e1 aqui, \u00e9 digital, \u00e9 inclusivo, transparente e consciente.<\/p>","protected":false},"excerpt":{"rendered":"<p>A Springkode, empresa portuguesa pioneira de e-commerce que liga o consumidor final a uma rede das melhores f\u00e1bricas de confe\u00e7\u00e3o t\u00eaxtil nacional, e o Portugal Fashion acabam de lan\u00e7ar o primeiro projeto de uma colabora\u00e7\u00e3o estruturada e in\u00e9dita. Trata-se da cole\u00e7\u00e3o &#8220;Vis\u00e3o\u201d &#8211; uma parceria internacional onde a rastreabilidade e transpar\u00eancia s\u00e3o elevadas ao expoente. [&hellip;]<\/p>","protected":false},"author":5,"featured_media":1148,"comment_status":"open","ping_status":"open","sticky":false,"template":"","format":"standard","meta":{"_acf_changed":false,"_monsterinsights_skip_tracking":false,"_monsterinsights_sitenote_active":false,"_monsterinsights_sitenote_note":"","_monsterinsights_sitenote_category":0,"footnotes":""},"categories":[20],"tags":[],"class_list":["post-1143","post","type-post","status-publish","format-standard","has-post-thumbnail","hentry","category-portugal-fashion-pt"],"acf":[],"yoast_head":"<!-- This site is optimized with the Yoast SEO plugin v24.2 - https:\/\/yoast.com\/wordpress\/plugins\/seo\/ -->\n<title>SPRINGKODE E PORTUGAL FASHION LAN\u00c7AM O SEU PRIMEIRO PROJETO DE LIGA\u00c7\u00c3O ENTRE IND\u00daSTRIA E MODA - Portugal Fashion<\/title>\n<meta name=\"robots\" content=\"index, follow, max-snippet:-1, max-image-preview:large, max-video-preview:-1\" \/>\n<link rel=\"canonical\" href=\"https:\/\/portugalfashion.com\/en\/springkode-e-portugal-fashion-lancam-o-seu-primeiro-projeto-de-ligacao-entre-industria-e-moda\/\" \/>\n<meta property=\"og:locale\" content=\"en_GB\" \/>\n<meta property=\"og:type\" content=\"article\" \/>\n<meta property=\"og:title\" content=\"SPRINGKODE E PORTUGAL FASHION LAN\u00c7AM O SEU PRIMEIRO PROJETO DE LIGA\u00c7\u00c3O ENTRE IND\u00daSTRIA E MODA - Portugal Fashion\" \/>\n<meta property=\"og:description\" content=\"A Springkode, empresa portuguesa pioneira de e-commerce que liga o consumidor final a uma rede das melhores f\u00e1bricas de confe\u00e7\u00e3o t\u00eaxtil nacional, e o Portugal Fashion acabam de lan\u00e7ar o primeiro projeto de uma colabora\u00e7\u00e3o estruturada e in\u00e9dita. Trata-se da cole\u00e7\u00e3o &#8220;Vis\u00e3o\u201d &#8211; uma parceria internacional onde a rastreabilidade e transpar\u00eancia s\u00e3o elevadas ao expoente. [&hellip;]\" \/>\n<meta property=\"og:url\" content=\"https:\/\/portugalfashion.com\/en\/springkode-e-portugal-fashion-lancam-o-seu-primeiro-projeto-de-ligacao-entre-industria-e-moda\/\" \/>\n<meta property=\"og:site_name\" content=\"Portugal Fashion\" \/>\n<meta property=\"article:published_time\" content=\"2020-08-05T16:45:18+00:00\" \/>\n<meta property=\"article:modified_time\" content=\"2026-02-09T12:05:22+00:00\" \/>\n<meta property=\"og:image\" content=\"https:\/\/portugalfashion.com\/wp-content\/uploads\/2021\/08\/1d7a0532leve_3432406395f3d2686336f8.jpg\" \/>\n\t<meta property=\"og:image:width\" content=\"420\" \/>\n\t<meta property=\"og:image:height\" content=\"260\" \/>\n\t<meta property=\"og:image:type\" content=\"image\/jpeg\" \/>\n<meta name=\"author\" content=\"Portugal Fashion\" \/>\n<meta name=\"twitter:card\" content=\"summary_large_image\" \/>\n<meta name=\"twitter:label1\" content=\"Written by\" \/>\n\t<meta name=\"twitter:data1\" content=\"Portugal Fashion\" \/>\n\t<meta name=\"twitter:label2\" content=\"Est. reading time\" \/>\n\t<meta name=\"twitter:data2\" content=\"4 minutes\" \/>\n<script type=\"application\/ld+json\" class=\"yoast-schema-graph\">{\"@context\":\"https:\/\/schema.org\",\"@graph\":[{\"@type\":\"Article\",\"@id\":\"https:\/\/portugalfashion.com\/springkode-e-portugal-fashion-lancam-o-seu-primeiro-projeto-de-ligacao-entre-industria-e-moda\/#article\",\"isPartOf\":{\"@id\":\"https:\/\/portugalfashion.com\/springkode-e-portugal-fashion-lancam-o-seu-primeiro-projeto-de-ligacao-entre-industria-e-moda\/\"},\"author\":{\"name\":\"Portugal Fashion\",\"@id\":\"https:\/\/portugalfashion.com\/#\/schema\/person\/5c5a913b2cd594f9e7a818bd846f07f4\"},\"headline\":\"SPRINGKODE E PORTUGAL FASHION LAN\u00c7AM O SEU PRIMEIRO PROJETO DE LIGA\u00c7\u00c3O ENTRE IND\u00daSTRIA E MODA\",\"datePublished\":\"2020-08-05T16:45:18+00:00\",\"dateModified\":\"2026-02-09T12:05:22+00:00\",\"mainEntityOfPage\":{\"@id\":\"https:\/\/portugalfashion.com\/springkode-e-portugal-fashion-lancam-o-seu-primeiro-projeto-de-ligacao-entre-industria-e-moda\/\"},\"wordCount\":916,\"commentCount\":0,\"publisher\":{\"@id\":\"https:\/\/portugalfashion.com\/#organization\"},\"image\":{\"@id\":\"https:\/\/portugalfashion.com\/springkode-e-portugal-fashion-lancam-o-seu-primeiro-projeto-de-ligacao-entre-industria-e-moda\/#primaryimage\"},\"thumbnailUrl\":\"https:\/\/portugalfashion.com\/wp-content\/uploads\/2021\/08\/1d7a0532leve_3432406395f3d2686336f8.jpg\",\"articleSection\":[\"Portugal Fashion\"],\"inLanguage\":\"en-GB\",\"potentialAction\":[{\"@type\":\"CommentAction\",\"name\":\"Comment\",\"target\":[\"https:\/\/portugalfashion.com\/springkode-e-portugal-fashion-lancam-o-seu-primeiro-projeto-de-ligacao-entre-industria-e-moda\/#respond\"]}]},{\"@type\":\"WebPage\",\"@id\":\"https:\/\/portugalfashion.com\/springkode-e-portugal-fashion-lancam-o-seu-primeiro-projeto-de-ligacao-entre-industria-e-moda\/\",\"url\":\"https:\/\/portugalfashion.com\/springkode-e-portugal-fashion-lancam-o-seu-primeiro-projeto-de-ligacao-entre-industria-e-moda\/\",\"name\":\"SPRINGKODE E PORTUGAL FASHION LAN\u00c7AM O SEU PRIMEIRO PROJETO DE LIGA\u00c7\u00c3O ENTRE IND\u00daSTRIA E MODA - Portugal Fashion\",\"isPartOf\":{\"@id\":\"https:\/\/portugalfashion.com\/#website\"},\"primaryImageOfPage\":{\"@id\":\"https:\/\/portugalfashion.com\/springkode-e-portugal-fashion-lancam-o-seu-primeiro-projeto-de-ligacao-entre-industria-e-moda\/#primaryimage\"},\"image\":{\"@id\":\"https:\/\/portugalfashion.com\/springkode-e-portugal-fashion-lancam-o-seu-primeiro-projeto-de-ligacao-entre-industria-e-moda\/#primaryimage\"},\"thumbnailUrl\":\"https:\/\/portugalfashion.com\/wp-content\/uploads\/2021\/08\/1d7a0532leve_3432406395f3d2686336f8.jpg\",\"datePublished\":\"2020-08-05T16:45:18+00:00\",\"dateModified\":\"2026-02-09T12:05:22+00:00\",\"breadcrumb\":{\"@id\":\"https:\/\/portugalfashion.com\/springkode-e-portugal-fashion-lancam-o-seu-primeiro-projeto-de-ligacao-entre-industria-e-moda\/#breadcrumb\"},\"inLanguage\":\"en-GB\",\"potentialAction\":[{\"@type\":\"ReadAction\",\"target\":[\"https:\/\/portugalfashion.com\/springkode-e-portugal-fashion-lancam-o-seu-primeiro-projeto-de-ligacao-entre-industria-e-moda\/\"]}]},{\"@type\":\"ImageObject\",\"inLanguage\":\"en-GB\",\"@id\":\"https:\/\/portugalfashion.com\/springkode-e-portugal-fashion-lancam-o-seu-primeiro-projeto-de-ligacao-entre-industria-e-moda\/#primaryimage\",\"url\":\"https:\/\/portugalfashion.com\/wp-content\/uploads\/2021\/08\/1d7a0532leve_3432406395f3d2686336f8.jpg\",\"contentUrl\":\"https:\/\/portugalfashion.com\/wp-content\/uploads\/2021\/08\/1d7a0532leve_3432406395f3d2686336f8.jpg\",\"width\":420,\"height\":260},{\"@type\":\"BreadcrumbList\",\"@id\":\"https:\/\/portugalfashion.com\/springkode-e-portugal-fashion-lancam-o-seu-primeiro-projeto-de-ligacao-entre-industria-e-moda\/#breadcrumb\",\"itemListElement\":[{\"@type\":\"ListItem\",\"position\":1,\"name\":\"Home\",\"item\":\"https:\/\/portugalfashion.com\/\"},{\"@type\":\"ListItem\",\"position\":2,\"name\":\"SPRINGKODE E PORTUGAL FASHION LAN\u00c7AM O SEU PRIMEIRO PROJETO DE LIGA\u00c7\u00c3O ENTRE IND\u00daSTRIA E MODA\"}]},{\"@type\":\"WebSite\",\"@id\":\"https:\/\/portugalfashion.com\/#website\",\"url\":\"https:\/\/portugalfashion.com\/\",\"name\":\"Portugal Fashion\",\"description\":\"Moda e Eventos\",\"publisher\":{\"@id\":\"https:\/\/portugalfashion.com\/#organization\"},\"potentialAction\":[{\"@type\":\"SearchAction\",\"target\":{\"@type\":\"EntryPoint\",\"urlTemplate\":\"https:\/\/portugalfashion.com\/?s={search_term_string}\"},\"query-input\":{\"@type\":\"PropertyValueSpecification\",\"valueRequired\":true,\"valueName\":\"search_term_string\"}}],\"inLanguage\":\"en-GB\"},{\"@type\":\"Organization\",\"@id\":\"https:\/\/portugalfashion.com\/#organization\",\"name\":\"Portugal Fashion\",\"url\":\"https:\/\/portugalfashion.com\/\",\"logo\":{\"@type\":\"ImageObject\",\"inLanguage\":\"en-GB\",\"@id\":\"https:\/\/portugalfashion.com\/#\/schema\/logo\/image\/\",\"url\":\"http:\/\/portugalfashion.com\/wp-content\/uploads\/2021\/08\/animated-logo-pf-black.svg\",\"contentUrl\":\"http:\/\/portugalfashion.com\/wp-content\/uploads\/2021\/08\/animated-logo-pf-black.svg\",\"width\":1374,\"height\":670,\"caption\":\"Portugal Fashion\"},\"image\":{\"@id\":\"https:\/\/portugalfashion.com\/#\/schema\/logo\/image\/\"}},{\"@type\":\"Person\",\"@id\":\"https:\/\/portugalfashion.com\/#\/schema\/person\/5c5a913b2cd594f9e7a818bd846f07f4\",\"name\":\"Portugal Fashion\",\"image\":{\"@type\":\"ImageObject\",\"inLanguage\":\"en-GB\",\"@id\":\"https:\/\/portugalfashion.com\/#\/schema\/person\/image\/\",\"url\":\"https:\/\/secure.gravatar.com\/avatar\/19ad09b6e9ee39a45adcdd5009950775897e89f8c17b880c25735c933a6d97f0?s=96&d=mm&r=g\",\"contentUrl\":\"https:\/\/secure.gravatar.com\/avatar\/19ad09b6e9ee39a45adcdd5009950775897e89f8c17b880c25735c933a6d97f0?s=96&d=mm&r=g\",\"caption\":\"Portugal Fashion\"},\"sameAs\":[\"https:\/\/portugalfashion.com\"],\"url\":\"https:\/\/portugalfashion.com\/en\/author\/portugal-fashion\/\"}]}<\/script>\n<!-- \/ Yoast SEO plugin. -->","yoast_head_json":{"title":"SPRINGKODE E PORTUGAL FASHION LAN\u00c7AM O SEU PRIMEIRO PROJETO DE LIGA\u00c7\u00c3O ENTRE IND\u00daSTRIA E MODA - Portugal Fashion","robots":{"index":"index","follow":"follow","max-snippet":"max-snippet:-1","max-image-preview":"max-image-preview:large","max-video-preview":"max-video-preview:-1"},"canonical":"https:\/\/portugalfashion.com\/en\/springkode-e-portugal-fashion-lancam-o-seu-primeiro-projeto-de-ligacao-entre-industria-e-moda\/","og_locale":"en_GB","og_type":"article","og_title":"SPRINGKODE E PORTUGAL FASHION LAN\u00c7AM O SEU PRIMEIRO PROJETO DE LIGA\u00c7\u00c3O ENTRE IND\u00daSTRIA E MODA - Portugal Fashion","og_description":"A Springkode, empresa portuguesa pioneira de e-commerce que liga o consumidor final a uma rede das melhores f\u00e1bricas de confe\u00e7\u00e3o t\u00eaxtil nacional, e o Portugal Fashion acabam de lan\u00e7ar o primeiro projeto de uma colabora\u00e7\u00e3o estruturada e in\u00e9dita. Trata-se da cole\u00e7\u00e3o &#8220;Vis\u00e3o\u201d &#8211; uma parceria internacional onde a rastreabilidade e transpar\u00eancia s\u00e3o elevadas ao expoente. [&hellip;]","og_url":"https:\/\/portugalfashion.com\/en\/springkode-e-portugal-fashion-lancam-o-seu-primeiro-projeto-de-ligacao-entre-industria-e-moda\/","og_site_name":"Portugal Fashion","article_published_time":"2020-08-05T16:45:18+00:00","article_modified_time":"2026-02-09T12:05:22+00:00","og_image":[{"width":420,"height":260,"url":"https:\/\/portugalfashion.com\/wp-content\/uploads\/2021\/08\/1d7a0532leve_3432406395f3d2686336f8.jpg","type":"image\/jpeg"}],"author":"Portugal Fashion","twitter_card":"summary_large_image","twitter_misc":{"Written by":"Portugal Fashion","Est. reading time":"4 minutes"},"schema":{"@context":"https:\/\/schema.org","@graph":[{"@type":"Article","@id":"https:\/\/portugalfashion.com\/springkode-e-portugal-fashion-lancam-o-seu-primeiro-projeto-de-ligacao-entre-industria-e-moda\/#article","isPartOf":{"@id":"https:\/\/portugalfashion.com\/springkode-e-portugal-fashion-lancam-o-seu-primeiro-projeto-de-ligacao-entre-industria-e-moda\/"},"author":{"name":"Portugal Fashion","@id":"https:\/\/portugalfashion.com\/#\/schema\/person\/5c5a913b2cd594f9e7a818bd846f07f4"},"headline":"SPRINGKODE E PORTUGAL FASHION LAN\u00c7AM O SEU PRIMEIRO PROJETO DE LIGA\u00c7\u00c3O ENTRE IND\u00daSTRIA E MODA","datePublished":"2020-08-05T16:45:18+00:00","dateModified":"2026-02-09T12:05:22+00:00","mainEntityOfPage":{"@id":"https:\/\/portugalfashion.com\/springkode-e-portugal-fashion-lancam-o-seu-primeiro-projeto-de-ligacao-entre-industria-e-moda\/"},"wordCount":916,"commentCount":0,"publisher":{"@id":"https:\/\/portugalfashion.com\/#organization"},"image":{"@id":"https:\/\/portugalfashion.com\/springkode-e-portugal-fashion-lancam-o-seu-primeiro-projeto-de-ligacao-entre-industria-e-moda\/#primaryimage"},"thumbnailUrl":"https:\/\/portugalfashion.com\/wp-content\/uploads\/2021\/08\/1d7a0532leve_3432406395f3d2686336f8.jpg","articleSection":["Portugal Fashion"],"inLanguage":"en-GB","potentialAction":[{"@type":"CommentAction","name":"Comment","target":["https:\/\/portugalfashion.com\/springkode-e-portugal-fashion-lancam-o-seu-primeiro-projeto-de-ligacao-entre-industria-e-moda\/#respond"]}]},{"@type":"WebPage","@id":"https:\/\/portugalfashion.com\/springkode-e-portugal-fashion-lancam-o-seu-primeiro-projeto-de-ligacao-entre-industria-e-moda\/","url":"https:\/\/portugalfashion.com\/springkode-e-portugal-fashion-lancam-o-seu-primeiro-projeto-de-ligacao-entre-industria-e-moda\/","name":"SPRINGKODE E PORTUGAL FASHION LAN\u00c7AM O SEU PRIMEIRO PROJETO DE LIGA\u00c7\u00c3O ENTRE IND\u00daSTRIA E MODA - Portugal Fashion","isPartOf":{"@id":"https:\/\/portugalfashion.com\/#website"},"primaryImageOfPage":{"@id":"https:\/\/portugalfashion.com\/springkode-e-portugal-fashion-lancam-o-seu-primeiro-projeto-de-ligacao-entre-industria-e-moda\/#primaryimage"},"image":{"@id":"https:\/\/portugalfashion.com\/springkode-e-portugal-fashion-lancam-o-seu-primeiro-projeto-de-ligacao-entre-industria-e-moda\/#primaryimage"},"thumbnailUrl":"https:\/\/portugalfashion.com\/wp-content\/uploads\/2021\/08\/1d7a0532leve_3432406395f3d2686336f8.jpg","datePublished":"2020-08-05T16:45:18+00:00","dateModified":"2026-02-09T12:05:22+00:00","breadcrumb":{"@id":"https:\/\/portugalfashion.com\/springkode-e-portugal-fashion-lancam-o-seu-primeiro-projeto-de-ligacao-entre-industria-e-moda\/#breadcrumb"},"inLanguage":"en-GB","potentialAction":[{"@type":"ReadAction","target":["https:\/\/portugalfashion.com\/springkode-e-portugal-fashion-lancam-o-seu-primeiro-projeto-de-ligacao-entre-industria-e-moda\/"]}]},{"@type":"ImageObject","inLanguage":"en-GB","@id":"https:\/\/portugalfashion.com\/springkode-e-portugal-fashion-lancam-o-seu-primeiro-projeto-de-ligacao-entre-industria-e-moda\/#primaryimage","url":"https:\/\/portugalfashion.com\/wp-content\/uploads\/2021\/08\/1d7a0532leve_3432406395f3d2686336f8.jpg","contentUrl":"https:\/\/portugalfashion.com\/wp-content\/uploads\/2021\/08\/1d7a0532leve_3432406395f3d2686336f8.jpg","width":420,"height":260},{"@type":"BreadcrumbList","@id":"https:\/\/portugalfashion.com\/springkode-e-portugal-fashion-lancam-o-seu-primeiro-projeto-de-ligacao-entre-industria-e-moda\/#breadcrumb","itemListElement":[{"@type":"ListItem","position":1,"name":"Home","item":"https:\/\/portugalfashion.com\/"},{"@type":"ListItem","position":2,"name":"SPRINGKODE E PORTUGAL FASHION LAN\u00c7AM O SEU PRIMEIRO PROJETO DE LIGA\u00c7\u00c3O ENTRE IND\u00daSTRIA E MODA"}]},{"@type":"WebSite","@id":"https:\/\/portugalfashion.com\/#website","url":"https:\/\/portugalfashion.com\/","name":"Portugal Fashion","description":"Moda e Eventos","publisher":{"@id":"https:\/\/portugalfashion.com\/#organization"},"potentialAction":[{"@type":"SearchAction","target":{"@type":"EntryPoint","urlTemplate":"https:\/\/portugalfashion.com\/?s={search_term_string}"},"query-input":{"@type":"PropertyValueSpecification","valueRequired":true,"valueName":"search_term_string"}}],"inLanguage":"en-GB"},{"@type":"Organization","@id":"https:\/\/portugalfashion.com\/#organization","name":"Portugal Fashion","url":"https:\/\/portugalfashion.com\/","logo":{"@type":"ImageObject","inLanguage":"en-GB","@id":"https:\/\/portugalfashion.com\/#\/schema\/logo\/image\/","url":"http:\/\/portugalfashion.com\/wp-content\/uploads\/2021\/08\/animated-logo-pf-black.svg","contentUrl":"http:\/\/portugalfashion.com\/wp-content\/uploads\/2021\/08\/animated-logo-pf-black.svg","width":1374,"height":670,"caption":"Portugal Fashion"},"image":{"@id":"https:\/\/portugalfashion.com\/#\/schema\/logo\/image\/"}},{"@type":"Person","@id":"https:\/\/portugalfashion.com\/#\/schema\/person\/5c5a913b2cd594f9e7a818bd846f07f4","name":"Portugal Fashion","image":{"@type":"ImageObject","inLanguage":"en-GB","@id":"https:\/\/portugalfashion.com\/#\/schema\/person\/image\/","url":"https:\/\/secure.gravatar.com\/avatar\/19ad09b6e9ee39a45adcdd5009950775897e89f8c17b880c25735c933a6d97f0?s=96&d=mm&r=g","contentUrl":"https:\/\/secure.gravatar.com\/avatar\/19ad09b6e9ee39a45adcdd5009950775897e89f8c17b880c25735c933a6d97f0?s=96&d=mm&r=g","caption":"Portugal Fashion"},"sameAs":["https:\/\/portugalfashion.com"],"url":"https:\/\/portugalfashion.com\/en\/author\/portugal-fashion\/"}]}},"_links":{"self":[{"href":"https:\/\/portugalfashion.com\/en\/wp-json\/wp\/v2\/posts\/1143","targetHints":{"allow":["GET"]}}],"collection":[{"href":"https:\/\/portugalfashion.com\/en\/wp-json\/wp\/v2\/posts"}],"about":[{"href":"https:\/\/portugalfashion.com\/en\/wp-json\/wp\/v2\/types\/post"}],"author":[{"embeddable":true,"href":"https:\/\/portugalfashion.com\/en\/wp-json\/wp\/v2\/users\/5"}],"replies":[{"embeddable":true,"href":"https:\/\/portugalfashion.com\/en\/wp-json\/wp\/v2\/comments?post=1143"}],"version-history":[{"count":4,"href":"https:\/\/portugalfashion.com\/en\/wp-json\/wp\/v2\/posts\/1143\/revisions"}],"predecessor-version":[{"id":19574,"href":"https:\/\/portugalfashion.com\/en\/wp-json\/wp\/v2\/posts\/1143\/revisions\/19574"}],"wp:featuredmedia":[{"embeddable":true,"href":"https:\/\/portugalfashion.com\/en\/wp-json\/wp\/v2\/media\/1148"}],"wp:attachment":[{"href":"https:\/\/portugalfashion.com\/en\/wp-json\/wp\/v2\/media?parent=1143"}],"wp:term":[{"taxonomy":"category","embeddable":true,"href":"https:\/\/portugalfashion.com\/en\/wp-json\/wp\/v2\/categories?post=1143"},{"taxonomy":"post_tag","embeddable":true,"href":"https:\/\/portugalfashion.com\/en\/wp-json\/wp\/v2\/tags?post=1143"}],"curies":[{"name":"wp","href":"https:\/\/api.w.org\/{rel}","templated":true}]}}