{"id":1169,"date":"2020-03-24T16:57:43","date_gmt":"2020-03-24T16:57:43","guid":{"rendered":"https:\/\/portugalfashion.com\/new-portugalfashion\/?p=1169"},"modified":"2026-02-09T12:13:34","modified_gmt":"2026-02-09T12:13:34","slug":"miguel-vieira-e-personalidade-masculina-2019-na-area-da-moda","status":"publish","type":"post","link":"https:\/\/portugalfashion.com\/en\/miguel-vieira-e-personalidade-masculina-2019-na-area-da-moda\/","title":{"rendered":"MIGUEL VIEIRA \u00c9 PERSONALIDADE MASCULINA 2019 NA \u00c1REA DA MODA"},"content":{"rendered":"<p style=\"text-align: left;\">Com uma carreira de mais de 30 anos, o designer repete a vit\u00f3ria do ano passado e volta a ser eleito pela revista Lux, &#8220;Personalidade Masculina\u201d de 2019.<\/p>\n<p style=\"text-align: left;\">O criador de 54 anos foi nomeado por uma comiss\u00e3o de honra composta por personalidades de v\u00e1rias \u00e1reas e eleito atrav\u00e9s vota\u00e7\u00e3o direta dos leitores da revista Lux. Nesta edi\u00e7\u00e3o votaram mais de 90 mil pessoas, elegendo assim as personalidades que se destacaram\u00a0em \u00e1reas t\u00e3o distintas como a M\u00fasica, Cinema, Teatro, Televis\u00e3o, Informa\u00e7\u00e3o, Literatura, Artes Pl\u00e1sticas, Moda, Desporto, Pol\u00edtica, Neg\u00f3cios, R\u00e1dio e Digital.<\/p>\n<p style=\"text-align: left;\">Em comunicado, Miguel Vieira &#8220;agradece o reconhecimento do p\u00fablico e dos leitores da Lux\u201d. Esta \u00e9 j\u00e1 a quarta vez que o designer ganha esta distin\u00e7\u00e3o.<\/p>\n<p style=\"text-align: left;\">Com Miguel Vieira foram ainda vencedores dos Pr\u00e9mios Personalidades Masculina nomes como Diogo Infante, S\u00e9rgio Praia, Jos\u00e9 Alberto Carvalho, Madjer, entre outras personalidades.<\/p>\n<p style=\"text-align: left;\">Sobre\u00a0Miguel Vieira<\/p>","protected":false},"excerpt":{"rendered":"<p>Com uma carreira de mais de 30 anos, o designer repete a vit\u00f3ria do ano passado e volta a ser eleito pela revista Lux, &#8220;Personalidade Masculina\u201d de 2019. O criador de 54 anos foi nomeado por uma comiss\u00e3o de honra composta por personalidades de v\u00e1rias \u00e1reas e eleito atrav\u00e9s vota\u00e7\u00e3o direta dos leitores da revista [&hellip;]<\/p>","protected":false},"author":5,"featured_media":1172,"comment_status":"open","ping_status":"open","sticky":false,"template":"","format":"standard","meta":{"_acf_changed":false,"_monsterinsights_skip_tracking":false,"_monsterinsights_sitenote_active":false,"_monsterinsights_sitenote_note":"","_monsterinsights_sitenote_category":0,"footnotes":""},"categories":[20],"tags":[],"class_list":["post-1169","post","type-post","status-publish","format-standard","has-post-thumbnail","hentry","category-portugal-fashion-pt"],"acf":[],"yoast_head":"<!-- This site is optimized with the Yoast SEO plugin v24.2 - https:\/\/yoast.com\/wordpress\/plugins\/seo\/ -->\n<title>MIGUEL VIEIRA \u00c9 PERSONALIDADE MASCULINA 2019 NA \u00c1REA DA MODA - Portugal Fashion<\/title>\n<meta name=\"robots\" content=\"index, follow, max-snippet:-1, max-image-preview:large, max-video-preview:-1\" \/>\n<link rel=\"canonical\" href=\"https:\/\/portugalfashion.com\/en\/miguel-vieira-e-personalidade-masculina-2019-na-area-da-moda\/\" \/>\n<meta property=\"og:locale\" content=\"en_GB\" \/>\n<meta property=\"og:type\" content=\"article\" \/>\n<meta property=\"og:title\" content=\"MIGUEL VIEIRA \u00c9 PERSONALIDADE MASCULINA 2019 NA \u00c1REA DA MODA - Portugal Fashion\" \/>\n<meta property=\"og:description\" content=\"Com uma carreira de mais de 30 anos, o designer repete a vit\u00f3ria do ano passado e volta a ser eleito pela revista Lux, &#8220;Personalidade Masculina\u201d de 2019. O criador de 54 anos foi nomeado por uma comiss\u00e3o de honra composta por personalidades de v\u00e1rias \u00e1reas e eleito atrav\u00e9s vota\u00e7\u00e3o direta dos leitores da revista [&hellip;]\" \/>\n<meta property=\"og:url\" content=\"https:\/\/portugalfashion.com\/en\/miguel-vieira-e-personalidade-masculina-2019-na-area-da-moda\/\" \/>\n<meta property=\"og:site_name\" content=\"Portugal Fashion\" \/>\n<meta property=\"article:published_time\" content=\"2020-03-24T16:57:43+00:00\" \/>\n<meta property=\"article:modified_time\" content=\"2026-02-09T12:13:34+00:00\" \/>\n<meta property=\"og:image\" content=\"https:\/\/portugalfashion.com\/wp-content\/uploads\/2021\/08\/mvieira_green_xl_5669800405e7a3f8b01e56_1.jpg\" \/>\n\t<meta property=\"og:image:width\" content=\"420\" \/>\n\t<meta property=\"og:image:height\" content=\"260\" \/>\n\t<meta property=\"og:image:type\" content=\"image\/jpeg\" \/>\n<meta name=\"author\" content=\"Portugal Fashion\" \/>\n<meta name=\"twitter:card\" content=\"summary_large_image\" \/>\n<meta name=\"twitter:label1\" content=\"Written by\" \/>\n\t<meta name=\"twitter:data1\" content=\"Portugal Fashion\" \/>\n\t<meta name=\"twitter:label2\" content=\"Est. reading time\" \/>\n\t<meta name=\"twitter:data2\" content=\"1 minute\" \/>\n<script type=\"application\/ld+json\" class=\"yoast-schema-graph\">{\"@context\":\"https:\/\/schema.org\",\"@graph\":[{\"@type\":\"Article\",\"@id\":\"https:\/\/portugalfashion.com\/miguel-vieira-e-personalidade-masculina-2019-na-area-da-moda\/#article\",\"isPartOf\":{\"@id\":\"https:\/\/portugalfashion.com\/miguel-vieira-e-personalidade-masculina-2019-na-area-da-moda\/\"},\"author\":{\"name\":\"Portugal Fashion\",\"@id\":\"https:\/\/portugalfashion.com\/#\/schema\/person\/5c5a913b2cd594f9e7a818bd846f07f4\"},\"headline\":\"MIGUEL VIEIRA \u00c9 PERSONALIDADE MASCULINA 2019 NA \u00c1REA DA MODA\",\"datePublished\":\"2020-03-24T16:57:43+00:00\",\"dateModified\":\"2026-02-09T12:13:34+00:00\",\"mainEntityOfPage\":{\"@id\":\"https:\/\/portugalfashion.com\/miguel-vieira-e-personalidade-masculina-2019-na-area-da-moda\/\"},\"wordCount\":165,\"commentCount\":0,\"publisher\":{\"@id\":\"https:\/\/portugalfashion.com\/#organization\"},\"image\":{\"@id\":\"https:\/\/portugalfashion.com\/miguel-vieira-e-personalidade-masculina-2019-na-area-da-moda\/#primaryimage\"},\"thumbnailUrl\":\"https:\/\/portugalfashion.com\/wp-content\/uploads\/2021\/08\/mvieira_green_xl_5669800405e7a3f8b01e56_1.jpg\",\"articleSection\":[\"Portugal Fashion\"],\"inLanguage\":\"en-GB\",\"potentialAction\":[{\"@type\":\"CommentAction\",\"name\":\"Comment\",\"target\":[\"https:\/\/portugalfashion.com\/miguel-vieira-e-personalidade-masculina-2019-na-area-da-moda\/#respond\"]}]},{\"@type\":\"WebPage\",\"@id\":\"https:\/\/portugalfashion.com\/miguel-vieira-e-personalidade-masculina-2019-na-area-da-moda\/\",\"url\":\"https:\/\/portugalfashion.com\/miguel-vieira-e-personalidade-masculina-2019-na-area-da-moda\/\",\"name\":\"MIGUEL VIEIRA \u00c9 PERSONALIDADE MASCULINA 2019 NA \u00c1REA DA MODA - Portugal Fashion\",\"isPartOf\":{\"@id\":\"https:\/\/portugalfashion.com\/#website\"},\"primaryImageOfPage\":{\"@id\":\"https:\/\/portugalfashion.com\/miguel-vieira-e-personalidade-masculina-2019-na-area-da-moda\/#primaryimage\"},\"image\":{\"@id\":\"https:\/\/portugalfashion.com\/miguel-vieira-e-personalidade-masculina-2019-na-area-da-moda\/#primaryimage\"},\"thumbnailUrl\":\"https:\/\/portugalfashion.com\/wp-content\/uploads\/2021\/08\/mvieira_green_xl_5669800405e7a3f8b01e56_1.jpg\",\"datePublished\":\"2020-03-24T16:57:43+00:00\",\"dateModified\":\"2026-02-09T12:13:34+00:00\",\"breadcrumb\":{\"@id\":\"https:\/\/portugalfashion.com\/miguel-vieira-e-personalidade-masculina-2019-na-area-da-moda\/#breadcrumb\"},\"inLanguage\":\"en-GB\",\"potentialAction\":[{\"@type\":\"ReadAction\",\"target\":[\"https:\/\/portugalfashion.com\/miguel-vieira-e-personalidade-masculina-2019-na-area-da-moda\/\"]}]},{\"@type\":\"ImageObject\",\"inLanguage\":\"en-GB\",\"@id\":\"https:\/\/portugalfashion.com\/miguel-vieira-e-personalidade-masculina-2019-na-area-da-moda\/#primaryimage\",\"url\":\"https:\/\/portugalfashion.com\/wp-content\/uploads\/2021\/08\/mvieira_green_xl_5669800405e7a3f8b01e56_1.jpg\",\"contentUrl\":\"https:\/\/portugalfashion.com\/wp-content\/uploads\/2021\/08\/mvieira_green_xl_5669800405e7a3f8b01e56_1.jpg\",\"width\":420,\"height\":260},{\"@type\":\"BreadcrumbList\",\"@id\":\"https:\/\/portugalfashion.com\/miguel-vieira-e-personalidade-masculina-2019-na-area-da-moda\/#breadcrumb\",\"itemListElement\":[{\"@type\":\"ListItem\",\"position\":1,\"name\":\"Home\",\"item\":\"https:\/\/portugalfashion.com\/\"},{\"@type\":\"ListItem\",\"position\":2,\"name\":\"MIGUEL VIEIRA \u00c9 PERSONALIDADE MASCULINA 2019 NA \u00c1REA DA MODA\"}]},{\"@type\":\"WebSite\",\"@id\":\"https:\/\/portugalfashion.com\/#website\",\"url\":\"https:\/\/portugalfashion.com\/\",\"name\":\"Portugal Fashion\",\"description\":\"Moda e Eventos\",\"publisher\":{\"@id\":\"https:\/\/portugalfashion.com\/#organization\"},\"potentialAction\":[{\"@type\":\"SearchAction\",\"target\":{\"@type\":\"EntryPoint\",\"urlTemplate\":\"https:\/\/portugalfashion.com\/?s={search_term_string}\"},\"query-input\":{\"@type\":\"PropertyValueSpecification\",\"valueRequired\":true,\"valueName\":\"search_term_string\"}}],\"inLanguage\":\"en-GB\"},{\"@type\":\"Organization\",\"@id\":\"https:\/\/portugalfashion.com\/#organization\",\"name\":\"Portugal Fashion\",\"url\":\"https:\/\/portugalfashion.com\/\",\"logo\":{\"@type\":\"ImageObject\",\"inLanguage\":\"en-GB\",\"@id\":\"https:\/\/portugalfashion.com\/#\/schema\/logo\/image\/\",\"url\":\"http:\/\/portugalfashion.com\/wp-content\/uploads\/2021\/08\/animated-logo-pf-black.svg\",\"contentUrl\":\"http:\/\/portugalfashion.com\/wp-content\/uploads\/2021\/08\/animated-logo-pf-black.svg\",\"width\":1374,\"height\":670,\"caption\":\"Portugal Fashion\"},\"image\":{\"@id\":\"https:\/\/portugalfashion.com\/#\/schema\/logo\/image\/\"}},{\"@type\":\"Person\",\"@id\":\"https:\/\/portugalfashion.com\/#\/schema\/person\/5c5a913b2cd594f9e7a818bd846f07f4\",\"name\":\"Portugal Fashion\",\"image\":{\"@type\":\"ImageObject\",\"inLanguage\":\"en-GB\",\"@id\":\"https:\/\/portugalfashion.com\/#\/schema\/person\/image\/\",\"url\":\"https:\/\/secure.gravatar.com\/avatar\/19ad09b6e9ee39a45adcdd5009950775897e89f8c17b880c25735c933a6d97f0?s=96&d=mm&r=g\",\"contentUrl\":\"https:\/\/secure.gravatar.com\/avatar\/19ad09b6e9ee39a45adcdd5009950775897e89f8c17b880c25735c933a6d97f0?s=96&d=mm&r=g\",\"caption\":\"Portugal Fashion\"},\"sameAs\":[\"https:\/\/portugalfashion.com\"],\"url\":\"https:\/\/portugalfashion.com\/en\/author\/portugal-fashion\/\"}]}<\/script>\n<!-- \/ Yoast SEO plugin. -->","yoast_head_json":{"title":"MIGUEL VIEIRA \u00c9 PERSONALIDADE MASCULINA 2019 NA \u00c1REA DA MODA - Portugal Fashion","robots":{"index":"index","follow":"follow","max-snippet":"max-snippet:-1","max-image-preview":"max-image-preview:large","max-video-preview":"max-video-preview:-1"},"canonical":"https:\/\/portugalfashion.com\/en\/miguel-vieira-e-personalidade-masculina-2019-na-area-da-moda\/","og_locale":"en_GB","og_type":"article","og_title":"MIGUEL VIEIRA \u00c9 PERSONALIDADE MASCULINA 2019 NA \u00c1REA DA MODA - Portugal Fashion","og_description":"Com uma carreira de mais de 30 anos, o designer repete a vit\u00f3ria do ano passado e volta a ser eleito pela revista Lux, &#8220;Personalidade Masculina\u201d de 2019. O criador de 54 anos foi nomeado por uma comiss\u00e3o de honra composta por personalidades de v\u00e1rias \u00e1reas e eleito atrav\u00e9s vota\u00e7\u00e3o direta dos leitores da revista [&hellip;]","og_url":"https:\/\/portugalfashion.com\/en\/miguel-vieira-e-personalidade-masculina-2019-na-area-da-moda\/","og_site_name":"Portugal Fashion","article_published_time":"2020-03-24T16:57:43+00:00","article_modified_time":"2026-02-09T12:13:34+00:00","og_image":[{"width":420,"height":260,"url":"https:\/\/portugalfashion.com\/wp-content\/uploads\/2021\/08\/mvieira_green_xl_5669800405e7a3f8b01e56_1.jpg","type":"image\/jpeg"}],"author":"Portugal Fashion","twitter_card":"summary_large_image","twitter_misc":{"Written by":"Portugal Fashion","Est. reading time":"1 minute"},"schema":{"@context":"https:\/\/schema.org","@graph":[{"@type":"Article","@id":"https:\/\/portugalfashion.com\/miguel-vieira-e-personalidade-masculina-2019-na-area-da-moda\/#article","isPartOf":{"@id":"https:\/\/portugalfashion.com\/miguel-vieira-e-personalidade-masculina-2019-na-area-da-moda\/"},"author":{"name":"Portugal Fashion","@id":"https:\/\/portugalfashion.com\/#\/schema\/person\/5c5a913b2cd594f9e7a818bd846f07f4"},"headline":"MIGUEL VIEIRA \u00c9 PERSONALIDADE MASCULINA 2019 NA \u00c1REA DA MODA","datePublished":"2020-03-24T16:57:43+00:00","dateModified":"2026-02-09T12:13:34+00:00","mainEntityOfPage":{"@id":"https:\/\/portugalfashion.com\/miguel-vieira-e-personalidade-masculina-2019-na-area-da-moda\/"},"wordCount":165,"commentCount":0,"publisher":{"@id":"https:\/\/portugalfashion.com\/#organization"},"image":{"@id":"https:\/\/portugalfashion.com\/miguel-vieira-e-personalidade-masculina-2019-na-area-da-moda\/#primaryimage"},"thumbnailUrl":"https:\/\/portugalfashion.com\/wp-content\/uploads\/2021\/08\/mvieira_green_xl_5669800405e7a3f8b01e56_1.jpg","articleSection":["Portugal Fashion"],"inLanguage":"en-GB","potentialAction":[{"@type":"CommentAction","name":"Comment","target":["https:\/\/portugalfashion.com\/miguel-vieira-e-personalidade-masculina-2019-na-area-da-moda\/#respond"]}]},{"@type":"WebPage","@id":"https:\/\/portugalfashion.com\/miguel-vieira-e-personalidade-masculina-2019-na-area-da-moda\/","url":"https:\/\/portugalfashion.com\/miguel-vieira-e-personalidade-masculina-2019-na-area-da-moda\/","name":"MIGUEL VIEIRA \u00c9 PERSONALIDADE MASCULINA 2019 NA \u00c1REA DA MODA - Portugal Fashion","isPartOf":{"@id":"https:\/\/portugalfashion.com\/#website"},"primaryImageOfPage":{"@id":"https:\/\/portugalfashion.com\/miguel-vieira-e-personalidade-masculina-2019-na-area-da-moda\/#primaryimage"},"image":{"@id":"https:\/\/portugalfashion.com\/miguel-vieira-e-personalidade-masculina-2019-na-area-da-moda\/#primaryimage"},"thumbnailUrl":"https:\/\/portugalfashion.com\/wp-content\/uploads\/2021\/08\/mvieira_green_xl_5669800405e7a3f8b01e56_1.jpg","datePublished":"2020-03-24T16:57:43+00:00","dateModified":"2026-02-09T12:13:34+00:00","breadcrumb":{"@id":"https:\/\/portugalfashion.com\/miguel-vieira-e-personalidade-masculina-2019-na-area-da-moda\/#breadcrumb"},"inLanguage":"en-GB","potentialAction":[{"@type":"ReadAction","target":["https:\/\/portugalfashion.com\/miguel-vieira-e-personalidade-masculina-2019-na-area-da-moda\/"]}]},{"@type":"ImageObject","inLanguage":"en-GB","@id":"https:\/\/portugalfashion.com\/miguel-vieira-e-personalidade-masculina-2019-na-area-da-moda\/#primaryimage","url":"https:\/\/portugalfashion.com\/wp-content\/uploads\/2021\/08\/mvieira_green_xl_5669800405e7a3f8b01e56_1.jpg","contentUrl":"https:\/\/portugalfashion.com\/wp-content\/uploads\/2021\/08\/mvieira_green_xl_5669800405e7a3f8b01e56_1.jpg","width":420,"height":260},{"@type":"BreadcrumbList","@id":"https:\/\/portugalfashion.com\/miguel-vieira-e-personalidade-masculina-2019-na-area-da-moda\/#breadcrumb","itemListElement":[{"@type":"ListItem","position":1,"name":"Home","item":"https:\/\/portugalfashion.com\/"},{"@type":"ListItem","position":2,"name":"MIGUEL VIEIRA \u00c9 PERSONALIDADE MASCULINA 2019 NA \u00c1REA DA MODA"}]},{"@type":"WebSite","@id":"https:\/\/portugalfashion.com\/#website","url":"https:\/\/portugalfashion.com\/","name":"Portugal Fashion","description":"Moda e Eventos","publisher":{"@id":"https:\/\/portugalfashion.com\/#organization"},"potentialAction":[{"@type":"SearchAction","target":{"@type":"EntryPoint","urlTemplate":"https:\/\/portugalfashion.com\/?s={search_term_string}"},"query-input":{"@type":"PropertyValueSpecification","valueRequired":true,"valueName":"search_term_string"}}],"inLanguage":"en-GB"},{"@type":"Organization","@id":"https:\/\/portugalfashion.com\/#organization","name":"Portugal Fashion","url":"https:\/\/portugalfashion.com\/","logo":{"@type":"ImageObject","inLanguage":"en-GB","@id":"https:\/\/portugalfashion.com\/#\/schema\/logo\/image\/","url":"http:\/\/portugalfashion.com\/wp-content\/uploads\/2021\/08\/animated-logo-pf-black.svg","contentUrl":"http:\/\/portugalfashion.com\/wp-content\/uploads\/2021\/08\/animated-logo-pf-black.svg","width":1374,"height":670,"caption":"Portugal Fashion"},"image":{"@id":"https:\/\/portugalfashion.com\/#\/schema\/logo\/image\/"}},{"@type":"Person","@id":"https:\/\/portugalfashion.com\/#\/schema\/person\/5c5a913b2cd594f9e7a818bd846f07f4","name":"Portugal Fashion","image":{"@type":"ImageObject","inLanguage":"en-GB","@id":"https:\/\/portugalfashion.com\/#\/schema\/person\/image\/","url":"https:\/\/secure.gravatar.com\/avatar\/19ad09b6e9ee39a45adcdd5009950775897e89f8c17b880c25735c933a6d97f0?s=96&d=mm&r=g","contentUrl":"https:\/\/secure.gravatar.com\/avatar\/19ad09b6e9ee39a45adcdd5009950775897e89f8c17b880c25735c933a6d97f0?s=96&d=mm&r=g","caption":"Portugal Fashion"},"sameAs":["https:\/\/portugalfashion.com"],"url":"https:\/\/portugalfashion.com\/en\/author\/portugal-fashion\/"}]}},"_links":{"self":[{"href":"https:\/\/portugalfashion.com\/en\/wp-json\/wp\/v2\/posts\/1169","targetHints":{"allow":["GET"]}}],"collection":[{"href":"https:\/\/portugalfashion.com\/en\/wp-json\/wp\/v2\/posts"}],"about":[{"href":"https:\/\/portugalfashion.com\/en\/wp-json\/wp\/v2\/types\/post"}],"author":[{"embeddable":true,"href":"https:\/\/portugalfashion.com\/en\/wp-json\/wp\/v2\/users\/5"}],"replies":[{"embeddable":true,"href":"https:\/\/portugalfashion.com\/en\/wp-json\/wp\/v2\/comments?post=1169"}],"version-history":[{"count":5,"href":"https:\/\/portugalfashion.com\/en\/wp-json\/wp\/v2\/posts\/1169\/revisions"}],"predecessor-version":[{"id":19578,"href":"https:\/\/portugalfashion.com\/en\/wp-json\/wp\/v2\/posts\/1169\/revisions\/19578"}],"wp:featuredmedia":[{"embeddable":true,"href":"https:\/\/portugalfashion.com\/en\/wp-json\/wp\/v2\/media\/1172"}],"wp:attachment":[{"href":"https:\/\/portugalfashion.com\/en\/wp-json\/wp\/v2\/media?parent=1169"}],"wp:term":[{"taxonomy":"category","embeddable":true,"href":"https:\/\/portugalfashion.com\/en\/wp-json\/wp\/v2\/categories?post=1169"},{"taxonomy":"post_tag","embeddable":true,"href":"https:\/\/portugalfashion.com\/en\/wp-json\/wp\/v2\/tags?post=1169"}],"curies":[{"name":"wp","href":"https:\/\/api.w.org\/{rel}","templated":true}]}}