{"id":13517,"date":"2022-03-30T16:52:52","date_gmt":"2022-03-30T16:52:52","guid":{"rendered":"https:\/\/portugalfashion.com\/?p=13517"},"modified":"2022-03-30T16:57:47","modified_gmt":"2022-03-30T16:57:47","slug":"mariacarlos-x-inesmanuel-na-semana-da-moda-de-andaluzia","status":"publish","type":"post","link":"https:\/\/portugalfashion.com\/en\/mariacarlos-x-inesmanuel-na-semana-da-moda-de-andaluzia\/","title":{"rendered":"MARIACARLOS X INESMANUEL NA SEMANA DA MODA DE ANDALUZIA"},"content":{"rendered":"<p>De Portugal para Espanha, as jovens designers Maria Carlos e In\u00eas Manuel levaram a cole\u00e7\u00e3o\u00a0<em>power you into submission<\/em>\u00a0at\u00e9 \u00e0\u00a0<a href=\"https:\/\/www.code41.es\/\" target=\"_blank\" rel=\"noopener noreferrer\">Semana da Moda de Andaluzia<\/a>. Depois de terem apresentado a cole\u00e7\u00e3o na edi\u00e7\u00e3o 50 do Portugal Fashion, o\u00a0<a href=\"http:\/\/tresculturas.org\/pt-pt\/proyecto\/intrepida\/\" target=\"_blank\" rel=\"noopener noreferrer\">projeto INTREPIDA\u00a0<em>plus<\/em><\/a>\u00a0acolheu as jovens designers no certame de moda espanhol.<\/p>\n<p>A cole\u00e7\u00e3o, criada conjuntamente pelas irm\u00e3s portuguesas, explora a rela\u00e7\u00e3o entre a figura masculina e os cavalos, baseada no poder e na submiss\u00e3o. As pe\u00e7as destacaram-se pelos acabamentos em couro cru e o uso de manipula\u00e7\u00e3o com cabelo. Esta justaposi\u00e7\u00e3o surgiu com a inten\u00e7\u00e3o de estimular os sentidos do observador.<\/p>\n<p><strong>\u00abA materializa\u00e7\u00e3o da ideia resulta em contrastes de volumes e texturas, na hiperboliza\u00e7\u00e3o de elementos sensoriais (&#8230;) explora o corpo e a sua for\u00e7a a partir de uma perspetiva feminina, sintonizando a fisicalidade com a nova era.\u00bb,<\/strong>\u00a0explicam as designers.<\/p>\n<p>Na paleta de tons, destacou-se uma gama de cinzentos, preto, siena e ocre, bem como os dourados real\u00e7ados por uma proposta de bijutaria de autor da firma\u00a0<em>Lage Studio<\/em>, com sede em Londres e Lisboa. Quanto ao cal\u00e7ado, contaram com a colabora\u00e7\u00e3o da firma portuguesa <em>Camport<\/em>, que combina qualidade, conforto, tradi\u00e7\u00e3o e vanguarda.<\/p>\n<p>Maria Carlos Baptista venceu o <a href=\"https:\/\/portugalfashion.com\/en\/concurso-bloom\/\">concurso BLOOM\u00a0<em>powered by<\/em>\u00a0Zeitreel Sonae<\/a>, realizado no Portugal Fashion de outubro de 2020, com a cole\u00e7\u00e3o &#8220;arqu\u00e9tipo&#8221;. Desde ent\u00e3o, tem integrado o programa oficial de desfiles da plataforma Bloom nas edi\u00e7\u00f5es nacionais do Portugal Fashion e foi tamb\u00e9m convidada a apresentar a sua cole\u00e7\u00e3o AW21\/22 e SS22 na Semana de Moda de Paris.<\/p>\n<p>Para a edi\u00e7\u00e3o 50 do Portugal Fashion, In\u00eas Manuel juntou-se a Maria Carlos para a cria\u00e7\u00e3o de\u00a0<em>power you into submission.<\/em>\u00a0As duas irm\u00e3s, com uma profunda liga\u00e7\u00e3o ao mundo da arte, t\u00eam como objetivo fundir conhecimentos e criar um novo espa\u00e7o no mundo da moda, construindo uma comunidade global atrav\u00e9s do design sustent\u00e1vel e consciente, tecnologia \u00e9tica e roupas sem g\u00e9nero.<\/p>\n<p>A<a href=\"http:\/\/tresculturas.org\/\"> Funda\u00e7\u00e3o\u00a0<em>Tres Culturas del Mediterr\u00e1neo<\/em><\/a>\u00a0promoveu\u00a0mais\u00a0um ano\u00a0a presen\u00e7a de Portugal junto a\u00a0marcas\u00a0andaluzas\u00a0na XVIII Semana da Moda de Sevilha, gra\u00e7as ao\u00a0projeto\u00a0INTREPIDA\u00a0<em>plus<\/em>, uma iniciativa de coopera\u00e7\u00e3o transfronteiri\u00e7a entre Espanha e Portugal, dedicada \u00e0 internacionaliza\u00e7\u00e3o de empresas administradas por mulheres em ambos os pa\u00edses.<\/p>","protected":false},"excerpt":{"rendered":"<p>De Portugal para Espanha, as jovens designers Maria Carlos e In\u00eas Manuel levaram a cole\u00e7\u00e3o\u00a0power you into submission\u00a0at\u00e9 \u00e0\u00a0Semana da Moda de Andaluzia. Depois de terem apresentado a cole\u00e7\u00e3o na edi\u00e7\u00e3o 50 do Portugal Fashion, o\u00a0projeto INTREPIDA\u00a0plus\u00a0acolheu as jovens designers no certame de moda espanhol. A cole\u00e7\u00e3o, criada conjuntamente pelas irm\u00e3s portuguesas, explora a rela\u00e7\u00e3o [&hellip;]<\/p>","protected":false},"author":5,"featured_media":13519,"comment_status":"open","ping_status":"open","sticky":false,"template":"","format":"standard","meta":{"_acf_changed":false,"_monsterinsights_skip_tracking":false,"_monsterinsights_sitenote_active":false,"_monsterinsights_sitenote_note":"","_monsterinsights_sitenote_category":0,"footnotes":""},"categories":[22,24,1,20],"tags":[239,240,219],"class_list":["post-13517","post","type-post","status-publish","format-standard","has-post-thumbnail","hentry","category-bloom-pt","category-bloom-en","category-portugal-fashion-en","category-portugal-fashion-pt","tag-intrepida-plus","tag-mariacarlos-x-inesmanuel","tag-portugal-fashion"],"acf":[],"yoast_head":"<!-- This site is optimized with the Yoast SEO plugin v24.2 - https:\/\/yoast.com\/wordpress\/plugins\/seo\/ -->\n<title>MARIACARLOS X INESMANUEL NA SEMANA DA MODA DE ANDALUZIA - Portugal Fashion<\/title>\n<meta name=\"robots\" content=\"index, follow, max-snippet:-1, max-image-preview:large, max-video-preview:-1\" \/>\n<link rel=\"canonical\" href=\"https:\/\/portugalfashion.com\/en\/mariacarlos-x-inesmanuel-na-semana-da-moda-de-andaluzia\/\" \/>\n<meta property=\"og:locale\" content=\"en_GB\" \/>\n<meta property=\"og:type\" content=\"article\" \/>\n<meta property=\"og:title\" content=\"MARIACARLOS X INESMANUEL NA SEMANA DA MODA DE ANDALUZIA - Portugal Fashion\" \/>\n<meta property=\"og:description\" content=\"De Portugal para Espanha, as jovens designers Maria Carlos e In\u00eas Manuel levaram a cole\u00e7\u00e3o\u00a0power you into submission\u00a0at\u00e9 \u00e0\u00a0Semana da Moda de Andaluzia. Depois de terem apresentado a cole\u00e7\u00e3o na edi\u00e7\u00e3o 50 do Portugal Fashion, o\u00a0projeto INTREPIDA\u00a0plus\u00a0acolheu as jovens designers no certame de moda espanhol. A cole\u00e7\u00e3o, criada conjuntamente pelas irm\u00e3s portuguesas, explora a rela\u00e7\u00e3o [&hellip;]\" \/>\n<meta property=\"og:url\" content=\"https:\/\/portugalfashion.com\/en\/mariacarlos-x-inesmanuel-na-semana-da-moda-de-andaluzia\/\" \/>\n<meta property=\"og:site_name\" content=\"Portugal Fashion\" \/>\n<meta property=\"article:published_time\" content=\"2022-03-30T16:52:52+00:00\" \/>\n<meta property=\"article:modified_time\" content=\"2022-03-30T16:57:47+00:00\" \/>\n<meta property=\"og:image\" content=\"https:\/\/portugalfashion.com\/wp-content\/uploads\/2022\/03\/Foto-28-3-22-19-04-38_ccexpress.jpeg\" \/>\n\t<meta property=\"og:image:width\" content=\"620\" \/>\n\t<meta property=\"og:image:height\" content=\"360\" \/>\n\t<meta property=\"og:image:type\" content=\"image\/jpeg\" \/>\n<meta name=\"author\" content=\"Portugal Fashion\" \/>\n<meta name=\"twitter:card\" content=\"summary_large_image\" \/>\n<meta name=\"twitter:label1\" content=\"Written by\" \/>\n\t<meta name=\"twitter:data1\" content=\"Portugal Fashion\" \/>\n\t<meta name=\"twitter:label2\" content=\"Est. reading time\" \/>\n\t<meta name=\"twitter:data2\" content=\"2 minutes\" \/>\n<script type=\"application\/ld+json\" class=\"yoast-schema-graph\">{\"@context\":\"https:\/\/schema.org\",\"@graph\":[{\"@type\":\"Article\",\"@id\":\"https:\/\/portugalfashion.com\/mariacarlos-x-inesmanuel-na-semana-da-moda-de-andaluzia\/#article\",\"isPartOf\":{\"@id\":\"https:\/\/portugalfashion.com\/mariacarlos-x-inesmanuel-na-semana-da-moda-de-andaluzia\/\"},\"author\":{\"name\":\"Portugal Fashion\",\"@id\":\"https:\/\/portugalfashion.com\/#\/schema\/person\/5c5a913b2cd594f9e7a818bd846f07f4\"},\"headline\":\"MARIACARLOS X INESMANUEL NA SEMANA DA MODA DE ANDALUZIA\",\"datePublished\":\"2022-03-30T16:52:52+00:00\",\"dateModified\":\"2022-03-30T16:57:47+00:00\",\"mainEntityOfPage\":{\"@id\":\"https:\/\/portugalfashion.com\/mariacarlos-x-inesmanuel-na-semana-da-moda-de-andaluzia\/\"},\"wordCount\":412,\"commentCount\":0,\"publisher\":{\"@id\":\"https:\/\/portugalfashion.com\/#organization\"},\"image\":{\"@id\":\"https:\/\/portugalfashion.com\/mariacarlos-x-inesmanuel-na-semana-da-moda-de-andaluzia\/#primaryimage\"},\"thumbnailUrl\":\"https:\/\/portugalfashion.com\/wp-content\/uploads\/2022\/03\/Foto-28-3-22-19-04-38_ccexpress.jpeg\",\"keywords\":[\"INTREPIDA plus\",\"MARIACARLOS X INESMANUEL\",\"PORTUGAL FASHION\"],\"articleSection\":[\"Bloom\",\"Bloom\",\"Portugal Fashion\",\"Portugal Fashion\"],\"inLanguage\":\"en-GB\",\"potentialAction\":[{\"@type\":\"CommentAction\",\"name\":\"Comment\",\"target\":[\"https:\/\/portugalfashion.com\/mariacarlos-x-inesmanuel-na-semana-da-moda-de-andaluzia\/#respond\"]}]},{\"@type\":\"WebPage\",\"@id\":\"https:\/\/portugalfashion.com\/mariacarlos-x-inesmanuel-na-semana-da-moda-de-andaluzia\/\",\"url\":\"https:\/\/portugalfashion.com\/mariacarlos-x-inesmanuel-na-semana-da-moda-de-andaluzia\/\",\"name\":\"MARIACARLOS X INESMANUEL NA SEMANA DA MODA DE ANDALUZIA - Portugal Fashion\",\"isPartOf\":{\"@id\":\"https:\/\/portugalfashion.com\/#website\"},\"primaryImageOfPage\":{\"@id\":\"https:\/\/portugalfashion.com\/mariacarlos-x-inesmanuel-na-semana-da-moda-de-andaluzia\/#primaryimage\"},\"image\":{\"@id\":\"https:\/\/portugalfashion.com\/mariacarlos-x-inesmanuel-na-semana-da-moda-de-andaluzia\/#primaryimage\"},\"thumbnailUrl\":\"https:\/\/portugalfashion.com\/wp-content\/uploads\/2022\/03\/Foto-28-3-22-19-04-38_ccexpress.jpeg\",\"datePublished\":\"2022-03-30T16:52:52+00:00\",\"dateModified\":\"2022-03-30T16:57:47+00:00\",\"breadcrumb\":{\"@id\":\"https:\/\/portugalfashion.com\/mariacarlos-x-inesmanuel-na-semana-da-moda-de-andaluzia\/#breadcrumb\"},\"inLanguage\":\"en-GB\",\"potentialAction\":[{\"@type\":\"ReadAction\",\"target\":[\"https:\/\/portugalfashion.com\/mariacarlos-x-inesmanuel-na-semana-da-moda-de-andaluzia\/\"]}]},{\"@type\":\"ImageObject\",\"inLanguage\":\"en-GB\",\"@id\":\"https:\/\/portugalfashion.com\/mariacarlos-x-inesmanuel-na-semana-da-moda-de-andaluzia\/#primaryimage\",\"url\":\"https:\/\/portugalfashion.com\/wp-content\/uploads\/2022\/03\/Foto-28-3-22-19-04-38_ccexpress.jpeg\",\"contentUrl\":\"https:\/\/portugalfashion.com\/wp-content\/uploads\/2022\/03\/Foto-28-3-22-19-04-38_ccexpress.jpeg\",\"width\":620,\"height\":360},{\"@type\":\"BreadcrumbList\",\"@id\":\"https:\/\/portugalfashion.com\/mariacarlos-x-inesmanuel-na-semana-da-moda-de-andaluzia\/#breadcrumb\",\"itemListElement\":[{\"@type\":\"ListItem\",\"position\":1,\"name\":\"Home\",\"item\":\"https:\/\/portugalfashion.com\/\"},{\"@type\":\"ListItem\",\"position\":2,\"name\":\"MARIACARLOS X INESMANUEL NA SEMANA DA MODA DE ANDALUZIA\"}]},{\"@type\":\"WebSite\",\"@id\":\"https:\/\/portugalfashion.com\/#website\",\"url\":\"https:\/\/portugalfashion.com\/\",\"name\":\"Portugal Fashion\",\"description\":\"Moda e Eventos\",\"publisher\":{\"@id\":\"https:\/\/portugalfashion.com\/#organization\"},\"potentialAction\":[{\"@type\":\"SearchAction\",\"target\":{\"@type\":\"EntryPoint\",\"urlTemplate\":\"https:\/\/portugalfashion.com\/?s={search_term_string}\"},\"query-input\":{\"@type\":\"PropertyValueSpecification\",\"valueRequired\":true,\"valueName\":\"search_term_string\"}}],\"inLanguage\":\"en-GB\"},{\"@type\":\"Organization\",\"@id\":\"https:\/\/portugalfashion.com\/#organization\",\"name\":\"Portugal Fashion\",\"url\":\"https:\/\/portugalfashion.com\/\",\"logo\":{\"@type\":\"ImageObject\",\"inLanguage\":\"en-GB\",\"@id\":\"https:\/\/portugalfashion.com\/#\/schema\/logo\/image\/\",\"url\":\"http:\/\/portugalfashion.com\/wp-content\/uploads\/2021\/08\/animated-logo-pf-black.svg\",\"contentUrl\":\"http:\/\/portugalfashion.com\/wp-content\/uploads\/2021\/08\/animated-logo-pf-black.svg\",\"width\":1374,\"height\":670,\"caption\":\"Portugal Fashion\"},\"image\":{\"@id\":\"https:\/\/portugalfashion.com\/#\/schema\/logo\/image\/\"}},{\"@type\":\"Person\",\"@id\":\"https:\/\/portugalfashion.com\/#\/schema\/person\/5c5a913b2cd594f9e7a818bd846f07f4\",\"name\":\"Portugal Fashion\",\"image\":{\"@type\":\"ImageObject\",\"inLanguage\":\"en-GB\",\"@id\":\"https:\/\/portugalfashion.com\/#\/schema\/person\/image\/\",\"url\":\"https:\/\/secure.gravatar.com\/avatar\/19ad09b6e9ee39a45adcdd5009950775897e89f8c17b880c25735c933a6d97f0?s=96&d=mm&r=g\",\"contentUrl\":\"https:\/\/secure.gravatar.com\/avatar\/19ad09b6e9ee39a45adcdd5009950775897e89f8c17b880c25735c933a6d97f0?s=96&d=mm&r=g\",\"caption\":\"Portugal Fashion\"},\"sameAs\":[\"https:\/\/portugalfashion.com\"],\"url\":\"https:\/\/portugalfashion.com\/en\/author\/portugal-fashion\/\"}]}<\/script>\n<!-- \/ Yoast SEO plugin. -->","yoast_head_json":{"title":"MARIACARLOS X INESMANUEL NA SEMANA DA MODA DE ANDALUZIA - Portugal Fashion","robots":{"index":"index","follow":"follow","max-snippet":"max-snippet:-1","max-image-preview":"max-image-preview:large","max-video-preview":"max-video-preview:-1"},"canonical":"https:\/\/portugalfashion.com\/en\/mariacarlos-x-inesmanuel-na-semana-da-moda-de-andaluzia\/","og_locale":"en_GB","og_type":"article","og_title":"MARIACARLOS X INESMANUEL NA SEMANA DA MODA DE ANDALUZIA - Portugal Fashion","og_description":"De Portugal para Espanha, as jovens designers Maria Carlos e In\u00eas Manuel levaram a cole\u00e7\u00e3o\u00a0power you into submission\u00a0at\u00e9 \u00e0\u00a0Semana da Moda de Andaluzia. Depois de terem apresentado a cole\u00e7\u00e3o na edi\u00e7\u00e3o 50 do Portugal Fashion, o\u00a0projeto INTREPIDA\u00a0plus\u00a0acolheu as jovens designers no certame de moda espanhol. A cole\u00e7\u00e3o, criada conjuntamente pelas irm\u00e3s portuguesas, explora a rela\u00e7\u00e3o [&hellip;]","og_url":"https:\/\/portugalfashion.com\/en\/mariacarlos-x-inesmanuel-na-semana-da-moda-de-andaluzia\/","og_site_name":"Portugal Fashion","article_published_time":"2022-03-30T16:52:52+00:00","article_modified_time":"2022-03-30T16:57:47+00:00","og_image":[{"width":620,"height":360,"url":"https:\/\/portugalfashion.com\/wp-content\/uploads\/2022\/03\/Foto-28-3-22-19-04-38_ccexpress.jpeg","type":"image\/jpeg"}],"author":"Portugal Fashion","twitter_card":"summary_large_image","twitter_misc":{"Written by":"Portugal Fashion","Est. reading time":"2 minutes"},"schema":{"@context":"https:\/\/schema.org","@graph":[{"@type":"Article","@id":"https:\/\/portugalfashion.com\/mariacarlos-x-inesmanuel-na-semana-da-moda-de-andaluzia\/#article","isPartOf":{"@id":"https:\/\/portugalfashion.com\/mariacarlos-x-inesmanuel-na-semana-da-moda-de-andaluzia\/"},"author":{"name":"Portugal Fashion","@id":"https:\/\/portugalfashion.com\/#\/schema\/person\/5c5a913b2cd594f9e7a818bd846f07f4"},"headline":"MARIACARLOS X INESMANUEL NA SEMANA DA MODA DE ANDALUZIA","datePublished":"2022-03-30T16:52:52+00:00","dateModified":"2022-03-30T16:57:47+00:00","mainEntityOfPage":{"@id":"https:\/\/portugalfashion.com\/mariacarlos-x-inesmanuel-na-semana-da-moda-de-andaluzia\/"},"wordCount":412,"commentCount":0,"publisher":{"@id":"https:\/\/portugalfashion.com\/#organization"},"image":{"@id":"https:\/\/portugalfashion.com\/mariacarlos-x-inesmanuel-na-semana-da-moda-de-andaluzia\/#primaryimage"},"thumbnailUrl":"https:\/\/portugalfashion.com\/wp-content\/uploads\/2022\/03\/Foto-28-3-22-19-04-38_ccexpress.jpeg","keywords":["INTREPIDA plus","MARIACARLOS X INESMANUEL","PORTUGAL FASHION"],"articleSection":["Bloom","Bloom","Portugal Fashion","Portugal Fashion"],"inLanguage":"en-GB","potentialAction":[{"@type":"CommentAction","name":"Comment","target":["https:\/\/portugalfashion.com\/mariacarlos-x-inesmanuel-na-semana-da-moda-de-andaluzia\/#respond"]}]},{"@type":"WebPage","@id":"https:\/\/portugalfashion.com\/mariacarlos-x-inesmanuel-na-semana-da-moda-de-andaluzia\/","url":"https:\/\/portugalfashion.com\/mariacarlos-x-inesmanuel-na-semana-da-moda-de-andaluzia\/","name":"MARIACARLOS X INESMANUEL NA SEMANA DA MODA DE ANDALUZIA - Portugal Fashion","isPartOf":{"@id":"https:\/\/portugalfashion.com\/#website"},"primaryImageOfPage":{"@id":"https:\/\/portugalfashion.com\/mariacarlos-x-inesmanuel-na-semana-da-moda-de-andaluzia\/#primaryimage"},"image":{"@id":"https:\/\/portugalfashion.com\/mariacarlos-x-inesmanuel-na-semana-da-moda-de-andaluzia\/#primaryimage"},"thumbnailUrl":"https:\/\/portugalfashion.com\/wp-content\/uploads\/2022\/03\/Foto-28-3-22-19-04-38_ccexpress.jpeg","datePublished":"2022-03-30T16:52:52+00:00","dateModified":"2022-03-30T16:57:47+00:00","breadcrumb":{"@id":"https:\/\/portugalfashion.com\/mariacarlos-x-inesmanuel-na-semana-da-moda-de-andaluzia\/#breadcrumb"},"inLanguage":"en-GB","potentialAction":[{"@type":"ReadAction","target":["https:\/\/portugalfashion.com\/mariacarlos-x-inesmanuel-na-semana-da-moda-de-andaluzia\/"]}]},{"@type":"ImageObject","inLanguage":"en-GB","@id":"https:\/\/portugalfashion.com\/mariacarlos-x-inesmanuel-na-semana-da-moda-de-andaluzia\/#primaryimage","url":"https:\/\/portugalfashion.com\/wp-content\/uploads\/2022\/03\/Foto-28-3-22-19-04-38_ccexpress.jpeg","contentUrl":"https:\/\/portugalfashion.com\/wp-content\/uploads\/2022\/03\/Foto-28-3-22-19-04-38_ccexpress.jpeg","width":620,"height":360},{"@type":"BreadcrumbList","@id":"https:\/\/portugalfashion.com\/mariacarlos-x-inesmanuel-na-semana-da-moda-de-andaluzia\/#breadcrumb","itemListElement":[{"@type":"ListItem","position":1,"name":"Home","item":"https:\/\/portugalfashion.com\/"},{"@type":"ListItem","position":2,"name":"MARIACARLOS X INESMANUEL NA SEMANA DA MODA DE ANDALUZIA"}]},{"@type":"WebSite","@id":"https:\/\/portugalfashion.com\/#website","url":"https:\/\/portugalfashion.com\/","name":"Portugal Fashion","description":"Moda e Eventos","publisher":{"@id":"https:\/\/portugalfashion.com\/#organization"},"potentialAction":[{"@type":"SearchAction","target":{"@type":"EntryPoint","urlTemplate":"https:\/\/portugalfashion.com\/?s={search_term_string}"},"query-input":{"@type":"PropertyValueSpecification","valueRequired":true,"valueName":"search_term_string"}}],"inLanguage":"en-GB"},{"@type":"Organization","@id":"https:\/\/portugalfashion.com\/#organization","name":"Portugal Fashion","url":"https:\/\/portugalfashion.com\/","logo":{"@type":"ImageObject","inLanguage":"en-GB","@id":"https:\/\/portugalfashion.com\/#\/schema\/logo\/image\/","url":"http:\/\/portugalfashion.com\/wp-content\/uploads\/2021\/08\/animated-logo-pf-black.svg","contentUrl":"http:\/\/portugalfashion.com\/wp-content\/uploads\/2021\/08\/animated-logo-pf-black.svg","width":1374,"height":670,"caption":"Portugal Fashion"},"image":{"@id":"https:\/\/portugalfashion.com\/#\/schema\/logo\/image\/"}},{"@type":"Person","@id":"https:\/\/portugalfashion.com\/#\/schema\/person\/5c5a913b2cd594f9e7a818bd846f07f4","name":"Portugal Fashion","image":{"@type":"ImageObject","inLanguage":"en-GB","@id":"https:\/\/portugalfashion.com\/#\/schema\/person\/image\/","url":"https:\/\/secure.gravatar.com\/avatar\/19ad09b6e9ee39a45adcdd5009950775897e89f8c17b880c25735c933a6d97f0?s=96&d=mm&r=g","contentUrl":"https:\/\/secure.gravatar.com\/avatar\/19ad09b6e9ee39a45adcdd5009950775897e89f8c17b880c25735c933a6d97f0?s=96&d=mm&r=g","caption":"Portugal Fashion"},"sameAs":["https:\/\/portugalfashion.com"],"url":"https:\/\/portugalfashion.com\/en\/author\/portugal-fashion\/"}]}},"_links":{"self":[{"href":"https:\/\/portugalfashion.com\/en\/wp-json\/wp\/v2\/posts\/13517","targetHints":{"allow":["GET"]}}],"collection":[{"href":"https:\/\/portugalfashion.com\/en\/wp-json\/wp\/v2\/posts"}],"about":[{"href":"https:\/\/portugalfashion.com\/en\/wp-json\/wp\/v2\/types\/post"}],"author":[{"embeddable":true,"href":"https:\/\/portugalfashion.com\/en\/wp-json\/wp\/v2\/users\/5"}],"replies":[{"embeddable":true,"href":"https:\/\/portugalfashion.com\/en\/wp-json\/wp\/v2\/comments?post=13517"}],"version-history":[{"count":1,"href":"https:\/\/portugalfashion.com\/en\/wp-json\/wp\/v2\/posts\/13517\/revisions"}],"predecessor-version":[{"id":13520,"href":"https:\/\/portugalfashion.com\/en\/wp-json\/wp\/v2\/posts\/13517\/revisions\/13520"}],"wp:featuredmedia":[{"embeddable":true,"href":"https:\/\/portugalfashion.com\/en\/wp-json\/wp\/v2\/media\/13519"}],"wp:attachment":[{"href":"https:\/\/portugalfashion.com\/en\/wp-json\/wp\/v2\/media?parent=13517"}],"wp:term":[{"taxonomy":"category","embeddable":true,"href":"https:\/\/portugalfashion.com\/en\/wp-json\/wp\/v2\/categories?post=13517"},{"taxonomy":"post_tag","embeddable":true,"href":"https:\/\/portugalfashion.com\/en\/wp-json\/wp\/v2\/tags?post=13517"}],"curies":[{"name":"wp","href":"https:\/\/api.w.org\/{rel}","templated":true}]}}