{"id":14191,"date":"2022-07-22T12:03:31","date_gmt":"2022-07-22T12:03:31","guid":{"rendered":"https:\/\/portugalfashion.com\/?p=14191"},"modified":"2022-07-22T15:11:52","modified_gmt":"2022-07-22T15:11:52","slug":"portugal-fashion-apoia-marquesalmeida-na-celebracao-da-parceria-com-artesaos-portugueses","status":"publish","type":"post","link":"https:\/\/portugalfashion.com\/en\/portugal-fashion-apoia-marquesalmeida-na-celebracao-da-parceria-com-artesaos-portugueses\/","title":{"rendered":"PORTUGAL FASHION APOIA MARQUES\u2019ALMEIDA NA CELEBRA\u00c7\u00c3O  DA PARCERIA COM ARTES\u00c3OS PORTUGUESES"},"content":{"rendered":"<p>O Portugal Fashion associou-se aos <a href=\"https:\/\/portugalfashion.com\/en\/designers\/marquesalmeida\/\">Marques\u2019Almeida<\/a> e apoiou a dupla na realiza\u00e7\u00e3o do <a href=\"https:\/\/www.instagram.com\/p\/CgSIW6Xla0l\/\">filme de apresenta\u00e7\u00e3o da cole\u00e7\u00e3o AW22<\/a>. Este projeto especial, inserido numa l\u00f3gica que corta com o paradigma tradicional das semanas da moda, pretende tamb\u00e9m ser uma forma de comunicar Portugal, com a sua enorme Costa Atl\u00e2ntica, bem como dar a conhecer um lifestyle muito pr\u00f3prio e as comunidades locais que, hoje, preservam saberes ancestrais.<\/p>\n<p>Foi em Viana do Castelo que a dupla, formada por Marta Marques e Paulo Almeida, gravou o filme de apresenta\u00e7\u00e3o da sua cole\u00e7\u00e3o outono-inverno 2022. A piscina das mar\u00e9s, na Praia do Norte, foi o local escolhido \u201cpara transportar o p\u00fablico para a paisagem dram\u00e1tica e de beleza crua da costa portuguesa\u201d.<\/p>\n<p>O v\u00eddeo da pr\u00e9-cole\u00e7\u00e3o AW22, lan\u00e7ado ontem, dia 21 de julho, \u00e0s 18h30, tem uma sensibilidade ecl\u00e9tica e rebelde. D\u00e1 continuidade ao compromisso dos Marques\u2018Almeida em melhorar cada vez mais as suas t\u00e9cnicas de fabrico e abastecimento, por forma a reduzir o impacto no ambiente e levar a marca numa viagem de aprendizagem sobre sustentabilidade.<\/p>\n<p>Os temas incluem uma paleta de cores que vai do preto, roxo, rosa chiclete e flashes de frutas c\u00edtricas. Patchwork psicad\u00e9lico e pe\u00e7as tie dye pop, com os ic\u00f3nicos jeans desfiados, adicionam uma desobedi\u00eancia sem esfor\u00e7o. Vestidos de rede branca e bordado ingl\u00eas harmoniosos contrastam com o oceano azul.<\/p>\n<p>\u201cOs nossos desfiles s\u00e3o sempre uma celebra\u00e7\u00e3o. A nossa comunidade re\u00fane-se para ser vista e para se apoiarem uns aos outros. Esta esta\u00e7\u00e3o \u00e9 particularmente especial porque damos as boas-vindas, \u00e0 nossa fam\u00edlia de M\u2019AKERS, a cinco artes\u00e3os e artistas que criaram algumas das pe\u00e7as do desfile. Juntamente com modelos e equipa, reunimo-nos todos neste cen\u00e1rio natural para partilhar uma experi\u00eancia, fazer conex\u00f5es reais, sentirmo-nos felizes, e celebrar o trabalho que criamos juntos. Se o prop\u00f3sito da M\u2019A n\u00e3o for mais do que isso, estamos genuinamente felizes.\u201d, explica a dupla.<\/p>\n<p>Mantendo sempre a sua comunidade global em primeiro plano, a dupla Marques\u2019Almeida segue uma programa\u00e7\u00e3o pr\u00f3pria, tendo sempre em vista o seu consumidor.<\/p>\n<p>A cole\u00e7\u00e3o incorpora pe\u00e7as do projeto M\u2019AKERS \u2013 pe\u00e7as esculturais de pesquisa, exclusivamente desenvolvidas por artistas e artes\u00e3os portugueses \u2013 com o objetivo de capacitar as comunidades locais e preservar os saberes ancestrais. O patchwork \u00e9 fundamental, e as escamas de peixe e lapas s\u00e3o usadas como objetos de beleza bordados em pe\u00e7as de vestu\u00e1rio.<\/p>\n<p><strong>Os cinco novos M&#8217;AKERS:<\/strong><\/p>\n<p>Aldevina Serpa \u2013 Especialista em Patchwork (A\u00e7ores);<\/p>\n<p>Sofia Afonso \u2013 Escama de peixe + lapa artesanal (Tr\u00e1s-os-Montes);<\/p>\n<p>\u201cSol e Brumas\u201d de S\u00f3nia B\u00e1rbara \u2013 Especialista em t\u00e9cnicas de patchwork circular (Mo\u00e7ambique);<\/p>\n<p>F\u00e1tima Ferreira &#8211; Artes\u00e3 t\u00eaxtil (P\u00f3voa de Varzim).<\/p>\n<p>&nbsp;<\/p>\n<p><strong>A cole\u00e7\u00e3o AW22 j\u00e1 est\u00e1 dispon\u00edvel para venda em <a href=\"http:\/\/www.marquesalmeida.com\">www.marquesalmeida.com<\/a><\/strong><\/p>","protected":false},"excerpt":{"rendered":"<p>O Portugal Fashion associou-se aos Marques\u2019Almeida e apoiou a dupla na realiza\u00e7\u00e3o do filme de apresenta\u00e7\u00e3o da cole\u00e7\u00e3o AW22. Este projeto especial, inserido numa l\u00f3gica que corta com o paradigma tradicional das semanas da moda, pretende tamb\u00e9m ser uma forma de comunicar Portugal, com a sua enorme Costa Atl\u00e2ntica, bem como dar a conhecer um [&hellip;]<\/p>","protected":false},"author":6,"featured_media":14192,"comment_status":"open","ping_status":"open","sticky":false,"template":"","format":"standard","meta":{"_acf_changed":false,"_monsterinsights_skip_tracking":false,"_monsterinsights_sitenote_active":false,"_monsterinsights_sitenote_note":"","_monsterinsights_sitenote_category":0,"footnotes":""},"categories":[1],"tags":[174,274],"class_list":["post-14191","post","type-post","status-publish","format-standard","has-post-thumbnail","hentry","category-portugal-fashion-en","tag-marques-almeida","tag-viana-do-castelo"],"acf":[],"yoast_head":"<!-- This site is optimized with the Yoast SEO plugin v24.2 - https:\/\/yoast.com\/wordpress\/plugins\/seo\/ -->\n<title>PORTUGAL FASHION APOIA MARQUES\u2019ALMEIDA NA CELEBRA\u00c7\u00c3O DA PARCERIA COM ARTES\u00c3OS PORTUGUESES - Portugal Fashion<\/title>\n<meta name=\"robots\" content=\"index, follow, max-snippet:-1, max-image-preview:large, max-video-preview:-1\" \/>\n<link rel=\"canonical\" href=\"https:\/\/portugalfashion.com\/en\/portugal-fashion-apoia-marquesalmeida-na-celebracao-da-parceria-com-artesaos-portugueses\/\" \/>\n<meta property=\"og:locale\" content=\"en_GB\" \/>\n<meta property=\"og:type\" content=\"article\" \/>\n<meta property=\"og:title\" content=\"PORTUGAL FASHION APOIA MARQUES\u2019ALMEIDA NA CELEBRA\u00c7\u00c3O DA PARCERIA COM ARTES\u00c3OS PORTUGUESES - Portugal Fashion\" \/>\n<meta property=\"og:description\" content=\"O Portugal Fashion associou-se aos Marques\u2019Almeida e apoiou a dupla na realiza\u00e7\u00e3o do filme de apresenta\u00e7\u00e3o da cole\u00e7\u00e3o AW22. Este projeto especial, inserido numa l\u00f3gica que corta com o paradigma tradicional das semanas da moda, pretende tamb\u00e9m ser uma forma de comunicar Portugal, com a sua enorme Costa Atl\u00e2ntica, bem como dar a conhecer um [&hellip;]\" \/>\n<meta property=\"og:url\" content=\"https:\/\/portugalfashion.com\/en\/portugal-fashion-apoia-marquesalmeida-na-celebracao-da-parceria-com-artesaos-portugueses\/\" \/>\n<meta property=\"og:site_name\" content=\"Portugal Fashion\" \/>\n<meta property=\"article:published_time\" content=\"2022-07-22T12:03:31+00:00\" \/>\n<meta property=\"article:modified_time\" content=\"2022-07-22T15:11:52+00:00\" \/>\n<meta property=\"og:image\" content=\"https:\/\/portugalfashion.com\/wp-content\/uploads\/2022\/07\/MARQUES-ALMEIDA-VIANA-SHOW.png\" \/>\n\t<meta property=\"og:image:width\" content=\"1024\" \/>\n\t<meta property=\"og:image:height\" content=\"594\" \/>\n\t<meta property=\"og:image:type\" content=\"image\/png\" \/>\n<meta name=\"author\" content=\"Carolina Pereira\" \/>\n<meta name=\"twitter:card\" content=\"summary_large_image\" \/>\n<meta name=\"twitter:label1\" content=\"Written by\" \/>\n\t<meta name=\"twitter:data1\" content=\"Carolina Pereira\" \/>\n\t<meta name=\"twitter:label2\" content=\"Est. reading time\" \/>\n\t<meta name=\"twitter:data2\" content=\"3 minutes\" \/>\n<script type=\"application\/ld+json\" class=\"yoast-schema-graph\">{\"@context\":\"https:\/\/schema.org\",\"@graph\":[{\"@type\":\"Article\",\"@id\":\"https:\/\/portugalfashion.com\/portugal-fashion-apoia-marquesalmeida-na-celebracao-da-parceria-com-artesaos-portugueses\/#article\",\"isPartOf\":{\"@id\":\"https:\/\/portugalfashion.com\/portugal-fashion-apoia-marquesalmeida-na-celebracao-da-parceria-com-artesaos-portugueses\/\"},\"author\":{\"name\":\"Carolina Pereira\",\"@id\":\"https:\/\/portugalfashion.com\/#\/schema\/person\/ae1fff69d3249eac39d22a20a1bba9e3\"},\"headline\":\"PORTUGAL FASHION APOIA MARQUES\u2019ALMEIDA NA CELEBRA\u00c7\u00c3O DA PARCERIA COM ARTES\u00c3OS PORTUGUESES\",\"datePublished\":\"2022-07-22T12:03:31+00:00\",\"dateModified\":\"2022-07-22T15:11:52+00:00\",\"mainEntityOfPage\":{\"@id\":\"https:\/\/portugalfashion.com\/portugal-fashion-apoia-marquesalmeida-na-celebracao-da-parceria-com-artesaos-portugueses\/\"},\"wordCount\":514,\"commentCount\":0,\"publisher\":{\"@id\":\"https:\/\/portugalfashion.com\/#organization\"},\"image\":{\"@id\":\"https:\/\/portugalfashion.com\/portugal-fashion-apoia-marquesalmeida-na-celebracao-da-parceria-com-artesaos-portugueses\/#primaryimage\"},\"thumbnailUrl\":\"https:\/\/portugalfashion.com\/wp-content\/uploads\/2022\/07\/MARQUES-ALMEIDA-VIANA-SHOW.png\",\"keywords\":[\"MARQUES ALMEIDA\",\"VIANA DO CASTELO\"],\"articleSection\":[\"Portugal Fashion\"],\"inLanguage\":\"en-GB\",\"potentialAction\":[{\"@type\":\"CommentAction\",\"name\":\"Comment\",\"target\":[\"https:\/\/portugalfashion.com\/portugal-fashion-apoia-marquesalmeida-na-celebracao-da-parceria-com-artesaos-portugueses\/#respond\"]}]},{\"@type\":\"WebPage\",\"@id\":\"https:\/\/portugalfashion.com\/portugal-fashion-apoia-marquesalmeida-na-celebracao-da-parceria-com-artesaos-portugueses\/\",\"url\":\"https:\/\/portugalfashion.com\/portugal-fashion-apoia-marquesalmeida-na-celebracao-da-parceria-com-artesaos-portugueses\/\",\"name\":\"PORTUGAL FASHION APOIA MARQUES\u2019ALMEIDA NA CELEBRA\u00c7\u00c3O DA PARCERIA COM ARTES\u00c3OS PORTUGUESES - Portugal Fashion\",\"isPartOf\":{\"@id\":\"https:\/\/portugalfashion.com\/#website\"},\"primaryImageOfPage\":{\"@id\":\"https:\/\/portugalfashion.com\/portugal-fashion-apoia-marquesalmeida-na-celebracao-da-parceria-com-artesaos-portugueses\/#primaryimage\"},\"image\":{\"@id\":\"https:\/\/portugalfashion.com\/portugal-fashion-apoia-marquesalmeida-na-celebracao-da-parceria-com-artesaos-portugueses\/#primaryimage\"},\"thumbnailUrl\":\"https:\/\/portugalfashion.com\/wp-content\/uploads\/2022\/07\/MARQUES-ALMEIDA-VIANA-SHOW.png\",\"datePublished\":\"2022-07-22T12:03:31+00:00\",\"dateModified\":\"2022-07-22T15:11:52+00:00\",\"breadcrumb\":{\"@id\":\"https:\/\/portugalfashion.com\/portugal-fashion-apoia-marquesalmeida-na-celebracao-da-parceria-com-artesaos-portugueses\/#breadcrumb\"},\"inLanguage\":\"en-GB\",\"potentialAction\":[{\"@type\":\"ReadAction\",\"target\":[\"https:\/\/portugalfashion.com\/portugal-fashion-apoia-marquesalmeida-na-celebracao-da-parceria-com-artesaos-portugueses\/\"]}]},{\"@type\":\"ImageObject\",\"inLanguage\":\"en-GB\",\"@id\":\"https:\/\/portugalfashion.com\/portugal-fashion-apoia-marquesalmeida-na-celebracao-da-parceria-com-artesaos-portugueses\/#primaryimage\",\"url\":\"https:\/\/portugalfashion.com\/wp-content\/uploads\/2022\/07\/MARQUES-ALMEIDA-VIANA-SHOW.png\",\"contentUrl\":\"https:\/\/portugalfashion.com\/wp-content\/uploads\/2022\/07\/MARQUES-ALMEIDA-VIANA-SHOW.png\",\"width\":1024,\"height\":594},{\"@type\":\"BreadcrumbList\",\"@id\":\"https:\/\/portugalfashion.com\/portugal-fashion-apoia-marquesalmeida-na-celebracao-da-parceria-com-artesaos-portugueses\/#breadcrumb\",\"itemListElement\":[{\"@type\":\"ListItem\",\"position\":1,\"name\":\"Home\",\"item\":\"https:\/\/portugalfashion.com\/\"},{\"@type\":\"ListItem\",\"position\":2,\"name\":\"PORTUGAL FASHION APOIA MARQUES\u2019ALMEIDA NA CELEBRA\u00c7\u00c3O DA PARCERIA COM ARTES\u00c3OS PORTUGUESES\"}]},{\"@type\":\"WebSite\",\"@id\":\"https:\/\/portugalfashion.com\/#website\",\"url\":\"https:\/\/portugalfashion.com\/\",\"name\":\"Portugal Fashion\",\"description\":\"Moda e Eventos\",\"publisher\":{\"@id\":\"https:\/\/portugalfashion.com\/#organization\"},\"potentialAction\":[{\"@type\":\"SearchAction\",\"target\":{\"@type\":\"EntryPoint\",\"urlTemplate\":\"https:\/\/portugalfashion.com\/?s={search_term_string}\"},\"query-input\":{\"@type\":\"PropertyValueSpecification\",\"valueRequired\":true,\"valueName\":\"search_term_string\"}}],\"inLanguage\":\"en-GB\"},{\"@type\":\"Organization\",\"@id\":\"https:\/\/portugalfashion.com\/#organization\",\"name\":\"Portugal Fashion\",\"url\":\"https:\/\/portugalfashion.com\/\",\"logo\":{\"@type\":\"ImageObject\",\"inLanguage\":\"en-GB\",\"@id\":\"https:\/\/portugalfashion.com\/#\/schema\/logo\/image\/\",\"url\":\"http:\/\/portugalfashion.com\/wp-content\/uploads\/2021\/08\/animated-logo-pf-black.svg\",\"contentUrl\":\"http:\/\/portugalfashion.com\/wp-content\/uploads\/2021\/08\/animated-logo-pf-black.svg\",\"width\":1374,\"height\":670,\"caption\":\"Portugal Fashion\"},\"image\":{\"@id\":\"https:\/\/portugalfashion.com\/#\/schema\/logo\/image\/\"}},{\"@type\":\"Person\",\"@id\":\"https:\/\/portugalfashion.com\/#\/schema\/person\/ae1fff69d3249eac39d22a20a1bba9e3\",\"name\":\"Carolina Pereira\",\"image\":{\"@type\":\"ImageObject\",\"inLanguage\":\"en-GB\",\"@id\":\"https:\/\/portugalfashion.com\/#\/schema\/person\/image\/\",\"url\":\"https:\/\/secure.gravatar.com\/avatar\/18ec938658932cfb7907988cdf19bafee41b382bff8cd6316c7a81091f1fbeb8?s=96&d=mm&r=g\",\"contentUrl\":\"https:\/\/secure.gravatar.com\/avatar\/18ec938658932cfb7907988cdf19bafee41b382bff8cd6316c7a81091f1fbeb8?s=96&d=mm&r=g\",\"caption\":\"Carolina Pereira\"},\"url\":\"https:\/\/portugalfashion.com\/en\/author\/carolina\/\"}]}<\/script>\n<!-- \/ Yoast SEO plugin. -->","yoast_head_json":{"title":"PORTUGAL FASHION APOIA MARQUES\u2019ALMEIDA NA CELEBRA\u00c7\u00c3O DA PARCERIA COM ARTES\u00c3OS PORTUGUESES - Portugal Fashion","robots":{"index":"index","follow":"follow","max-snippet":"max-snippet:-1","max-image-preview":"max-image-preview:large","max-video-preview":"max-video-preview:-1"},"canonical":"https:\/\/portugalfashion.com\/en\/portugal-fashion-apoia-marquesalmeida-na-celebracao-da-parceria-com-artesaos-portugueses\/","og_locale":"en_GB","og_type":"article","og_title":"PORTUGAL FASHION APOIA MARQUES\u2019ALMEIDA NA CELEBRA\u00c7\u00c3O DA PARCERIA COM ARTES\u00c3OS PORTUGUESES - Portugal Fashion","og_description":"O Portugal Fashion associou-se aos Marques\u2019Almeida e apoiou a dupla na realiza\u00e7\u00e3o do filme de apresenta\u00e7\u00e3o da cole\u00e7\u00e3o AW22. Este projeto especial, inserido numa l\u00f3gica que corta com o paradigma tradicional das semanas da moda, pretende tamb\u00e9m ser uma forma de comunicar Portugal, com a sua enorme Costa Atl\u00e2ntica, bem como dar a conhecer um [&hellip;]","og_url":"https:\/\/portugalfashion.com\/en\/portugal-fashion-apoia-marquesalmeida-na-celebracao-da-parceria-com-artesaos-portugueses\/","og_site_name":"Portugal Fashion","article_published_time":"2022-07-22T12:03:31+00:00","article_modified_time":"2022-07-22T15:11:52+00:00","og_image":[{"width":1024,"height":594,"url":"https:\/\/portugalfashion.com\/wp-content\/uploads\/2022\/07\/MARQUES-ALMEIDA-VIANA-SHOW.png","type":"image\/png"}],"author":"Carolina Pereira","twitter_card":"summary_large_image","twitter_misc":{"Written by":"Carolina Pereira","Est. reading time":"3 minutes"},"schema":{"@context":"https:\/\/schema.org","@graph":[{"@type":"Article","@id":"https:\/\/portugalfashion.com\/portugal-fashion-apoia-marquesalmeida-na-celebracao-da-parceria-com-artesaos-portugueses\/#article","isPartOf":{"@id":"https:\/\/portugalfashion.com\/portugal-fashion-apoia-marquesalmeida-na-celebracao-da-parceria-com-artesaos-portugueses\/"},"author":{"name":"Carolina Pereira","@id":"https:\/\/portugalfashion.com\/#\/schema\/person\/ae1fff69d3249eac39d22a20a1bba9e3"},"headline":"PORTUGAL FASHION APOIA MARQUES\u2019ALMEIDA NA CELEBRA\u00c7\u00c3O DA PARCERIA COM ARTES\u00c3OS PORTUGUESES","datePublished":"2022-07-22T12:03:31+00:00","dateModified":"2022-07-22T15:11:52+00:00","mainEntityOfPage":{"@id":"https:\/\/portugalfashion.com\/portugal-fashion-apoia-marquesalmeida-na-celebracao-da-parceria-com-artesaos-portugueses\/"},"wordCount":514,"commentCount":0,"publisher":{"@id":"https:\/\/portugalfashion.com\/#organization"},"image":{"@id":"https:\/\/portugalfashion.com\/portugal-fashion-apoia-marquesalmeida-na-celebracao-da-parceria-com-artesaos-portugueses\/#primaryimage"},"thumbnailUrl":"https:\/\/portugalfashion.com\/wp-content\/uploads\/2022\/07\/MARQUES-ALMEIDA-VIANA-SHOW.png","keywords":["MARQUES ALMEIDA","VIANA DO CASTELO"],"articleSection":["Portugal Fashion"],"inLanguage":"en-GB","potentialAction":[{"@type":"CommentAction","name":"Comment","target":["https:\/\/portugalfashion.com\/portugal-fashion-apoia-marquesalmeida-na-celebracao-da-parceria-com-artesaos-portugueses\/#respond"]}]},{"@type":"WebPage","@id":"https:\/\/portugalfashion.com\/portugal-fashion-apoia-marquesalmeida-na-celebracao-da-parceria-com-artesaos-portugueses\/","url":"https:\/\/portugalfashion.com\/portugal-fashion-apoia-marquesalmeida-na-celebracao-da-parceria-com-artesaos-portugueses\/","name":"PORTUGAL FASHION APOIA MARQUES\u2019ALMEIDA NA CELEBRA\u00c7\u00c3O DA PARCERIA COM ARTES\u00c3OS PORTUGUESES - Portugal Fashion","isPartOf":{"@id":"https:\/\/portugalfashion.com\/#website"},"primaryImageOfPage":{"@id":"https:\/\/portugalfashion.com\/portugal-fashion-apoia-marquesalmeida-na-celebracao-da-parceria-com-artesaos-portugueses\/#primaryimage"},"image":{"@id":"https:\/\/portugalfashion.com\/portugal-fashion-apoia-marquesalmeida-na-celebracao-da-parceria-com-artesaos-portugueses\/#primaryimage"},"thumbnailUrl":"https:\/\/portugalfashion.com\/wp-content\/uploads\/2022\/07\/MARQUES-ALMEIDA-VIANA-SHOW.png","datePublished":"2022-07-22T12:03:31+00:00","dateModified":"2022-07-22T15:11:52+00:00","breadcrumb":{"@id":"https:\/\/portugalfashion.com\/portugal-fashion-apoia-marquesalmeida-na-celebracao-da-parceria-com-artesaos-portugueses\/#breadcrumb"},"inLanguage":"en-GB","potentialAction":[{"@type":"ReadAction","target":["https:\/\/portugalfashion.com\/portugal-fashion-apoia-marquesalmeida-na-celebracao-da-parceria-com-artesaos-portugueses\/"]}]},{"@type":"ImageObject","inLanguage":"en-GB","@id":"https:\/\/portugalfashion.com\/portugal-fashion-apoia-marquesalmeida-na-celebracao-da-parceria-com-artesaos-portugueses\/#primaryimage","url":"https:\/\/portugalfashion.com\/wp-content\/uploads\/2022\/07\/MARQUES-ALMEIDA-VIANA-SHOW.png","contentUrl":"https:\/\/portugalfashion.com\/wp-content\/uploads\/2022\/07\/MARQUES-ALMEIDA-VIANA-SHOW.png","width":1024,"height":594},{"@type":"BreadcrumbList","@id":"https:\/\/portugalfashion.com\/portugal-fashion-apoia-marquesalmeida-na-celebracao-da-parceria-com-artesaos-portugueses\/#breadcrumb","itemListElement":[{"@type":"ListItem","position":1,"name":"Home","item":"https:\/\/portugalfashion.com\/"},{"@type":"ListItem","position":2,"name":"PORTUGAL FASHION APOIA MARQUES\u2019ALMEIDA NA CELEBRA\u00c7\u00c3O DA PARCERIA COM ARTES\u00c3OS PORTUGUESES"}]},{"@type":"WebSite","@id":"https:\/\/portugalfashion.com\/#website","url":"https:\/\/portugalfashion.com\/","name":"Portugal Fashion","description":"Moda e Eventos","publisher":{"@id":"https:\/\/portugalfashion.com\/#organization"},"potentialAction":[{"@type":"SearchAction","target":{"@type":"EntryPoint","urlTemplate":"https:\/\/portugalfashion.com\/?s={search_term_string}"},"query-input":{"@type":"PropertyValueSpecification","valueRequired":true,"valueName":"search_term_string"}}],"inLanguage":"en-GB"},{"@type":"Organization","@id":"https:\/\/portugalfashion.com\/#organization","name":"Portugal Fashion","url":"https:\/\/portugalfashion.com\/","logo":{"@type":"ImageObject","inLanguage":"en-GB","@id":"https:\/\/portugalfashion.com\/#\/schema\/logo\/image\/","url":"http:\/\/portugalfashion.com\/wp-content\/uploads\/2021\/08\/animated-logo-pf-black.svg","contentUrl":"http:\/\/portugalfashion.com\/wp-content\/uploads\/2021\/08\/animated-logo-pf-black.svg","width":1374,"height":670,"caption":"Portugal Fashion"},"image":{"@id":"https:\/\/portugalfashion.com\/#\/schema\/logo\/image\/"}},{"@type":"Person","@id":"https:\/\/portugalfashion.com\/#\/schema\/person\/ae1fff69d3249eac39d22a20a1bba9e3","name":"Carolina Pereira","image":{"@type":"ImageObject","inLanguage":"en-GB","@id":"https:\/\/portugalfashion.com\/#\/schema\/person\/image\/","url":"https:\/\/secure.gravatar.com\/avatar\/18ec938658932cfb7907988cdf19bafee41b382bff8cd6316c7a81091f1fbeb8?s=96&d=mm&r=g","contentUrl":"https:\/\/secure.gravatar.com\/avatar\/18ec938658932cfb7907988cdf19bafee41b382bff8cd6316c7a81091f1fbeb8?s=96&d=mm&r=g","caption":"Carolina Pereira"},"url":"https:\/\/portugalfashion.com\/en\/author\/carolina\/"}]}},"_links":{"self":[{"href":"https:\/\/portugalfashion.com\/en\/wp-json\/wp\/v2\/posts\/14191","targetHints":{"allow":["GET"]}}],"collection":[{"href":"https:\/\/portugalfashion.com\/en\/wp-json\/wp\/v2\/posts"}],"about":[{"href":"https:\/\/portugalfashion.com\/en\/wp-json\/wp\/v2\/types\/post"}],"author":[{"embeddable":true,"href":"https:\/\/portugalfashion.com\/en\/wp-json\/wp\/v2\/users\/6"}],"replies":[{"embeddable":true,"href":"https:\/\/portugalfashion.com\/en\/wp-json\/wp\/v2\/comments?post=14191"}],"version-history":[{"count":1,"href":"https:\/\/portugalfashion.com\/en\/wp-json\/wp\/v2\/posts\/14191\/revisions"}],"predecessor-version":[{"id":14193,"href":"https:\/\/portugalfashion.com\/en\/wp-json\/wp\/v2\/posts\/14191\/revisions\/14193"}],"wp:featuredmedia":[{"embeddable":true,"href":"https:\/\/portugalfashion.com\/en\/wp-json\/wp\/v2\/media\/14192"}],"wp:attachment":[{"href":"https:\/\/portugalfashion.com\/en\/wp-json\/wp\/v2\/media?parent=14191"}],"wp:term":[{"taxonomy":"category","embeddable":true,"href":"https:\/\/portugalfashion.com\/en\/wp-json\/wp\/v2\/categories?post=14191"},{"taxonomy":"post_tag","embeddable":true,"href":"https:\/\/portugalfashion.com\/en\/wp-json\/wp\/v2\/tags?post=14191"}],"curies":[{"name":"wp","href":"https:\/\/api.w.org\/{rel}","templated":true}]}}