{"id":14835,"date":"2022-10-19T11:16:26","date_gmt":"2022-10-19T11:16:26","guid":{"rendered":"https:\/\/portugalfashion.com\/?p=14835"},"modified":"2022-10-19T11:16:26","modified_gmt":"2022-10-19T11:16:26","slug":"obsidian-by-claudia-vieira-no-portugal-fashion","status":"publish","type":"post","link":"https:\/\/portugalfashion.com\/en\/obsidian-by-claudia-vieira-no-portugal-fashion\/","title":{"rendered":"OBSIDIAN BY CL\u00c1UDIA VIEIRA NO PORTUGAL FASHION"},"content":{"rendered":"<p>OBSIDIAN \u00e9 o novo projeto de\u00a0<strong>Cl\u00e1udia Vieira<\/strong>,\u00a0<strong>Gabriela Pinheiro<\/strong>\u00a0and<strong>\u00a0Raquel Vasconcelos<\/strong>, uma marca de roupa 100% portuguesa, que aposta na sustentabilidade e que apresentou a sua primeira cole\u00e7\u00e3o c\u00e1psula no dia 13 de outubro, no WOW, em Vila Nova de Gaia, no arranque do Portugal Fashion<i>.<\/i><\/p>\n<p>A apresenta\u00e7\u00e3o contou com a presen\u00e7a de v\u00e1rias caras conhecidas dos portugueses, como Lu\u00eds Onofre, Carina Caldeira, Lu\u00eds Borges, Lu\u00eds Carvalho, Maria e Francisca Cerqueira Gomes\u00a0e\u00a0Miguel Vieira.<\/p>\n<p>As criadoras da marca OBSIDIAN, conscientes do seu papel na sociedade, inspiradas por cores e detalhes e motivadas por mudan\u00e7as positivas e naturais, tiveram a preocupa\u00e7\u00e3o de criar uma cole\u00e7\u00e3o c\u00e1psula: com poucas pe\u00e7as, vers\u00e1teis, intemporais, com mat\u00e9rias primas naturais e recicladas. <strong>\u201cA nossa premissa \u00e9 oferecer \u00e0s consumidoras que gostam de arriscar pe\u00e7as diferentes e da forma mais consciente poss\u00edvel\u201d<\/strong>, explica a atriz Cl\u00e1udia Vieira.<\/p>\n<p>Conscientes do n\u00famero crescente de marcas de roupa nacionais que t\u00eam surgido, queriam trazer algo diferenciador, continua a atriz: <strong>\u201cTemos de ser conscientes e ter no\u00e7\u00e3o de que o mercado tem muita oferta. Mas n\u00e3o est\u00e1 saturado de marcas que tentam ser o mais\u00a0sustent\u00e1veis poss\u00edvel.\u201d<\/strong> E essa sustentabilidade passa n\u00e3o s\u00f3 pela escolha dos tecidos naturais de qualidade, como o rar\u00edssimo algod\u00e3o supima, ou do poli\u00e9ster reciclado, como tamb\u00e9m por criar pe\u00e7as vers\u00e1teis que possam ficar no guarda-roupa das mulheres que as vestem por muito tempo.<\/p>\n<div>\n<p>A marca vai lan\u00e7ar v\u00e1rias colec\u00e7\u00f5es-c\u00e1psulas, sem periodicidade definida nem reposi\u00e7\u00e3o. A primeira, com nove pe\u00e7as, est\u00e1 \u00e0 venda a partir desta quinta-feira, na loja <em>online<\/em>, nas Lojas das Meias, em Lisboa e Matosinhos, bem como na Just Ceuta, na Baixa do Porto. Os pre\u00e7os oscilam entre os 90 (a <em>T-shirt<\/em>) e os 370 euros (a gabardine).<\/p>\n<\/div>","protected":false},"excerpt":{"rendered":"<p>OBSIDIAN \u00e9 o novo projeto de\u00a0Cl\u00e1udia Vieira,\u00a0Gabriela Pinheiro\u00a0e\u00a0Raquel Vasconcelos, uma marca de roupa 100% portuguesa, que aposta na sustentabilidade e que apresentou a sua primeira cole\u00e7\u00e3o c\u00e1psula no dia 13 de outubro, no WOW, em Vila Nova de Gaia, no arranque do Portugal Fashion. A apresenta\u00e7\u00e3o contou com a presen\u00e7a de v\u00e1rias caras conhecidas dos [&hellip;]<\/p>","protected":false},"author":7,"featured_media":14837,"comment_status":"open","ping_status":"open","sticky":false,"template":"","format":"standard","meta":{"_acf_changed":false,"_monsterinsights_skip_tracking":false,"_monsterinsights_sitenote_active":false,"_monsterinsights_sitenote_note":"","_monsterinsights_sitenote_category":0,"footnotes":""},"categories":[1,20],"tags":[],"class_list":["post-14835","post","type-post","status-publish","format-standard","has-post-thumbnail","hentry","category-portugal-fashion-en","category-portugal-fashion-pt"],"acf":[],"yoast_head":"<!-- This site is optimized with the Yoast SEO plugin v24.2 - https:\/\/yoast.com\/wordpress\/plugins\/seo\/ -->\n<title>OBSIDIAN BY CL\u00c1UDIA VIEIRA NO PORTUGAL FASHION - Portugal Fashion<\/title>\n<meta name=\"robots\" content=\"index, follow, max-snippet:-1, max-image-preview:large, max-video-preview:-1\" \/>\n<link rel=\"canonical\" href=\"https:\/\/portugalfashion.com\/en\/obsidian-by-claudia-vieira-no-portugal-fashion\/\" \/>\n<meta property=\"og:locale\" content=\"en_GB\" \/>\n<meta property=\"og:type\" content=\"article\" \/>\n<meta property=\"og:title\" content=\"OBSIDIAN BY CL\u00c1UDIA VIEIRA NO PORTUGAL FASHION - Portugal Fashion\" \/>\n<meta property=\"og:description\" content=\"OBSIDIAN \u00e9 o novo projeto de\u00a0Cl\u00e1udia Vieira,\u00a0Gabriela Pinheiro\u00a0e\u00a0Raquel Vasconcelos, uma marca de roupa 100% portuguesa, que aposta na sustentabilidade e que apresentou a sua primeira cole\u00e7\u00e3o c\u00e1psula no dia 13 de outubro, no WOW, em Vila Nova de Gaia, no arranque do Portugal Fashion. A apresenta\u00e7\u00e3o contou com a presen\u00e7a de v\u00e1rias caras conhecidas dos [&hellip;]\" \/>\n<meta property=\"og:url\" content=\"https:\/\/portugalfashion.com\/en\/obsidian-by-claudia-vieira-no-portugal-fashion\/\" \/>\n<meta property=\"og:site_name\" content=\"Portugal Fashion\" \/>\n<meta property=\"article:published_time\" content=\"2022-10-19T11:16:26+00:00\" \/>\n<meta property=\"og:image\" content=\"https:\/\/portugalfashion.com\/wp-content\/uploads\/2022\/10\/WhatsApp-Image-2022-10-14-at-10.01.20.jpeg\" \/>\n\t<meta property=\"og:image:width\" content=\"1600\" \/>\n\t<meta property=\"og:image:height\" content=\"1066\" \/>\n\t<meta property=\"og:image:type\" content=\"image\/jpeg\" \/>\n<meta name=\"author\" content=\"Press Room\" \/>\n<meta name=\"twitter:card\" content=\"summary_large_image\" \/>\n<meta name=\"twitter:label1\" content=\"Written by\" \/>\n\t<meta name=\"twitter:data1\" content=\"Press Room\" \/>\n\t<meta name=\"twitter:label2\" content=\"Est. reading time\" \/>\n\t<meta name=\"twitter:data2\" content=\"2 minutes\" \/>\n<script type=\"application\/ld+json\" class=\"yoast-schema-graph\">{\"@context\":\"https:\/\/schema.org\",\"@graph\":[{\"@type\":\"Article\",\"@id\":\"https:\/\/portugalfashion.com\/obsidian-by-claudia-vieira-no-portugal-fashion\/#article\",\"isPartOf\":{\"@id\":\"https:\/\/portugalfashion.com\/obsidian-by-claudia-vieira-no-portugal-fashion\/\"},\"author\":{\"name\":\"Press Room\",\"@id\":\"https:\/\/portugalfashion.com\/#\/schema\/person\/1fd3a84c1235ef0fadf65f45a9e3f195\"},\"headline\":\"OBSIDIAN BY CL\u00c1UDIA VIEIRA NO PORTUGAL FASHION\",\"datePublished\":\"2022-10-19T11:16:26+00:00\",\"dateModified\":\"2022-10-19T11:16:26+00:00\",\"mainEntityOfPage\":{\"@id\":\"https:\/\/portugalfashion.com\/obsidian-by-claudia-vieira-no-portugal-fashion\/\"},\"wordCount\":327,\"commentCount\":0,\"publisher\":{\"@id\":\"https:\/\/portugalfashion.com\/#organization\"},\"image\":{\"@id\":\"https:\/\/portugalfashion.com\/obsidian-by-claudia-vieira-no-portugal-fashion\/#primaryimage\"},\"thumbnailUrl\":\"https:\/\/portugalfashion.com\/wp-content\/uploads\/2022\/10\/WhatsApp-Image-2022-10-14-at-10.01.20.jpeg\",\"articleSection\":[\"Portugal Fashion\",\"Portugal Fashion\"],\"inLanguage\":\"en-GB\",\"potentialAction\":[{\"@type\":\"CommentAction\",\"name\":\"Comment\",\"target\":[\"https:\/\/portugalfashion.com\/obsidian-by-claudia-vieira-no-portugal-fashion\/#respond\"]}]},{\"@type\":\"WebPage\",\"@id\":\"https:\/\/portugalfashion.com\/obsidian-by-claudia-vieira-no-portugal-fashion\/\",\"url\":\"https:\/\/portugalfashion.com\/obsidian-by-claudia-vieira-no-portugal-fashion\/\",\"name\":\"OBSIDIAN BY CL\u00c1UDIA VIEIRA NO PORTUGAL FASHION - Portugal Fashion\",\"isPartOf\":{\"@id\":\"https:\/\/portugalfashion.com\/#website\"},\"primaryImageOfPage\":{\"@id\":\"https:\/\/portugalfashion.com\/obsidian-by-claudia-vieira-no-portugal-fashion\/#primaryimage\"},\"image\":{\"@id\":\"https:\/\/portugalfashion.com\/obsidian-by-claudia-vieira-no-portugal-fashion\/#primaryimage\"},\"thumbnailUrl\":\"https:\/\/portugalfashion.com\/wp-content\/uploads\/2022\/10\/WhatsApp-Image-2022-10-14-at-10.01.20.jpeg\",\"datePublished\":\"2022-10-19T11:16:26+00:00\",\"dateModified\":\"2022-10-19T11:16:26+00:00\",\"breadcrumb\":{\"@id\":\"https:\/\/portugalfashion.com\/obsidian-by-claudia-vieira-no-portugal-fashion\/#breadcrumb\"},\"inLanguage\":\"en-GB\",\"potentialAction\":[{\"@type\":\"ReadAction\",\"target\":[\"https:\/\/portugalfashion.com\/obsidian-by-claudia-vieira-no-portugal-fashion\/\"]}]},{\"@type\":\"ImageObject\",\"inLanguage\":\"en-GB\",\"@id\":\"https:\/\/portugalfashion.com\/obsidian-by-claudia-vieira-no-portugal-fashion\/#primaryimage\",\"url\":\"https:\/\/portugalfashion.com\/wp-content\/uploads\/2022\/10\/WhatsApp-Image-2022-10-14-at-10.01.20.jpeg\",\"contentUrl\":\"https:\/\/portugalfashion.com\/wp-content\/uploads\/2022\/10\/WhatsApp-Image-2022-10-14-at-10.01.20.jpeg\",\"width\":1600,\"height\":1066},{\"@type\":\"BreadcrumbList\",\"@id\":\"https:\/\/portugalfashion.com\/obsidian-by-claudia-vieira-no-portugal-fashion\/#breadcrumb\",\"itemListElement\":[{\"@type\":\"ListItem\",\"position\":1,\"name\":\"Home\",\"item\":\"https:\/\/portugalfashion.com\/\"},{\"@type\":\"ListItem\",\"position\":2,\"name\":\"OBSIDIAN BY CL\u00c1UDIA VIEIRA NO PORTUGAL FASHION\"}]},{\"@type\":\"WebSite\",\"@id\":\"https:\/\/portugalfashion.com\/#website\",\"url\":\"https:\/\/portugalfashion.com\/\",\"name\":\"Portugal Fashion\",\"description\":\"Moda e Eventos\",\"publisher\":{\"@id\":\"https:\/\/portugalfashion.com\/#organization\"},\"potentialAction\":[{\"@type\":\"SearchAction\",\"target\":{\"@type\":\"EntryPoint\",\"urlTemplate\":\"https:\/\/portugalfashion.com\/?s={search_term_string}\"},\"query-input\":{\"@type\":\"PropertyValueSpecification\",\"valueRequired\":true,\"valueName\":\"search_term_string\"}}],\"inLanguage\":\"en-GB\"},{\"@type\":\"Organization\",\"@id\":\"https:\/\/portugalfashion.com\/#organization\",\"name\":\"Portugal Fashion\",\"url\":\"https:\/\/portugalfashion.com\/\",\"logo\":{\"@type\":\"ImageObject\",\"inLanguage\":\"en-GB\",\"@id\":\"https:\/\/portugalfashion.com\/#\/schema\/logo\/image\/\",\"url\":\"http:\/\/portugalfashion.com\/wp-content\/uploads\/2021\/08\/animated-logo-pf-black.svg\",\"contentUrl\":\"http:\/\/portugalfashion.com\/wp-content\/uploads\/2021\/08\/animated-logo-pf-black.svg\",\"width\":1374,\"height\":670,\"caption\":\"Portugal Fashion\"},\"image\":{\"@id\":\"https:\/\/portugalfashion.com\/#\/schema\/logo\/image\/\"}},{\"@type\":\"Person\",\"@id\":\"https:\/\/portugalfashion.com\/#\/schema\/person\/1fd3a84c1235ef0fadf65f45a9e3f195\",\"name\":\"Press Room\",\"image\":{\"@type\":\"ImageObject\",\"inLanguage\":\"en-GB\",\"@id\":\"https:\/\/portugalfashion.com\/#\/schema\/person\/image\/\",\"url\":\"https:\/\/secure.gravatar.com\/avatar\/5ecaed4670c577a8662a7a50e48f7da606a11b7afb87b2c50a5f14dcdcac27f4?s=96&d=mm&r=g\",\"contentUrl\":\"https:\/\/secure.gravatar.com\/avatar\/5ecaed4670c577a8662a7a50e48f7da606a11b7afb87b2c50a5f14dcdcac27f4?s=96&d=mm&r=g\",\"caption\":\"Press Room\"},\"sameAs\":[\"http:\/\/portugalfashion.com\"],\"url\":\"https:\/\/portugalfashion.com\/en\/author\/pressroom\/\"}]}<\/script>\n<!-- \/ Yoast SEO plugin. -->","yoast_head_json":{"title":"OBSIDIAN BY CL\u00c1UDIA VIEIRA NO PORTUGAL FASHION - Portugal Fashion","robots":{"index":"index","follow":"follow","max-snippet":"max-snippet:-1","max-image-preview":"max-image-preview:large","max-video-preview":"max-video-preview:-1"},"canonical":"https:\/\/portugalfashion.com\/en\/obsidian-by-claudia-vieira-no-portugal-fashion\/","og_locale":"en_GB","og_type":"article","og_title":"OBSIDIAN BY CL\u00c1UDIA VIEIRA NO PORTUGAL FASHION - Portugal Fashion","og_description":"OBSIDIAN \u00e9 o novo projeto de\u00a0Cl\u00e1udia Vieira,\u00a0Gabriela Pinheiro\u00a0e\u00a0Raquel Vasconcelos, uma marca de roupa 100% portuguesa, que aposta na sustentabilidade e que apresentou a sua primeira cole\u00e7\u00e3o c\u00e1psula no dia 13 de outubro, no WOW, em Vila Nova de Gaia, no arranque do Portugal Fashion. A apresenta\u00e7\u00e3o contou com a presen\u00e7a de v\u00e1rias caras conhecidas dos [&hellip;]","og_url":"https:\/\/portugalfashion.com\/en\/obsidian-by-claudia-vieira-no-portugal-fashion\/","og_site_name":"Portugal Fashion","article_published_time":"2022-10-19T11:16:26+00:00","og_image":[{"width":1600,"height":1066,"url":"https:\/\/portugalfashion.com\/wp-content\/uploads\/2022\/10\/WhatsApp-Image-2022-10-14-at-10.01.20.jpeg","type":"image\/jpeg"}],"author":"Press Room","twitter_card":"summary_large_image","twitter_misc":{"Written by":"Press Room","Est. reading time":"2 minutes"},"schema":{"@context":"https:\/\/schema.org","@graph":[{"@type":"Article","@id":"https:\/\/portugalfashion.com\/obsidian-by-claudia-vieira-no-portugal-fashion\/#article","isPartOf":{"@id":"https:\/\/portugalfashion.com\/obsidian-by-claudia-vieira-no-portugal-fashion\/"},"author":{"name":"Press Room","@id":"https:\/\/portugalfashion.com\/#\/schema\/person\/1fd3a84c1235ef0fadf65f45a9e3f195"},"headline":"OBSIDIAN BY CL\u00c1UDIA VIEIRA NO PORTUGAL FASHION","datePublished":"2022-10-19T11:16:26+00:00","dateModified":"2022-10-19T11:16:26+00:00","mainEntityOfPage":{"@id":"https:\/\/portugalfashion.com\/obsidian-by-claudia-vieira-no-portugal-fashion\/"},"wordCount":327,"commentCount":0,"publisher":{"@id":"https:\/\/portugalfashion.com\/#organization"},"image":{"@id":"https:\/\/portugalfashion.com\/obsidian-by-claudia-vieira-no-portugal-fashion\/#primaryimage"},"thumbnailUrl":"https:\/\/portugalfashion.com\/wp-content\/uploads\/2022\/10\/WhatsApp-Image-2022-10-14-at-10.01.20.jpeg","articleSection":["Portugal Fashion","Portugal Fashion"],"inLanguage":"en-GB","potentialAction":[{"@type":"CommentAction","name":"Comment","target":["https:\/\/portugalfashion.com\/obsidian-by-claudia-vieira-no-portugal-fashion\/#respond"]}]},{"@type":"WebPage","@id":"https:\/\/portugalfashion.com\/obsidian-by-claudia-vieira-no-portugal-fashion\/","url":"https:\/\/portugalfashion.com\/obsidian-by-claudia-vieira-no-portugal-fashion\/","name":"OBSIDIAN BY CL\u00c1UDIA VIEIRA NO PORTUGAL FASHION - Portugal Fashion","isPartOf":{"@id":"https:\/\/portugalfashion.com\/#website"},"primaryImageOfPage":{"@id":"https:\/\/portugalfashion.com\/obsidian-by-claudia-vieira-no-portugal-fashion\/#primaryimage"},"image":{"@id":"https:\/\/portugalfashion.com\/obsidian-by-claudia-vieira-no-portugal-fashion\/#primaryimage"},"thumbnailUrl":"https:\/\/portugalfashion.com\/wp-content\/uploads\/2022\/10\/WhatsApp-Image-2022-10-14-at-10.01.20.jpeg","datePublished":"2022-10-19T11:16:26+00:00","dateModified":"2022-10-19T11:16:26+00:00","breadcrumb":{"@id":"https:\/\/portugalfashion.com\/obsidian-by-claudia-vieira-no-portugal-fashion\/#breadcrumb"},"inLanguage":"en-GB","potentialAction":[{"@type":"ReadAction","target":["https:\/\/portugalfashion.com\/obsidian-by-claudia-vieira-no-portugal-fashion\/"]}]},{"@type":"ImageObject","inLanguage":"en-GB","@id":"https:\/\/portugalfashion.com\/obsidian-by-claudia-vieira-no-portugal-fashion\/#primaryimage","url":"https:\/\/portugalfashion.com\/wp-content\/uploads\/2022\/10\/WhatsApp-Image-2022-10-14-at-10.01.20.jpeg","contentUrl":"https:\/\/portugalfashion.com\/wp-content\/uploads\/2022\/10\/WhatsApp-Image-2022-10-14-at-10.01.20.jpeg","width":1600,"height":1066},{"@type":"BreadcrumbList","@id":"https:\/\/portugalfashion.com\/obsidian-by-claudia-vieira-no-portugal-fashion\/#breadcrumb","itemListElement":[{"@type":"ListItem","position":1,"name":"Home","item":"https:\/\/portugalfashion.com\/"},{"@type":"ListItem","position":2,"name":"OBSIDIAN BY CL\u00c1UDIA VIEIRA NO PORTUGAL FASHION"}]},{"@type":"WebSite","@id":"https:\/\/portugalfashion.com\/#website","url":"https:\/\/portugalfashion.com\/","name":"Portugal Fashion","description":"Moda e Eventos","publisher":{"@id":"https:\/\/portugalfashion.com\/#organization"},"potentialAction":[{"@type":"SearchAction","target":{"@type":"EntryPoint","urlTemplate":"https:\/\/portugalfashion.com\/?s={search_term_string}"},"query-input":{"@type":"PropertyValueSpecification","valueRequired":true,"valueName":"search_term_string"}}],"inLanguage":"en-GB"},{"@type":"Organization","@id":"https:\/\/portugalfashion.com\/#organization","name":"Portugal Fashion","url":"https:\/\/portugalfashion.com\/","logo":{"@type":"ImageObject","inLanguage":"en-GB","@id":"https:\/\/portugalfashion.com\/#\/schema\/logo\/image\/","url":"http:\/\/portugalfashion.com\/wp-content\/uploads\/2021\/08\/animated-logo-pf-black.svg","contentUrl":"http:\/\/portugalfashion.com\/wp-content\/uploads\/2021\/08\/animated-logo-pf-black.svg","width":1374,"height":670,"caption":"Portugal Fashion"},"image":{"@id":"https:\/\/portugalfashion.com\/#\/schema\/logo\/image\/"}},{"@type":"Person","@id":"https:\/\/portugalfashion.com\/#\/schema\/person\/1fd3a84c1235ef0fadf65f45a9e3f195","name":"Press Room","image":{"@type":"ImageObject","inLanguage":"en-GB","@id":"https:\/\/portugalfashion.com\/#\/schema\/person\/image\/","url":"https:\/\/secure.gravatar.com\/avatar\/5ecaed4670c577a8662a7a50e48f7da606a11b7afb87b2c50a5f14dcdcac27f4?s=96&d=mm&r=g","contentUrl":"https:\/\/secure.gravatar.com\/avatar\/5ecaed4670c577a8662a7a50e48f7da606a11b7afb87b2c50a5f14dcdcac27f4?s=96&d=mm&r=g","caption":"Press Room"},"sameAs":["http:\/\/portugalfashion.com"],"url":"https:\/\/portugalfashion.com\/en\/author\/pressroom\/"}]}},"_links":{"self":[{"href":"https:\/\/portugalfashion.com\/en\/wp-json\/wp\/v2\/posts\/14835","targetHints":{"allow":["GET"]}}],"collection":[{"href":"https:\/\/portugalfashion.com\/en\/wp-json\/wp\/v2\/posts"}],"about":[{"href":"https:\/\/portugalfashion.com\/en\/wp-json\/wp\/v2\/types\/post"}],"author":[{"embeddable":true,"href":"https:\/\/portugalfashion.com\/en\/wp-json\/wp\/v2\/users\/7"}],"replies":[{"embeddable":true,"href":"https:\/\/portugalfashion.com\/en\/wp-json\/wp\/v2\/comments?post=14835"}],"version-history":[{"count":1,"href":"https:\/\/portugalfashion.com\/en\/wp-json\/wp\/v2\/posts\/14835\/revisions"}],"predecessor-version":[{"id":14839,"href":"https:\/\/portugalfashion.com\/en\/wp-json\/wp\/v2\/posts\/14835\/revisions\/14839"}],"wp:featuredmedia":[{"embeddable":true,"href":"https:\/\/portugalfashion.com\/en\/wp-json\/wp\/v2\/media\/14837"}],"wp:attachment":[{"href":"https:\/\/portugalfashion.com\/en\/wp-json\/wp\/v2\/media?parent=14835"}],"wp:term":[{"taxonomy":"category","embeddable":true,"href":"https:\/\/portugalfashion.com\/en\/wp-json\/wp\/v2\/categories?post=14835"},{"taxonomy":"post_tag","embeddable":true,"href":"https:\/\/portugalfashion.com\/en\/wp-json\/wp\/v2\/tags?post=14835"}],"curies":[{"name":"wp","href":"https:\/\/api.w.org\/{rel}","templated":true}]}}