{"id":17690,"date":"2023-10-23T11:35:35","date_gmt":"2023-10-23T11:35:35","guid":{"rendered":"https:\/\/portugalfashion.com\/?p=17690"},"modified":"2023-10-23T11:35:35","modified_gmt":"2023-10-23T11:35:35","slug":"seaside-calca-desfiles-canex-na-53a-edicao-do-portugal-fashion","status":"publish","type":"post","link":"https:\/\/portugalfashion.com\/en\/seaside-calca-desfiles-canex-na-53a-edicao-do-portugal-fashion\/","title":{"rendered":"SEASIDE CAL\u00c7A DESFILES CANEX NA 53\u00aa EDI\u00c7\u00c3O DO PORTUGAL FASHION"},"content":{"rendered":"<p>A <a href=\"https:\/\/seaside.pt\/\">Seaside<\/a> voltou a aliar-se ao Portugal Fashion como marca oficial de apoio ao projeto <a href=\"https:\/\/portugalfashion.com\/en\/canex\/\">CANEX Presents Africa @ Portugal Fashion<\/a>. A marca de cal\u00e7ado internacional, de origem portuguesa, estabeleceu-se pela terceira edi\u00e7\u00e3o consecutiva como parceira do Portugal Fashion na categoria <em>Support Canex<\/em>, assegurando cal\u00e7ado para os desfiles de dez marcas africanas.<\/p>\n<p>Provenientes de pa\u00edses t\u00e3o diversos como Qu\u00e9nia, Tanz\u00e2nia, Nig\u00e9ria, Gana, Egito, Costa do Marfim, Jamaica e \u00c1frica do Sul, as cole\u00e7\u00f5es demarcadas pela variedade de tecidos, cores e texturas, completaram-se em <em>passerelle<\/em> com a versatilidade do cal\u00e7ado Seaside. A coopera\u00e7\u00e3o da marca portuguesa tem-se revelado fulcral no apoio aos desfiles CANEX e na promo\u00e7\u00e3o do talento africano, permitindo real\u00e7ar o melhor da moda africana e portuguesa, numa sinergia intercultural e de tradi\u00e7\u00f5es.<\/p>\n<p>As marcas participantes na 53\u00aa edi\u00e7\u00e3o do Portugal Fashion foram <a href=\"https:\/\/anissampungwe.com\/password\">Anissa Mpungwe Atelier<\/a>, <a href=\"https:\/\/boyedoe.com\/\">Boyedoe<\/a>, <a href=\"https:\/\/dinashaker.com\/\">Dina Shaker<\/a>, <a href=\"https:\/\/keneealinton.com\/\">Keneea Linton<\/a>, <a href=\"https:\/\/maisonfarahwali.com\/\">Maison Farah Wali<\/a>, <a href=\"https:\/\/mantsho.com\/\">Mantsho<\/a>, <a href=\"https:\/\/www.instagram.com\/sevaria.ke\/\">Sevaria<\/a>, <a href=\"https:\/\/www.instagram.com\/studiomadoch\/\">Studio Madoch<\/a>, <a href=\"https:\/\/www.tjwho.co\/\">TJ WHO<\/a> and <a href=\"https:\/\/thewumanbrand.com\/\">Wuman<\/a>.<\/p>\n<p>A parceria desenvolvida em 2021 entre o Portugal Fashion e o banco africano de <em>export-import<\/em> <a href=\"https:\/\/www.afreximbank.com\/\">AfreximBank<\/a> vinca o apoio \u00e0 transfer\u00eancia de compet\u00eancias e abre janelas de oportunidade ao mercado. Com a participa\u00e7\u00e3o no evento, os designers tiram vantagem do <em>know-how<\/em>, da notoriedade e da capacidade promocional, bem como da liga\u00e7\u00e3o da cidade do Porto \u00e0 competitiva ind\u00fastria t\u00eaxtil e de vestu\u00e1rio da regi\u00e3o Norte.<\/p>\n<p>At\u00e9 ao momento, o programa <a href=\"https:\/\/www.intrafricantradefair.com\/en\/explore\/creative-africa\">CANEX<\/a> j\u00e1 apoiou 70 designers de 26 pa\u00edses de \u00c1frica e Cara\u00edbas. O projeto envolve desfiles, um <em>showroom<\/em> com atividades de vendas, um tour industrial e ainda um programa de mentoria.<\/p>","protected":false},"excerpt":{"rendered":"<p>A Seaside voltou a aliar-se ao Portugal Fashion como marca oficial de apoio ao projeto CANEX Presents Africa @ Portugal Fashion. A marca de cal\u00e7ado internacional, de origem portuguesa, estabeleceu-se pela terceira edi\u00e7\u00e3o consecutiva como parceira do Portugal Fashion na categoria Support Canex, assegurando cal\u00e7ado para os desfiles de dez marcas africanas. Provenientes de pa\u00edses [&hellip;]<\/p>","protected":false},"author":7,"featured_media":17693,"comment_status":"open","ping_status":"open","sticky":false,"template":"","format":"standard","meta":{"_acf_changed":false,"_monsterinsights_skip_tracking":false,"_monsterinsights_sitenote_active":false,"_monsterinsights_sitenote_note":"","_monsterinsights_sitenote_category":0,"footnotes":""},"categories":[1,20],"tags":[],"class_list":["post-17690","post","type-post","status-publish","format-standard","has-post-thumbnail","hentry","category-portugal-fashion-en","category-portugal-fashion-pt"],"acf":[],"yoast_head":"<!-- This site is optimized with the Yoast SEO plugin v24.2 - https:\/\/yoast.com\/wordpress\/plugins\/seo\/ -->\n<title>SEASIDE CAL\u00c7A DESFILES CANEX NA 53\u00aa EDI\u00c7\u00c3O DO PORTUGAL FASHION - Portugal Fashion<\/title>\n<meta name=\"robots\" content=\"index, follow, max-snippet:-1, max-image-preview:large, max-video-preview:-1\" \/>\n<link rel=\"canonical\" href=\"https:\/\/portugalfashion.com\/en\/seaside-calca-desfiles-canex-na-53a-edicao-do-portugal-fashion\/\" \/>\n<meta property=\"og:locale\" content=\"en_GB\" \/>\n<meta property=\"og:type\" content=\"article\" \/>\n<meta property=\"og:title\" content=\"SEASIDE CAL\u00c7A DESFILES CANEX NA 53\u00aa EDI\u00c7\u00c3O DO PORTUGAL FASHION - Portugal Fashion\" \/>\n<meta property=\"og:description\" content=\"A Seaside voltou a aliar-se ao Portugal Fashion como marca oficial de apoio ao projeto CANEX Presents Africa @ Portugal Fashion. A marca de cal\u00e7ado internacional, de origem portuguesa, estabeleceu-se pela terceira edi\u00e7\u00e3o consecutiva como parceira do Portugal Fashion na categoria Support Canex, assegurando cal\u00e7ado para os desfiles de dez marcas africanas. Provenientes de pa\u00edses [&hellip;]\" \/>\n<meta property=\"og:url\" content=\"https:\/\/portugalfashion.com\/en\/seaside-calca-desfiles-canex-na-53a-edicao-do-portugal-fashion\/\" \/>\n<meta property=\"og:site_name\" content=\"Portugal Fashion\" \/>\n<meta property=\"article:published_time\" content=\"2023-10-23T11:35:35+00:00\" \/>\n<meta property=\"og:image\" content=\"https:\/\/portugalfashion.com\/wp-content\/uploads\/2023\/10\/DinaShaker0001-scaled.jpg\" \/>\n\t<meta property=\"og:image:width\" content=\"2560\" \/>\n\t<meta property=\"og:image:height\" content=\"1707\" \/>\n\t<meta property=\"og:image:type\" content=\"image\/jpeg\" \/>\n<meta name=\"author\" content=\"Press Room\" \/>\n<meta name=\"twitter:card\" content=\"summary_large_image\" \/>\n<meta name=\"twitter:label1\" content=\"Written by\" \/>\n\t<meta name=\"twitter:data1\" content=\"Press Room\" \/>\n\t<meta name=\"twitter:label2\" content=\"Est. reading time\" \/>\n\t<meta name=\"twitter:data2\" content=\"1 minute\" \/>\n<script type=\"application\/ld+json\" class=\"yoast-schema-graph\">{\"@context\":\"https:\/\/schema.org\",\"@graph\":[{\"@type\":\"Article\",\"@id\":\"https:\/\/portugalfashion.com\/seaside-calca-desfiles-canex-na-53a-edicao-do-portugal-fashion\/#article\",\"isPartOf\":{\"@id\":\"https:\/\/portugalfashion.com\/seaside-calca-desfiles-canex-na-53a-edicao-do-portugal-fashion\/\"},\"author\":{\"name\":\"Press Room\",\"@id\":\"https:\/\/portugalfashion.com\/#\/schema\/person\/1fd3a84c1235ef0fadf65f45a9e3f195\"},\"headline\":\"SEASIDE CAL\u00c7A DESFILES CANEX NA 53\u00aa EDI\u00c7\u00c3O DO PORTUGAL FASHION\",\"datePublished\":\"2023-10-23T11:35:35+00:00\",\"dateModified\":\"2023-10-23T11:35:35+00:00\",\"mainEntityOfPage\":{\"@id\":\"https:\/\/portugalfashion.com\/seaside-calca-desfiles-canex-na-53a-edicao-do-portugal-fashion\/\"},\"wordCount\":283,\"commentCount\":0,\"publisher\":{\"@id\":\"https:\/\/portugalfashion.com\/#organization\"},\"image\":{\"@id\":\"https:\/\/portugalfashion.com\/seaside-calca-desfiles-canex-na-53a-edicao-do-portugal-fashion\/#primaryimage\"},\"thumbnailUrl\":\"https:\/\/portugalfashion.com\/wp-content\/uploads\/2023\/10\/DinaShaker0001-scaled.jpg\",\"articleSection\":[\"Portugal Fashion\",\"Portugal Fashion\"],\"inLanguage\":\"en-GB\",\"potentialAction\":[{\"@type\":\"CommentAction\",\"name\":\"Comment\",\"target\":[\"https:\/\/portugalfashion.com\/seaside-calca-desfiles-canex-na-53a-edicao-do-portugal-fashion\/#respond\"]}]},{\"@type\":\"WebPage\",\"@id\":\"https:\/\/portugalfashion.com\/seaside-calca-desfiles-canex-na-53a-edicao-do-portugal-fashion\/\",\"url\":\"https:\/\/portugalfashion.com\/seaside-calca-desfiles-canex-na-53a-edicao-do-portugal-fashion\/\",\"name\":\"SEASIDE CAL\u00c7A DESFILES CANEX NA 53\u00aa EDI\u00c7\u00c3O DO PORTUGAL FASHION - Portugal Fashion\",\"isPartOf\":{\"@id\":\"https:\/\/portugalfashion.com\/#website\"},\"primaryImageOfPage\":{\"@id\":\"https:\/\/portugalfashion.com\/seaside-calca-desfiles-canex-na-53a-edicao-do-portugal-fashion\/#primaryimage\"},\"image\":{\"@id\":\"https:\/\/portugalfashion.com\/seaside-calca-desfiles-canex-na-53a-edicao-do-portugal-fashion\/#primaryimage\"},\"thumbnailUrl\":\"https:\/\/portugalfashion.com\/wp-content\/uploads\/2023\/10\/DinaShaker0001-scaled.jpg\",\"datePublished\":\"2023-10-23T11:35:35+00:00\",\"dateModified\":\"2023-10-23T11:35:35+00:00\",\"breadcrumb\":{\"@id\":\"https:\/\/portugalfashion.com\/seaside-calca-desfiles-canex-na-53a-edicao-do-portugal-fashion\/#breadcrumb\"},\"inLanguage\":\"en-GB\",\"potentialAction\":[{\"@type\":\"ReadAction\",\"target\":[\"https:\/\/portugalfashion.com\/seaside-calca-desfiles-canex-na-53a-edicao-do-portugal-fashion\/\"]}]},{\"@type\":\"ImageObject\",\"inLanguage\":\"en-GB\",\"@id\":\"https:\/\/portugalfashion.com\/seaside-calca-desfiles-canex-na-53a-edicao-do-portugal-fashion\/#primaryimage\",\"url\":\"https:\/\/portugalfashion.com\/wp-content\/uploads\/2023\/10\/DinaShaker0001-scaled.jpg\",\"contentUrl\":\"https:\/\/portugalfashion.com\/wp-content\/uploads\/2023\/10\/DinaShaker0001-scaled.jpg\",\"width\":2560,\"height\":1707},{\"@type\":\"BreadcrumbList\",\"@id\":\"https:\/\/portugalfashion.com\/seaside-calca-desfiles-canex-na-53a-edicao-do-portugal-fashion\/#breadcrumb\",\"itemListElement\":[{\"@type\":\"ListItem\",\"position\":1,\"name\":\"Home\",\"item\":\"https:\/\/portugalfashion.com\/\"},{\"@type\":\"ListItem\",\"position\":2,\"name\":\"SEASIDE CAL\u00c7A DESFILES CANEX NA 53\u00aa EDI\u00c7\u00c3O DO PORTUGAL FASHION\"}]},{\"@type\":\"WebSite\",\"@id\":\"https:\/\/portugalfashion.com\/#website\",\"url\":\"https:\/\/portugalfashion.com\/\",\"name\":\"Portugal Fashion\",\"description\":\"Moda e Eventos\",\"publisher\":{\"@id\":\"https:\/\/portugalfashion.com\/#organization\"},\"potentialAction\":[{\"@type\":\"SearchAction\",\"target\":{\"@type\":\"EntryPoint\",\"urlTemplate\":\"https:\/\/portugalfashion.com\/?s={search_term_string}\"},\"query-input\":{\"@type\":\"PropertyValueSpecification\",\"valueRequired\":true,\"valueName\":\"search_term_string\"}}],\"inLanguage\":\"en-GB\"},{\"@type\":\"Organization\",\"@id\":\"https:\/\/portugalfashion.com\/#organization\",\"name\":\"Portugal Fashion\",\"url\":\"https:\/\/portugalfashion.com\/\",\"logo\":{\"@type\":\"ImageObject\",\"inLanguage\":\"en-GB\",\"@id\":\"https:\/\/portugalfashion.com\/#\/schema\/logo\/image\/\",\"url\":\"http:\/\/portugalfashion.com\/wp-content\/uploads\/2021\/08\/animated-logo-pf-black.svg\",\"contentUrl\":\"http:\/\/portugalfashion.com\/wp-content\/uploads\/2021\/08\/animated-logo-pf-black.svg\",\"width\":1374,\"height\":670,\"caption\":\"Portugal Fashion\"},\"image\":{\"@id\":\"https:\/\/portugalfashion.com\/#\/schema\/logo\/image\/\"}},{\"@type\":\"Person\",\"@id\":\"https:\/\/portugalfashion.com\/#\/schema\/person\/1fd3a84c1235ef0fadf65f45a9e3f195\",\"name\":\"Press Room\",\"image\":{\"@type\":\"ImageObject\",\"inLanguage\":\"en-GB\",\"@id\":\"https:\/\/portugalfashion.com\/#\/schema\/person\/image\/\",\"url\":\"https:\/\/secure.gravatar.com\/avatar\/5ecaed4670c577a8662a7a50e48f7da606a11b7afb87b2c50a5f14dcdcac27f4?s=96&d=mm&r=g\",\"contentUrl\":\"https:\/\/secure.gravatar.com\/avatar\/5ecaed4670c577a8662a7a50e48f7da606a11b7afb87b2c50a5f14dcdcac27f4?s=96&d=mm&r=g\",\"caption\":\"Press Room\"},\"sameAs\":[\"http:\/\/portugalfashion.com\"],\"url\":\"https:\/\/portugalfashion.com\/en\/author\/pressroom\/\"}]}<\/script>\n<!-- \/ Yoast SEO plugin. -->","yoast_head_json":{"title":"SEASIDE CAL\u00c7A DESFILES CANEX NA 53\u00aa EDI\u00c7\u00c3O DO PORTUGAL FASHION - Portugal Fashion","robots":{"index":"index","follow":"follow","max-snippet":"max-snippet:-1","max-image-preview":"max-image-preview:large","max-video-preview":"max-video-preview:-1"},"canonical":"https:\/\/portugalfashion.com\/en\/seaside-calca-desfiles-canex-na-53a-edicao-do-portugal-fashion\/","og_locale":"en_GB","og_type":"article","og_title":"SEASIDE CAL\u00c7A DESFILES CANEX NA 53\u00aa EDI\u00c7\u00c3O DO PORTUGAL FASHION - Portugal Fashion","og_description":"A Seaside voltou a aliar-se ao Portugal Fashion como marca oficial de apoio ao projeto CANEX Presents Africa @ Portugal Fashion. A marca de cal\u00e7ado internacional, de origem portuguesa, estabeleceu-se pela terceira edi\u00e7\u00e3o consecutiva como parceira do Portugal Fashion na categoria Support Canex, assegurando cal\u00e7ado para os desfiles de dez marcas africanas. Provenientes de pa\u00edses [&hellip;]","og_url":"https:\/\/portugalfashion.com\/en\/seaside-calca-desfiles-canex-na-53a-edicao-do-portugal-fashion\/","og_site_name":"Portugal Fashion","article_published_time":"2023-10-23T11:35:35+00:00","og_image":[{"width":2560,"height":1707,"url":"https:\/\/portugalfashion.com\/wp-content\/uploads\/2023\/10\/DinaShaker0001-scaled.jpg","type":"image\/jpeg"}],"author":"Press Room","twitter_card":"summary_large_image","twitter_misc":{"Written by":"Press Room","Est. reading time":"1 minute"},"schema":{"@context":"https:\/\/schema.org","@graph":[{"@type":"Article","@id":"https:\/\/portugalfashion.com\/seaside-calca-desfiles-canex-na-53a-edicao-do-portugal-fashion\/#article","isPartOf":{"@id":"https:\/\/portugalfashion.com\/seaside-calca-desfiles-canex-na-53a-edicao-do-portugal-fashion\/"},"author":{"name":"Press Room","@id":"https:\/\/portugalfashion.com\/#\/schema\/person\/1fd3a84c1235ef0fadf65f45a9e3f195"},"headline":"SEASIDE CAL\u00c7A DESFILES CANEX NA 53\u00aa EDI\u00c7\u00c3O DO PORTUGAL FASHION","datePublished":"2023-10-23T11:35:35+00:00","dateModified":"2023-10-23T11:35:35+00:00","mainEntityOfPage":{"@id":"https:\/\/portugalfashion.com\/seaside-calca-desfiles-canex-na-53a-edicao-do-portugal-fashion\/"},"wordCount":283,"commentCount":0,"publisher":{"@id":"https:\/\/portugalfashion.com\/#organization"},"image":{"@id":"https:\/\/portugalfashion.com\/seaside-calca-desfiles-canex-na-53a-edicao-do-portugal-fashion\/#primaryimage"},"thumbnailUrl":"https:\/\/portugalfashion.com\/wp-content\/uploads\/2023\/10\/DinaShaker0001-scaled.jpg","articleSection":["Portugal Fashion","Portugal Fashion"],"inLanguage":"en-GB","potentialAction":[{"@type":"CommentAction","name":"Comment","target":["https:\/\/portugalfashion.com\/seaside-calca-desfiles-canex-na-53a-edicao-do-portugal-fashion\/#respond"]}]},{"@type":"WebPage","@id":"https:\/\/portugalfashion.com\/seaside-calca-desfiles-canex-na-53a-edicao-do-portugal-fashion\/","url":"https:\/\/portugalfashion.com\/seaside-calca-desfiles-canex-na-53a-edicao-do-portugal-fashion\/","name":"SEASIDE CAL\u00c7A DESFILES CANEX NA 53\u00aa EDI\u00c7\u00c3O DO PORTUGAL FASHION - Portugal Fashion","isPartOf":{"@id":"https:\/\/portugalfashion.com\/#website"},"primaryImageOfPage":{"@id":"https:\/\/portugalfashion.com\/seaside-calca-desfiles-canex-na-53a-edicao-do-portugal-fashion\/#primaryimage"},"image":{"@id":"https:\/\/portugalfashion.com\/seaside-calca-desfiles-canex-na-53a-edicao-do-portugal-fashion\/#primaryimage"},"thumbnailUrl":"https:\/\/portugalfashion.com\/wp-content\/uploads\/2023\/10\/DinaShaker0001-scaled.jpg","datePublished":"2023-10-23T11:35:35+00:00","dateModified":"2023-10-23T11:35:35+00:00","breadcrumb":{"@id":"https:\/\/portugalfashion.com\/seaside-calca-desfiles-canex-na-53a-edicao-do-portugal-fashion\/#breadcrumb"},"inLanguage":"en-GB","potentialAction":[{"@type":"ReadAction","target":["https:\/\/portugalfashion.com\/seaside-calca-desfiles-canex-na-53a-edicao-do-portugal-fashion\/"]}]},{"@type":"ImageObject","inLanguage":"en-GB","@id":"https:\/\/portugalfashion.com\/seaside-calca-desfiles-canex-na-53a-edicao-do-portugal-fashion\/#primaryimage","url":"https:\/\/portugalfashion.com\/wp-content\/uploads\/2023\/10\/DinaShaker0001-scaled.jpg","contentUrl":"https:\/\/portugalfashion.com\/wp-content\/uploads\/2023\/10\/DinaShaker0001-scaled.jpg","width":2560,"height":1707},{"@type":"BreadcrumbList","@id":"https:\/\/portugalfashion.com\/seaside-calca-desfiles-canex-na-53a-edicao-do-portugal-fashion\/#breadcrumb","itemListElement":[{"@type":"ListItem","position":1,"name":"Home","item":"https:\/\/portugalfashion.com\/"},{"@type":"ListItem","position":2,"name":"SEASIDE CAL\u00c7A DESFILES CANEX NA 53\u00aa EDI\u00c7\u00c3O DO PORTUGAL FASHION"}]},{"@type":"WebSite","@id":"https:\/\/portugalfashion.com\/#website","url":"https:\/\/portugalfashion.com\/","name":"Portugal Fashion","description":"Moda e Eventos","publisher":{"@id":"https:\/\/portugalfashion.com\/#organization"},"potentialAction":[{"@type":"SearchAction","target":{"@type":"EntryPoint","urlTemplate":"https:\/\/portugalfashion.com\/?s={search_term_string}"},"query-input":{"@type":"PropertyValueSpecification","valueRequired":true,"valueName":"search_term_string"}}],"inLanguage":"en-GB"},{"@type":"Organization","@id":"https:\/\/portugalfashion.com\/#organization","name":"Portugal Fashion","url":"https:\/\/portugalfashion.com\/","logo":{"@type":"ImageObject","inLanguage":"en-GB","@id":"https:\/\/portugalfashion.com\/#\/schema\/logo\/image\/","url":"http:\/\/portugalfashion.com\/wp-content\/uploads\/2021\/08\/animated-logo-pf-black.svg","contentUrl":"http:\/\/portugalfashion.com\/wp-content\/uploads\/2021\/08\/animated-logo-pf-black.svg","width":1374,"height":670,"caption":"Portugal Fashion"},"image":{"@id":"https:\/\/portugalfashion.com\/#\/schema\/logo\/image\/"}},{"@type":"Person","@id":"https:\/\/portugalfashion.com\/#\/schema\/person\/1fd3a84c1235ef0fadf65f45a9e3f195","name":"Press Room","image":{"@type":"ImageObject","inLanguage":"en-GB","@id":"https:\/\/portugalfashion.com\/#\/schema\/person\/image\/","url":"https:\/\/secure.gravatar.com\/avatar\/5ecaed4670c577a8662a7a50e48f7da606a11b7afb87b2c50a5f14dcdcac27f4?s=96&d=mm&r=g","contentUrl":"https:\/\/secure.gravatar.com\/avatar\/5ecaed4670c577a8662a7a50e48f7da606a11b7afb87b2c50a5f14dcdcac27f4?s=96&d=mm&r=g","caption":"Press Room"},"sameAs":["http:\/\/portugalfashion.com"],"url":"https:\/\/portugalfashion.com\/en\/author\/pressroom\/"}]}},"_links":{"self":[{"href":"https:\/\/portugalfashion.com\/en\/wp-json\/wp\/v2\/posts\/17690","targetHints":{"allow":["GET"]}}],"collection":[{"href":"https:\/\/portugalfashion.com\/en\/wp-json\/wp\/v2\/posts"}],"about":[{"href":"https:\/\/portugalfashion.com\/en\/wp-json\/wp\/v2\/types\/post"}],"author":[{"embeddable":true,"href":"https:\/\/portugalfashion.com\/en\/wp-json\/wp\/v2\/users\/7"}],"replies":[{"embeddable":true,"href":"https:\/\/portugalfashion.com\/en\/wp-json\/wp\/v2\/comments?post=17690"}],"version-history":[{"count":1,"href":"https:\/\/portugalfashion.com\/en\/wp-json\/wp\/v2\/posts\/17690\/revisions"}],"predecessor-version":[{"id":17694,"href":"https:\/\/portugalfashion.com\/en\/wp-json\/wp\/v2\/posts\/17690\/revisions\/17694"}],"wp:featuredmedia":[{"embeddable":true,"href":"https:\/\/portugalfashion.com\/en\/wp-json\/wp\/v2\/media\/17693"}],"wp:attachment":[{"href":"https:\/\/portugalfashion.com\/en\/wp-json\/wp\/v2\/media?parent=17690"}],"wp:term":[{"taxonomy":"category","embeddable":true,"href":"https:\/\/portugalfashion.com\/en\/wp-json\/wp\/v2\/categories?post=17690"},{"taxonomy":"post_tag","embeddable":true,"href":"https:\/\/portugalfashion.com\/en\/wp-json\/wp\/v2\/tags?post=17690"}],"curies":[{"name":"wp","href":"https:\/\/api.w.org\/{rel}","templated":true}]}}