{"id":18440,"date":"2024-05-15T13:55:35","date_gmt":"2024-05-15T13:55:35","guid":{"rendered":"https:\/\/portugalfashion.com\/?p=18440"},"modified":"2024-05-15T13:55:35","modified_gmt":"2024-05-15T13:55:35","slug":"nota-de-pesar-pelo-falecimento-do-designer-manuel-alves","status":"publish","type":"post","link":"https:\/\/portugalfashion.com\/en\/nota-de-pesar-pelo-falecimento-do-designer-manuel-alves\/","title":{"rendered":"STATEMENT OF CONDOLENCE ON THE PASSING OF DESIGNER MANUEL ALVES"},"content":{"rendered":"<p align=\"justify\"><span style=\"font-family: Tahoma, serif;\"><span style=\"font-size: medium;\">\u00c9 com profundo pesar que o Portugal Fashion lamenta a morte do designer Manuel Alves e apresenta sentidas condol\u00eancias \u00e0 fam\u00edlia, amigos e, sobretudo, ao nosso estimado Jos\u00e9 Gon\u00e7alves. <\/span><\/span><\/p>\n<p align=\"justify\"><span style=\"font-family: Tahoma, serif;\"><span style=\"font-size: medium;\">A dupla Alves\/Gon\u00e7alves integra o Portugal Fashion desde o ano 2000, tendo marcado presen\u00e7a nos calend\u00e1rios nacionais e internacionais da plataforma, com desfiles em Nova Iorque, S\u00e3o Paulo e Paris. Em Portugal, os desfiles Alves\/Gon\u00e7alves, realizados em Lisboa e no Porto, sempre foram pautados por um forte sentido art\u00edstico, c\u00e9nico e irreverente. <\/span><\/span><\/p>\n<p align=\"justify\"><span style=\"font-family: Tahoma, serif;\"><span style=\"font-size: medium;\">Para a equipa do Portugal Fashion, foi um privil\u00e9gio ter contado com todos estes anos de colabora\u00e7\u00e3o <\/span><\/span><strong><span style=\"font-family: Tahoma, serif;\"><span style=\"font-size: medium;\">com a marca Alves\/Gon\u00e7alves e com o Manuel em particular<\/span><\/span><\/strong><span style=\"font-family: Tahoma, serif;\"><span style=\"font-size: medium;\">. Um esp\u00edrito criativo, perfeccionista e vision\u00e1rio, que aceitava sempre os desafios mais arriscados na produ\u00e7\u00e3o de um desfile. <\/span><\/span><\/p>\n<p align=\"justify\"><span style=\"font-family: Tahoma, serif;\"><span style=\"font-size: medium;\">Dito isto, h\u00e1 que salientar que Portugal perdeu um designer, um artista e um empreendedor. Manuel Alves nasceu em Montalegre e iniciou a colabora\u00e7\u00e3o com Jos\u00e9 Manuel Gon\u00e7alves em 1984, quando decidem em parceria inaugurar duas lojas no Bairro Alto, em Lisboa, para comercializarem as suas cole\u00e7\u00f5es masculina e feminina. Em 1985 apresentam-se no Pal\u00e1cio do Correio Velho e, desde ent\u00e3o, t\u00eam vindo a mostrar regularmente as suas cole\u00e7\u00f5es. Para al\u00e9m do seu percurso como criadores, colaboraram com a ind\u00fastria no per\u00edodo compreendido entre 1989 a 1992, criando v\u00e1rias marcas para os mercados nacional e internacional. Foram ainda respons\u00e1veis pelo desenho das fardas para empresas como Vodafone ou TAP. <\/span><\/span><\/p>\n<p align=\"justify\"><span style=\"font-family: Tahoma, serif;\"><span style=\"font-size: medium;\">Transmontano, mas apaixonado por Lisboa, Manuel Alves aliava a paix\u00e3o pelo campo e pela natureza com uma vis\u00e3o art\u00edstica da modernidade citadina. Os c\u00e3es e o seu jardim nas Amoreiras eram fonte da sua inspira\u00e7\u00e3o e equil\u00edbrio, uma mensagem inspiradora que fazia quest\u00e3o de transmitir sempre que se dava a conhecer de forma mais pessoal. <\/span><\/span><\/p>\n<p align=\"justify\"><span style=\"font-family: Tahoma, serif;\"><span style=\"font-size: medium;\">Por tudo isto, o falecimento do Manuel Alves deixa a ANJE, os seus dirigentes, as equipas e colaboradores do Portugal Fashion, e tamb\u00e9m os designers da plataforma profundamente consternados. <\/span><\/span><\/p>\n<p align=\"justify\"><span style=\"font-family: Tahoma, serif;\"><span style=\"font-size: medium;\">Morreu um dos nomes mais consagrados da plataforma Portugal Fashion e, neste triste momento, s\u00e3o o seu talento e a sua alegria de viver o que mais gostamos de recordar.<\/span><\/span><\/p>","protected":false},"excerpt":{"rendered":"<p>\u00c9 com profundo pesar que o Portugal Fashion lamenta a morte do designer Manuel Alves e apresenta sentidas condol\u00eancias \u00e0 fam\u00edlia, amigos e, sobretudo, ao nosso estimado Jos\u00e9 Gon\u00e7alves. A dupla Alves\/Gon\u00e7alves integra o Portugal Fashion desde o ano 2000, tendo marcado presen\u00e7a nos calend\u00e1rios nacionais e internacionais da plataforma, com desfiles em Nova Iorque, [&hellip;]<\/p>","protected":false},"author":6,"featured_media":18442,"comment_status":"open","ping_status":"open","sticky":false,"template":"","format":"standard","meta":{"_acf_changed":false,"_monsterinsights_skip_tracking":false,"_monsterinsights_sitenote_active":false,"_monsterinsights_sitenote_note":"","_monsterinsights_sitenote_category":0,"footnotes":""},"categories":[1,20],"tags":[],"class_list":["post-18440","post","type-post","status-publish","format-standard","has-post-thumbnail","hentry","category-portugal-fashion-en","category-portugal-fashion-pt"],"acf":[],"yoast_head":"<!-- This site is optimized with the Yoast SEO plugin v24.2 - https:\/\/yoast.com\/wordpress\/plugins\/seo\/ -->\n<title>NOTA DE PESAR PELO FALECIMENTO DO DESIGNER MANUEL ALVES - Portugal Fashion<\/title>\n<meta name=\"robots\" content=\"index, follow, max-snippet:-1, max-image-preview:large, max-video-preview:-1\" \/>\n<link rel=\"canonical\" href=\"https:\/\/portugalfashion.com\/en\/nota-de-pesar-pelo-falecimento-do-designer-manuel-alves\/\" \/>\n<meta property=\"og:locale\" content=\"en_GB\" \/>\n<meta property=\"og:type\" content=\"article\" \/>\n<meta property=\"og:title\" content=\"NOTA DE PESAR PELO FALECIMENTO DO DESIGNER MANUEL ALVES - Portugal Fashion\" \/>\n<meta property=\"og:description\" content=\"\u00c9 com profundo pesar que o Portugal Fashion lamenta a morte do designer Manuel Alves e apresenta sentidas condol\u00eancias \u00e0 fam\u00edlia, amigos e, sobretudo, ao nosso estimado Jos\u00e9 Gon\u00e7alves. A dupla Alves\/Gon\u00e7alves integra o Portugal Fashion desde o ano 2000, tendo marcado presen\u00e7a nos calend\u00e1rios nacionais e internacionais da plataforma, com desfiles em Nova Iorque, [&hellip;]\" \/>\n<meta property=\"og:url\" content=\"https:\/\/portugalfashion.com\/en\/nota-de-pesar-pelo-falecimento-do-designer-manuel-alves\/\" \/>\n<meta property=\"og:site_name\" content=\"Portugal Fashion\" \/>\n<meta property=\"article:published_time\" content=\"2024-05-15T13:55:35+00:00\" \/>\n<meta property=\"og:image\" content=\"https:\/\/portugalfashion.com\/wp-content\/uploads\/2024\/05\/AlvesGoncalves_155-scaled-e1715780522582.jpg\" \/>\n\t<meta property=\"og:image:width\" content=\"1708\" \/>\n\t<meta property=\"og:image:height\" content=\"1350\" \/>\n\t<meta property=\"og:image:type\" content=\"image\/jpeg\" \/>\n<meta name=\"author\" content=\"Carolina Pereira\" \/>\n<meta name=\"twitter:card\" content=\"summary_large_image\" \/>\n<meta name=\"twitter:label1\" content=\"Written by\" \/>\n\t<meta name=\"twitter:data1\" content=\"Carolina Pereira\" \/>\n\t<meta name=\"twitter:label2\" content=\"Est. reading time\" \/>\n\t<meta name=\"twitter:data2\" content=\"2 minutes\" \/>\n<script type=\"application\/ld+json\" class=\"yoast-schema-graph\">{\"@context\":\"https:\/\/schema.org\",\"@graph\":[{\"@type\":\"Article\",\"@id\":\"https:\/\/portugalfashion.com\/nota-de-pesar-pelo-falecimento-do-designer-manuel-alves\/#article\",\"isPartOf\":{\"@id\":\"https:\/\/portugalfashion.com\/nota-de-pesar-pelo-falecimento-do-designer-manuel-alves\/\"},\"author\":{\"name\":\"Carolina Pereira\",\"@id\":\"https:\/\/portugalfashion.com\/#\/schema\/person\/ae1fff69d3249eac39d22a20a1bba9e3\"},\"headline\":\"NOTA DE PESAR PELO FALECIMENTO DO DESIGNER MANUEL ALVES\",\"datePublished\":\"2024-05-15T13:55:35+00:00\",\"dateModified\":\"2024-05-15T13:55:35+00:00\",\"mainEntityOfPage\":{\"@id\":\"https:\/\/portugalfashion.com\/nota-de-pesar-pelo-falecimento-do-designer-manuel-alves\/\"},\"wordCount\":391,\"commentCount\":0,\"publisher\":{\"@id\":\"https:\/\/portugalfashion.com\/#organization\"},\"image\":{\"@id\":\"https:\/\/portugalfashion.com\/nota-de-pesar-pelo-falecimento-do-designer-manuel-alves\/#primaryimage\"},\"thumbnailUrl\":\"https:\/\/portugalfashion.com\/wp-content\/uploads\/2024\/05\/AlvesGoncalves_155-scaled-e1715780522582.jpg\",\"articleSection\":[\"Portugal Fashion\",\"Portugal Fashion\"],\"inLanguage\":\"en-GB\",\"potentialAction\":[{\"@type\":\"CommentAction\",\"name\":\"Comment\",\"target\":[\"https:\/\/portugalfashion.com\/nota-de-pesar-pelo-falecimento-do-designer-manuel-alves\/#respond\"]}]},{\"@type\":\"WebPage\",\"@id\":\"https:\/\/portugalfashion.com\/nota-de-pesar-pelo-falecimento-do-designer-manuel-alves\/\",\"url\":\"https:\/\/portugalfashion.com\/nota-de-pesar-pelo-falecimento-do-designer-manuel-alves\/\",\"name\":\"NOTA DE PESAR PELO FALECIMENTO DO DESIGNER MANUEL ALVES - Portugal Fashion\",\"isPartOf\":{\"@id\":\"https:\/\/portugalfashion.com\/#website\"},\"primaryImageOfPage\":{\"@id\":\"https:\/\/portugalfashion.com\/nota-de-pesar-pelo-falecimento-do-designer-manuel-alves\/#primaryimage\"},\"image\":{\"@id\":\"https:\/\/portugalfashion.com\/nota-de-pesar-pelo-falecimento-do-designer-manuel-alves\/#primaryimage\"},\"thumbnailUrl\":\"https:\/\/portugalfashion.com\/wp-content\/uploads\/2024\/05\/AlvesGoncalves_155-scaled-e1715780522582.jpg\",\"datePublished\":\"2024-05-15T13:55:35+00:00\",\"dateModified\":\"2024-05-15T13:55:35+00:00\",\"breadcrumb\":{\"@id\":\"https:\/\/portugalfashion.com\/nota-de-pesar-pelo-falecimento-do-designer-manuel-alves\/#breadcrumb\"},\"inLanguage\":\"en-GB\",\"potentialAction\":[{\"@type\":\"ReadAction\",\"target\":[\"https:\/\/portugalfashion.com\/nota-de-pesar-pelo-falecimento-do-designer-manuel-alves\/\"]}]},{\"@type\":\"ImageObject\",\"inLanguage\":\"en-GB\",\"@id\":\"https:\/\/portugalfashion.com\/nota-de-pesar-pelo-falecimento-do-designer-manuel-alves\/#primaryimage\",\"url\":\"https:\/\/portugalfashion.com\/wp-content\/uploads\/2024\/05\/AlvesGoncalves_155-scaled-e1715780522582.jpg\",\"contentUrl\":\"https:\/\/portugalfashion.com\/wp-content\/uploads\/2024\/05\/AlvesGoncalves_155-scaled-e1715780522582.jpg\",\"width\":1708,\"height\":1350},{\"@type\":\"BreadcrumbList\",\"@id\":\"https:\/\/portugalfashion.com\/nota-de-pesar-pelo-falecimento-do-designer-manuel-alves\/#breadcrumb\",\"itemListElement\":[{\"@type\":\"ListItem\",\"position\":1,\"name\":\"Home\",\"item\":\"https:\/\/portugalfashion.com\/\"},{\"@type\":\"ListItem\",\"position\":2,\"name\":\"NOTA DE PESAR PELO FALECIMENTO DO DESIGNER MANUEL ALVES\"}]},{\"@type\":\"WebSite\",\"@id\":\"https:\/\/portugalfashion.com\/#website\",\"url\":\"https:\/\/portugalfashion.com\/\",\"name\":\"Portugal Fashion\",\"description\":\"Moda e Eventos\",\"publisher\":{\"@id\":\"https:\/\/portugalfashion.com\/#organization\"},\"potentialAction\":[{\"@type\":\"SearchAction\",\"target\":{\"@type\":\"EntryPoint\",\"urlTemplate\":\"https:\/\/portugalfashion.com\/?s={search_term_string}\"},\"query-input\":{\"@type\":\"PropertyValueSpecification\",\"valueRequired\":true,\"valueName\":\"search_term_string\"}}],\"inLanguage\":\"en-GB\"},{\"@type\":\"Organization\",\"@id\":\"https:\/\/portugalfashion.com\/#organization\",\"name\":\"Portugal Fashion\",\"url\":\"https:\/\/portugalfashion.com\/\",\"logo\":{\"@type\":\"ImageObject\",\"inLanguage\":\"en-GB\",\"@id\":\"https:\/\/portugalfashion.com\/#\/schema\/logo\/image\/\",\"url\":\"http:\/\/portugalfashion.com\/wp-content\/uploads\/2021\/08\/animated-logo-pf-black.svg\",\"contentUrl\":\"http:\/\/portugalfashion.com\/wp-content\/uploads\/2021\/08\/animated-logo-pf-black.svg\",\"width\":1374,\"height\":670,\"caption\":\"Portugal Fashion\"},\"image\":{\"@id\":\"https:\/\/portugalfashion.com\/#\/schema\/logo\/image\/\"}},{\"@type\":\"Person\",\"@id\":\"https:\/\/portugalfashion.com\/#\/schema\/person\/ae1fff69d3249eac39d22a20a1bba9e3\",\"name\":\"Carolina Pereira\",\"image\":{\"@type\":\"ImageObject\",\"inLanguage\":\"en-GB\",\"@id\":\"https:\/\/portugalfashion.com\/#\/schema\/person\/image\/\",\"url\":\"https:\/\/secure.gravatar.com\/avatar\/18ec938658932cfb7907988cdf19bafee41b382bff8cd6316c7a81091f1fbeb8?s=96&d=mm&r=g\",\"contentUrl\":\"https:\/\/secure.gravatar.com\/avatar\/18ec938658932cfb7907988cdf19bafee41b382bff8cd6316c7a81091f1fbeb8?s=96&d=mm&r=g\",\"caption\":\"Carolina Pereira\"},\"url\":\"https:\/\/portugalfashion.com\/en\/author\/carolina\/\"}]}<\/script>\n<!-- \/ Yoast SEO plugin. -->","yoast_head_json":{"title":"NOTA DE PESAR PELO FALECIMENTO DO DESIGNER MANUEL ALVES - Portugal Fashion","robots":{"index":"index","follow":"follow","max-snippet":"max-snippet:-1","max-image-preview":"max-image-preview:large","max-video-preview":"max-video-preview:-1"},"canonical":"https:\/\/portugalfashion.com\/en\/nota-de-pesar-pelo-falecimento-do-designer-manuel-alves\/","og_locale":"en_GB","og_type":"article","og_title":"NOTA DE PESAR PELO FALECIMENTO DO DESIGNER MANUEL ALVES - Portugal Fashion","og_description":"\u00c9 com profundo pesar que o Portugal Fashion lamenta a morte do designer Manuel Alves e apresenta sentidas condol\u00eancias \u00e0 fam\u00edlia, amigos e, sobretudo, ao nosso estimado Jos\u00e9 Gon\u00e7alves. A dupla Alves\/Gon\u00e7alves integra o Portugal Fashion desde o ano 2000, tendo marcado presen\u00e7a nos calend\u00e1rios nacionais e internacionais da plataforma, com desfiles em Nova Iorque, [&hellip;]","og_url":"https:\/\/portugalfashion.com\/en\/nota-de-pesar-pelo-falecimento-do-designer-manuel-alves\/","og_site_name":"Portugal Fashion","article_published_time":"2024-05-15T13:55:35+00:00","og_image":[{"width":1708,"height":1350,"url":"https:\/\/portugalfashion.com\/wp-content\/uploads\/2024\/05\/AlvesGoncalves_155-scaled-e1715780522582.jpg","type":"image\/jpeg"}],"author":"Carolina Pereira","twitter_card":"summary_large_image","twitter_misc":{"Written by":"Carolina Pereira","Est. reading time":"2 minutes"},"schema":{"@context":"https:\/\/schema.org","@graph":[{"@type":"Article","@id":"https:\/\/portugalfashion.com\/nota-de-pesar-pelo-falecimento-do-designer-manuel-alves\/#article","isPartOf":{"@id":"https:\/\/portugalfashion.com\/nota-de-pesar-pelo-falecimento-do-designer-manuel-alves\/"},"author":{"name":"Carolina Pereira","@id":"https:\/\/portugalfashion.com\/#\/schema\/person\/ae1fff69d3249eac39d22a20a1bba9e3"},"headline":"NOTA DE PESAR PELO FALECIMENTO DO DESIGNER MANUEL ALVES","datePublished":"2024-05-15T13:55:35+00:00","dateModified":"2024-05-15T13:55:35+00:00","mainEntityOfPage":{"@id":"https:\/\/portugalfashion.com\/nota-de-pesar-pelo-falecimento-do-designer-manuel-alves\/"},"wordCount":391,"commentCount":0,"publisher":{"@id":"https:\/\/portugalfashion.com\/#organization"},"image":{"@id":"https:\/\/portugalfashion.com\/nota-de-pesar-pelo-falecimento-do-designer-manuel-alves\/#primaryimage"},"thumbnailUrl":"https:\/\/portugalfashion.com\/wp-content\/uploads\/2024\/05\/AlvesGoncalves_155-scaled-e1715780522582.jpg","articleSection":["Portugal Fashion","Portugal Fashion"],"inLanguage":"en-GB","potentialAction":[{"@type":"CommentAction","name":"Comment","target":["https:\/\/portugalfashion.com\/nota-de-pesar-pelo-falecimento-do-designer-manuel-alves\/#respond"]}]},{"@type":"WebPage","@id":"https:\/\/portugalfashion.com\/nota-de-pesar-pelo-falecimento-do-designer-manuel-alves\/","url":"https:\/\/portugalfashion.com\/nota-de-pesar-pelo-falecimento-do-designer-manuel-alves\/","name":"NOTA DE PESAR PELO FALECIMENTO DO DESIGNER MANUEL ALVES - Portugal Fashion","isPartOf":{"@id":"https:\/\/portugalfashion.com\/#website"},"primaryImageOfPage":{"@id":"https:\/\/portugalfashion.com\/nota-de-pesar-pelo-falecimento-do-designer-manuel-alves\/#primaryimage"},"image":{"@id":"https:\/\/portugalfashion.com\/nota-de-pesar-pelo-falecimento-do-designer-manuel-alves\/#primaryimage"},"thumbnailUrl":"https:\/\/portugalfashion.com\/wp-content\/uploads\/2024\/05\/AlvesGoncalves_155-scaled-e1715780522582.jpg","datePublished":"2024-05-15T13:55:35+00:00","dateModified":"2024-05-15T13:55:35+00:00","breadcrumb":{"@id":"https:\/\/portugalfashion.com\/nota-de-pesar-pelo-falecimento-do-designer-manuel-alves\/#breadcrumb"},"inLanguage":"en-GB","potentialAction":[{"@type":"ReadAction","target":["https:\/\/portugalfashion.com\/nota-de-pesar-pelo-falecimento-do-designer-manuel-alves\/"]}]},{"@type":"ImageObject","inLanguage":"en-GB","@id":"https:\/\/portugalfashion.com\/nota-de-pesar-pelo-falecimento-do-designer-manuel-alves\/#primaryimage","url":"https:\/\/portugalfashion.com\/wp-content\/uploads\/2024\/05\/AlvesGoncalves_155-scaled-e1715780522582.jpg","contentUrl":"https:\/\/portugalfashion.com\/wp-content\/uploads\/2024\/05\/AlvesGoncalves_155-scaled-e1715780522582.jpg","width":1708,"height":1350},{"@type":"BreadcrumbList","@id":"https:\/\/portugalfashion.com\/nota-de-pesar-pelo-falecimento-do-designer-manuel-alves\/#breadcrumb","itemListElement":[{"@type":"ListItem","position":1,"name":"Home","item":"https:\/\/portugalfashion.com\/"},{"@type":"ListItem","position":2,"name":"NOTA DE PESAR PELO FALECIMENTO DO DESIGNER MANUEL ALVES"}]},{"@type":"WebSite","@id":"https:\/\/portugalfashion.com\/#website","url":"https:\/\/portugalfashion.com\/","name":"Portugal Fashion","description":"Moda e Eventos","publisher":{"@id":"https:\/\/portugalfashion.com\/#organization"},"potentialAction":[{"@type":"SearchAction","target":{"@type":"EntryPoint","urlTemplate":"https:\/\/portugalfashion.com\/?s={search_term_string}"},"query-input":{"@type":"PropertyValueSpecification","valueRequired":true,"valueName":"search_term_string"}}],"inLanguage":"en-GB"},{"@type":"Organization","@id":"https:\/\/portugalfashion.com\/#organization","name":"Portugal Fashion","url":"https:\/\/portugalfashion.com\/","logo":{"@type":"ImageObject","inLanguage":"en-GB","@id":"https:\/\/portugalfashion.com\/#\/schema\/logo\/image\/","url":"http:\/\/portugalfashion.com\/wp-content\/uploads\/2021\/08\/animated-logo-pf-black.svg","contentUrl":"http:\/\/portugalfashion.com\/wp-content\/uploads\/2021\/08\/animated-logo-pf-black.svg","width":1374,"height":670,"caption":"Portugal Fashion"},"image":{"@id":"https:\/\/portugalfashion.com\/#\/schema\/logo\/image\/"}},{"@type":"Person","@id":"https:\/\/portugalfashion.com\/#\/schema\/person\/ae1fff69d3249eac39d22a20a1bba9e3","name":"Carolina Pereira","image":{"@type":"ImageObject","inLanguage":"en-GB","@id":"https:\/\/portugalfashion.com\/#\/schema\/person\/image\/","url":"https:\/\/secure.gravatar.com\/avatar\/18ec938658932cfb7907988cdf19bafee41b382bff8cd6316c7a81091f1fbeb8?s=96&d=mm&r=g","contentUrl":"https:\/\/secure.gravatar.com\/avatar\/18ec938658932cfb7907988cdf19bafee41b382bff8cd6316c7a81091f1fbeb8?s=96&d=mm&r=g","caption":"Carolina Pereira"},"url":"https:\/\/portugalfashion.com\/en\/author\/carolina\/"}]}},"_links":{"self":[{"href":"https:\/\/portugalfashion.com\/en\/wp-json\/wp\/v2\/posts\/18440","targetHints":{"allow":["GET"]}}],"collection":[{"href":"https:\/\/portugalfashion.com\/en\/wp-json\/wp\/v2\/posts"}],"about":[{"href":"https:\/\/portugalfashion.com\/en\/wp-json\/wp\/v2\/types\/post"}],"author":[{"embeddable":true,"href":"https:\/\/portugalfashion.com\/en\/wp-json\/wp\/v2\/users\/6"}],"replies":[{"embeddable":true,"href":"https:\/\/portugalfashion.com\/en\/wp-json\/wp\/v2\/comments?post=18440"}],"version-history":[{"count":4,"href":"https:\/\/portugalfashion.com\/en\/wp-json\/wp\/v2\/posts\/18440\/revisions"}],"predecessor-version":[{"id":18445,"href":"https:\/\/portugalfashion.com\/en\/wp-json\/wp\/v2\/posts\/18440\/revisions\/18445"}],"wp:featuredmedia":[{"embeddable":true,"href":"https:\/\/portugalfashion.com\/en\/wp-json\/wp\/v2\/media\/18442"}],"wp:attachment":[{"href":"https:\/\/portugalfashion.com\/en\/wp-json\/wp\/v2\/media?parent=18440"}],"wp:term":[{"taxonomy":"category","embeddable":true,"href":"https:\/\/portugalfashion.com\/en\/wp-json\/wp\/v2\/categories?post=18440"},{"taxonomy":"post_tag","embeddable":true,"href":"https:\/\/portugalfashion.com\/en\/wp-json\/wp\/v2\/tags?post=18440"}],"curies":[{"name":"wp","href":"https:\/\/api.w.org\/{rel}","templated":true}]}}