{"id":19126,"date":"2025-10-01T16:05:06","date_gmt":"2025-10-01T16:05:06","guid":{"rendered":"https:\/\/portugalfashion.com\/?p=19126"},"modified":"2025-10-01T16:05:06","modified_gmt":"2025-10-01T16:05:06","slug":"portugal-fashion-davii-e-pe-de-chumbo-no-calendario-oficial-de-apresentacoes-da-semana-da-moda-de-milao-2","status":"publish","type":"post","link":"https:\/\/portugalfashion.com\/en\/portugal-fashion-davii-e-pe-de-chumbo-no-calendario-oficial-de-apresentacoes-da-semana-da-moda-de-milao-2\/","title":{"rendered":"PORTUGAL FASHION: DAVII AND P\u00c9 DE CHUMBO ON THE OFFICIAL PRESENTATION CALENDAR OF MILAN FASHION WEEK"},"content":{"rendered":"<p><strong>Portugal Fashion continued its international route and was present at Milan Fashion Week, integrating the official presentation calendar of the Italian capital, one of the most demanding stages of the global industry. On September 27, the brands Davii and P\u00e9 de Chumbo presented their Spring\/Summer 2026 collections at the Major Virtual Tunnel, a former decommissioned metro station that has now begun to establish itself as a cutting-edge venue and that, for the first time, hosted presentations linked to Milan Fashion Week.<\/strong><\/p>\n<p>This was the second stop on Portugal Fashion\u2019s international calendar, after London and ahead of the debut of its own showroom in Paris, confirming the consistency of the project\u2019s internationalisation strategy.<\/p>\n<p>The presence in Milan highlighted the diversity and vitality of Portuguese fashion, capable of combining different creative languages with the production excellence that distinguishes the Created in Portugal label. Between the architectural and conceptual precision of Davii and the artisanal identity of P\u00e9 de Chumbo, Portugal Fashion presented two complementary visions that bore witness to the richness of the national ecosystem.<\/p>\n<p>The presentations by Davii and P\u00e9 de Chumbo were part of a continuous programme throughout the afternoon, within Milan\u2019s official calendar, and included different moments of catwalk performance. Davii presented its proposals at 3:15 PM and 4:30 PM, while P\u00e9 de Chumbo held performances at 4:00 PM and 5:15 PM, creating a dynamic in which Portuguese fashion asserted itself in an immersive format and in direct dialogue with journalists, buyers, and industry professionals.<\/p>\n<p>Davii unveiled the SS26 collection, \u201cReimagined Forms\u201d, an aesthetic exploration where avant-garde fused with the organic nature of natural forms. Inspired by the fluidity and complexity of nature, the designer combined neoprene, silk organza, and leather to construct a wardrobe of futuristic silhouettes and sculptural pieces. Ethereal organza dresses engaged in dialogue with structured neoprene coats, within a narrative that celebrated the meeting of technical innovation and aesthetic sensibility, reaffirming the brand\u2019s positioning in the territory of contemporary conceptual experimentation. More than the affirmation of a foreign designer, Davii\u2019s presence in Milan also symbolised the path of someone who chose Portugal to found their brand and company, recognising Portugal Fashion as a gateway platform to the national ecosystem and the global market.<\/p>\n<p>P\u00e9 de Chumbo made its debut on Milan\u2019s official calendar with the collection \u201cFemme\u201d, a tribute to feminine duality that balanced power and fragility, courage and sensuality. Intricate lace worked with robust threads, references to corsetry, and bold cuts came together in pieces that evoked memory and tradition, yet were released into modern and daring forms. The colour palette, ranging from beige to black and passing through intense red, shocking pink, and metallics, reinforced the expressive strength of the collection. True to its identity, the brand asserted itself through the artisanal manipulation of raw materials and through the fact that it controls the entire production process within its own manufacturing unit, a distinctive element on the international landscape.<\/p>\n<p>According to M\u00f3nica Neto, Director of Portugal Fashion, \u201cMilan has represented a strategic platform of affirmation for Portugal Fashion. This edition reinforced that role, with Davii and P\u00e9 de Chumbo underscoring the consistency of our presence on the official calendar and demonstrating the creative and productive vitality that make \u2018Made in Portugal\u2019 a trusted reference in the global market.\u201d<\/p>\n<p>Portugal Fashion is a project under the responsibility of ANJE \u2013 the National Association of Young Entrepreneurs, with the support of its strategic partners and co-financed by SIAC \u2013 Support for Collective Actions for Internationalisation under Portugal 2030, within the scope of COMPETE 2030 \u2013 Innovation and Digital Transition Programme, with funds from the European Union, through the European Regional Development Fund.<\/p>","protected":false},"excerpt":{"rendered":"<p>Portugal Fashion continued its international route and was present at Milan Fashion Week, joining the official presentation calendar of the Italian capital, one of the most demanding stages of the global industry. On September 27, the brands Davii and P\u00e9 de Chumbo presented their Spring\/Summer 2026 collections at [\u2026]<\/p>","protected":false},"author":6,"featured_media":19127,"comment_status":"closed","ping_status":"closed","sticky":false,"template":"","format":"standard","meta":{"_acf_changed":false,"_monsterinsights_skip_tracking":false,"_monsterinsights_sitenote_active":false,"_monsterinsights_sitenote_note":"","_monsterinsights_sitenote_category":0,"footnotes":""},"categories":[1],"tags":[],"class_list":["post-19126","post","type-post","status-publish","format-standard","has-post-thumbnail","hentry","category-portugal-fashion-en"],"acf":[],"yoast_head":"<!-- This site is optimized with the Yoast SEO plugin v24.2 - https:\/\/yoast.com\/wordpress\/plugins\/seo\/ -->\n<title>PORTUGAL FASHION: DAVII E P\u00c9 DE CHUMBO NO CALEND\u00c1RIO OFICIAL DE APRESENTA\u00c7\u00d5ES DA SEMANA DA MODA DE MIL\u00c3O - Portugal Fashion<\/title>\n<meta name=\"robots\" content=\"index, follow, max-snippet:-1, max-image-preview:large, max-video-preview:-1\" \/>\n<link rel=\"canonical\" href=\"https:\/\/portugalfashion.com\/en\/portugal-fashion-davii-e-pe-de-chumbo-no-calendario-oficial-de-apresentacoes-da-semana-da-moda-de-milao-2\/\" \/>\n<meta property=\"og:locale\" content=\"en_GB\" \/>\n<meta property=\"og:type\" content=\"article\" \/>\n<meta property=\"og:title\" content=\"PORTUGAL FASHION: DAVII E P\u00c9 DE CHUMBO NO CALEND\u00c1RIO OFICIAL DE APRESENTA\u00c7\u00d5ES DA SEMANA DA MODA DE MIL\u00c3O - Portugal Fashion\" \/>\n<meta property=\"og:description\" content=\"O Portugal Fashion prosseguiu a sua rota internacional e marcou presen\u00e7a na Semana da Moda de Mil\u00e3o, integrando o calend\u00e1rio oficial de apresenta\u00e7\u00f5es da capital italiana, um dos palcos mais exigentes da ind\u00fastria global. No dia 27 de setembro, as marcas Davii e P\u00e9 de Chumbo apresentaram as suas cole\u00e7\u00f5es para a Primavera\/Ver\u00e3o 2026 no [&hellip;]\" \/>\n<meta property=\"og:url\" content=\"https:\/\/portugalfashion.com\/en\/portugal-fashion-davii-e-pe-de-chumbo-no-calendario-oficial-de-apresentacoes-da-semana-da-moda-de-milao-2\/\" \/>\n<meta property=\"og:site_name\" content=\"Portugal Fashion\" \/>\n<meta property=\"article:published_time\" content=\"2025-10-01T16:05:06+00:00\" \/>\n<meta property=\"og:image\" content=\"https:\/\/portugalfashion.com\/wp-content\/uploads\/2025\/09\/Design-sem-nome-2-1024x683.png\" \/>\n\t<meta property=\"og:image:width\" content=\"1024\" \/>\n\t<meta property=\"og:image:height\" content=\"683\" \/>\n\t<meta property=\"og:image:type\" content=\"image\/png\" \/>\n<meta name=\"author\" content=\"Carolina Pereira\" \/>\n<meta name=\"twitter:card\" content=\"summary_large_image\" \/>\n<meta name=\"twitter:label1\" content=\"Written by\" \/>\n\t<meta name=\"twitter:data1\" content=\"Carolina Pereira\" \/>\n\t<meta name=\"twitter:label2\" content=\"Est. reading time\" \/>\n\t<meta name=\"twitter:data2\" content=\"4 minutes\" \/>\n<script type=\"application\/ld+json\" class=\"yoast-schema-graph\">{\"@context\":\"https:\/\/schema.org\",\"@graph\":[{\"@type\":\"Article\",\"@id\":\"https:\/\/portugalfashion.com\/portugal-fashion-davii-e-pe-de-chumbo-no-calendario-oficial-de-apresentacoes-da-semana-da-moda-de-milao-2\/#article\",\"isPartOf\":{\"@id\":\"https:\/\/portugalfashion.com\/portugal-fashion-davii-e-pe-de-chumbo-no-calendario-oficial-de-apresentacoes-da-semana-da-moda-de-milao-2\/\"},\"author\":{\"name\":\"Carolina Pereira\",\"@id\":\"https:\/\/portugalfashion.com\/#\/schema\/person\/ae1fff69d3249eac39d22a20a1bba9e3\"},\"headline\":\"PORTUGAL FASHION: DAVII E P\u00c9 DE CHUMBO NO CALEND\u00c1RIO OFICIAL DE APRESENTA\u00c7\u00d5ES DA SEMANA DA MODA DE MIL\u00c3O\",\"datePublished\":\"2025-10-01T16:05:06+00:00\",\"dateModified\":\"2025-10-01T16:05:06+00:00\",\"mainEntityOfPage\":{\"@id\":\"https:\/\/portugalfashion.com\/portugal-fashion-davii-e-pe-de-chumbo-no-calendario-oficial-de-apresentacoes-da-semana-da-moda-de-milao-2\/\"},\"wordCount\":701,\"publisher\":{\"@id\":\"https:\/\/portugalfashion.com\/#organization\"},\"image\":{\"@id\":\"https:\/\/portugalfashion.com\/portugal-fashion-davii-e-pe-de-chumbo-no-calendario-oficial-de-apresentacoes-da-semana-da-moda-de-milao-2\/#primaryimage\"},\"thumbnailUrl\":\"https:\/\/portugalfashion.com\/wp-content\/uploads\/2025\/09\/Design-sem-nome-2.png\",\"articleSection\":[\"Portugal Fashion\"],\"inLanguage\":\"en-GB\"},{\"@type\":\"WebPage\",\"@id\":\"https:\/\/portugalfashion.com\/portugal-fashion-davii-e-pe-de-chumbo-no-calendario-oficial-de-apresentacoes-da-semana-da-moda-de-milao-2\/\",\"url\":\"https:\/\/portugalfashion.com\/portugal-fashion-davii-e-pe-de-chumbo-no-calendario-oficial-de-apresentacoes-da-semana-da-moda-de-milao-2\/\",\"name\":\"PORTUGAL FASHION: DAVII E P\u00c9 DE CHUMBO NO CALEND\u00c1RIO OFICIAL DE APRESENTA\u00c7\u00d5ES DA SEMANA DA MODA DE MIL\u00c3O - Portugal Fashion\",\"isPartOf\":{\"@id\":\"https:\/\/portugalfashion.com\/#website\"},\"primaryImageOfPage\":{\"@id\":\"https:\/\/portugalfashion.com\/portugal-fashion-davii-e-pe-de-chumbo-no-calendario-oficial-de-apresentacoes-da-semana-da-moda-de-milao-2\/#primaryimage\"},\"image\":{\"@id\":\"https:\/\/portugalfashion.com\/portugal-fashion-davii-e-pe-de-chumbo-no-calendario-oficial-de-apresentacoes-da-semana-da-moda-de-milao-2\/#primaryimage\"},\"thumbnailUrl\":\"https:\/\/portugalfashion.com\/wp-content\/uploads\/2025\/09\/Design-sem-nome-2.png\",\"datePublished\":\"2025-10-01T16:05:06+00:00\",\"dateModified\":\"2025-10-01T16:05:06+00:00\",\"breadcrumb\":{\"@id\":\"https:\/\/portugalfashion.com\/portugal-fashion-davii-e-pe-de-chumbo-no-calendario-oficial-de-apresentacoes-da-semana-da-moda-de-milao-2\/#breadcrumb\"},\"inLanguage\":\"en-GB\",\"potentialAction\":[{\"@type\":\"ReadAction\",\"target\":[\"https:\/\/portugalfashion.com\/portugal-fashion-davii-e-pe-de-chumbo-no-calendario-oficial-de-apresentacoes-da-semana-da-moda-de-milao-2\/\"]}]},{\"@type\":\"ImageObject\",\"inLanguage\":\"en-GB\",\"@id\":\"https:\/\/portugalfashion.com\/portugal-fashion-davii-e-pe-de-chumbo-no-calendario-oficial-de-apresentacoes-da-semana-da-moda-de-milao-2\/#primaryimage\",\"url\":\"https:\/\/portugalfashion.com\/wp-content\/uploads\/2025\/09\/Design-sem-nome-2.png\",\"contentUrl\":\"https:\/\/portugalfashion.com\/wp-content\/uploads\/2025\/09\/Design-sem-nome-2.png\",\"width\":2560,\"height\":1707},{\"@type\":\"BreadcrumbList\",\"@id\":\"https:\/\/portugalfashion.com\/portugal-fashion-davii-e-pe-de-chumbo-no-calendario-oficial-de-apresentacoes-da-semana-da-moda-de-milao-2\/#breadcrumb\",\"itemListElement\":[{\"@type\":\"ListItem\",\"position\":1,\"name\":\"Home\",\"item\":\"https:\/\/portugalfashion.com\/\"},{\"@type\":\"ListItem\",\"position\":2,\"name\":\"PORTUGAL FASHION: DAVII E P\u00c9 DE CHUMBO NO CALEND\u00c1RIO OFICIAL DE APRESENTA\u00c7\u00d5ES DA SEMANA DA MODA DE MIL\u00c3O\"}]},{\"@type\":\"WebSite\",\"@id\":\"https:\/\/portugalfashion.com\/#website\",\"url\":\"https:\/\/portugalfashion.com\/\",\"name\":\"Portugal Fashion\",\"description\":\"Moda e Eventos\",\"publisher\":{\"@id\":\"https:\/\/portugalfashion.com\/#organization\"},\"potentialAction\":[{\"@type\":\"SearchAction\",\"target\":{\"@type\":\"EntryPoint\",\"urlTemplate\":\"https:\/\/portugalfashion.com\/?s={search_term_string}\"},\"query-input\":{\"@type\":\"PropertyValueSpecification\",\"valueRequired\":true,\"valueName\":\"search_term_string\"}}],\"inLanguage\":\"en-GB\"},{\"@type\":\"Organization\",\"@id\":\"https:\/\/portugalfashion.com\/#organization\",\"name\":\"Portugal Fashion\",\"url\":\"https:\/\/portugalfashion.com\/\",\"logo\":{\"@type\":\"ImageObject\",\"inLanguage\":\"en-GB\",\"@id\":\"https:\/\/portugalfashion.com\/#\/schema\/logo\/image\/\",\"url\":\"http:\/\/portugalfashion.com\/wp-content\/uploads\/2021\/08\/animated-logo-pf-black.svg\",\"contentUrl\":\"http:\/\/portugalfashion.com\/wp-content\/uploads\/2021\/08\/animated-logo-pf-black.svg\",\"width\":1374,\"height\":670,\"caption\":\"Portugal Fashion\"},\"image\":{\"@id\":\"https:\/\/portugalfashion.com\/#\/schema\/logo\/image\/\"}},{\"@type\":\"Person\",\"@id\":\"https:\/\/portugalfashion.com\/#\/schema\/person\/ae1fff69d3249eac39d22a20a1bba9e3\",\"name\":\"Carolina Pereira\",\"image\":{\"@type\":\"ImageObject\",\"inLanguage\":\"en-GB\",\"@id\":\"https:\/\/portugalfashion.com\/#\/schema\/person\/image\/\",\"url\":\"https:\/\/secure.gravatar.com\/avatar\/18ec938658932cfb7907988cdf19bafee41b382bff8cd6316c7a81091f1fbeb8?s=96&d=mm&r=g\",\"contentUrl\":\"https:\/\/secure.gravatar.com\/avatar\/18ec938658932cfb7907988cdf19bafee41b382bff8cd6316c7a81091f1fbeb8?s=96&d=mm&r=g\",\"caption\":\"Carolina Pereira\"},\"url\":\"https:\/\/portugalfashion.com\/en\/author\/carolina\/\"}]}<\/script>\n<!-- \/ Yoast SEO plugin. -->","yoast_head_json":{"title":"PORTUGAL FASHION: DAVII E P\u00c9 DE CHUMBO NO CALEND\u00c1RIO OFICIAL DE APRESENTA\u00c7\u00d5ES DA SEMANA DA MODA DE MIL\u00c3O - Portugal Fashion","robots":{"index":"index","follow":"follow","max-snippet":"max-snippet:-1","max-image-preview":"max-image-preview:large","max-video-preview":"max-video-preview:-1"},"canonical":"https:\/\/portugalfashion.com\/en\/portugal-fashion-davii-e-pe-de-chumbo-no-calendario-oficial-de-apresentacoes-da-semana-da-moda-de-milao-2\/","og_locale":"en_GB","og_type":"article","og_title":"PORTUGAL FASHION: DAVII E P\u00c9 DE CHUMBO NO CALEND\u00c1RIO OFICIAL DE APRESENTA\u00c7\u00d5ES DA SEMANA DA MODA DE MIL\u00c3O - Portugal Fashion","og_description":"O Portugal Fashion prosseguiu a sua rota internacional e marcou presen\u00e7a na Semana da Moda de Mil\u00e3o, integrando o calend\u00e1rio oficial de apresenta\u00e7\u00f5es da capital italiana, um dos palcos mais exigentes da ind\u00fastria global. No dia 27 de setembro, as marcas Davii e P\u00e9 de Chumbo apresentaram as suas cole\u00e7\u00f5es para a Primavera\/Ver\u00e3o 2026 no [&hellip;]","og_url":"https:\/\/portugalfashion.com\/en\/portugal-fashion-davii-e-pe-de-chumbo-no-calendario-oficial-de-apresentacoes-da-semana-da-moda-de-milao-2\/","og_site_name":"Portugal Fashion","article_published_time":"2025-10-01T16:05:06+00:00","og_image":[{"width":1024,"height":683,"url":"https:\/\/portugalfashion.com\/wp-content\/uploads\/2025\/09\/Design-sem-nome-2-1024x683.png","type":"image\/png"}],"author":"Carolina Pereira","twitter_card":"summary_large_image","twitter_misc":{"Written by":"Carolina Pereira","Est. reading time":"4 minutes"},"schema":{"@context":"https:\/\/schema.org","@graph":[{"@type":"Article","@id":"https:\/\/portugalfashion.com\/portugal-fashion-davii-e-pe-de-chumbo-no-calendario-oficial-de-apresentacoes-da-semana-da-moda-de-milao-2\/#article","isPartOf":{"@id":"https:\/\/portugalfashion.com\/portugal-fashion-davii-e-pe-de-chumbo-no-calendario-oficial-de-apresentacoes-da-semana-da-moda-de-milao-2\/"},"author":{"name":"Carolina Pereira","@id":"https:\/\/portugalfashion.com\/#\/schema\/person\/ae1fff69d3249eac39d22a20a1bba9e3"},"headline":"PORTUGAL FASHION: DAVII E P\u00c9 DE CHUMBO NO CALEND\u00c1RIO OFICIAL DE APRESENTA\u00c7\u00d5ES DA SEMANA DA MODA DE MIL\u00c3O","datePublished":"2025-10-01T16:05:06+00:00","dateModified":"2025-10-01T16:05:06+00:00","mainEntityOfPage":{"@id":"https:\/\/portugalfashion.com\/portugal-fashion-davii-e-pe-de-chumbo-no-calendario-oficial-de-apresentacoes-da-semana-da-moda-de-milao-2\/"},"wordCount":701,"publisher":{"@id":"https:\/\/portugalfashion.com\/#organization"},"image":{"@id":"https:\/\/portugalfashion.com\/portugal-fashion-davii-e-pe-de-chumbo-no-calendario-oficial-de-apresentacoes-da-semana-da-moda-de-milao-2\/#primaryimage"},"thumbnailUrl":"https:\/\/portugalfashion.com\/wp-content\/uploads\/2025\/09\/Design-sem-nome-2.png","articleSection":["Portugal Fashion"],"inLanguage":"en-GB"},{"@type":"WebPage","@id":"https:\/\/portugalfashion.com\/portugal-fashion-davii-e-pe-de-chumbo-no-calendario-oficial-de-apresentacoes-da-semana-da-moda-de-milao-2\/","url":"https:\/\/portugalfashion.com\/portugal-fashion-davii-e-pe-de-chumbo-no-calendario-oficial-de-apresentacoes-da-semana-da-moda-de-milao-2\/","name":"PORTUGAL FASHION: DAVII E P\u00c9 DE CHUMBO NO CALEND\u00c1RIO OFICIAL DE APRESENTA\u00c7\u00d5ES DA SEMANA DA MODA DE MIL\u00c3O - Portugal Fashion","isPartOf":{"@id":"https:\/\/portugalfashion.com\/#website"},"primaryImageOfPage":{"@id":"https:\/\/portugalfashion.com\/portugal-fashion-davii-e-pe-de-chumbo-no-calendario-oficial-de-apresentacoes-da-semana-da-moda-de-milao-2\/#primaryimage"},"image":{"@id":"https:\/\/portugalfashion.com\/portugal-fashion-davii-e-pe-de-chumbo-no-calendario-oficial-de-apresentacoes-da-semana-da-moda-de-milao-2\/#primaryimage"},"thumbnailUrl":"https:\/\/portugalfashion.com\/wp-content\/uploads\/2025\/09\/Design-sem-nome-2.png","datePublished":"2025-10-01T16:05:06+00:00","dateModified":"2025-10-01T16:05:06+00:00","breadcrumb":{"@id":"https:\/\/portugalfashion.com\/portugal-fashion-davii-e-pe-de-chumbo-no-calendario-oficial-de-apresentacoes-da-semana-da-moda-de-milao-2\/#breadcrumb"},"inLanguage":"en-GB","potentialAction":[{"@type":"ReadAction","target":["https:\/\/portugalfashion.com\/portugal-fashion-davii-e-pe-de-chumbo-no-calendario-oficial-de-apresentacoes-da-semana-da-moda-de-milao-2\/"]}]},{"@type":"ImageObject","inLanguage":"en-GB","@id":"https:\/\/portugalfashion.com\/portugal-fashion-davii-e-pe-de-chumbo-no-calendario-oficial-de-apresentacoes-da-semana-da-moda-de-milao-2\/#primaryimage","url":"https:\/\/portugalfashion.com\/wp-content\/uploads\/2025\/09\/Design-sem-nome-2.png","contentUrl":"https:\/\/portugalfashion.com\/wp-content\/uploads\/2025\/09\/Design-sem-nome-2.png","width":2560,"height":1707},{"@type":"BreadcrumbList","@id":"https:\/\/portugalfashion.com\/portugal-fashion-davii-e-pe-de-chumbo-no-calendario-oficial-de-apresentacoes-da-semana-da-moda-de-milao-2\/#breadcrumb","itemListElement":[{"@type":"ListItem","position":1,"name":"Home","item":"https:\/\/portugalfashion.com\/"},{"@type":"ListItem","position":2,"name":"PORTUGAL FASHION: DAVII E P\u00c9 DE CHUMBO NO CALEND\u00c1RIO OFICIAL DE APRESENTA\u00c7\u00d5ES DA SEMANA DA MODA DE MIL\u00c3O"}]},{"@type":"WebSite","@id":"https:\/\/portugalfashion.com\/#website","url":"https:\/\/portugalfashion.com\/","name":"Portugal Fashion","description":"Moda e Eventos","publisher":{"@id":"https:\/\/portugalfashion.com\/#organization"},"potentialAction":[{"@type":"SearchAction","target":{"@type":"EntryPoint","urlTemplate":"https:\/\/portugalfashion.com\/?s={search_term_string}"},"query-input":{"@type":"PropertyValueSpecification","valueRequired":true,"valueName":"search_term_string"}}],"inLanguage":"en-GB"},{"@type":"Organization","@id":"https:\/\/portugalfashion.com\/#organization","name":"Portugal Fashion","url":"https:\/\/portugalfashion.com\/","logo":{"@type":"ImageObject","inLanguage":"en-GB","@id":"https:\/\/portugalfashion.com\/#\/schema\/logo\/image\/","url":"http:\/\/portugalfashion.com\/wp-content\/uploads\/2021\/08\/animated-logo-pf-black.svg","contentUrl":"http:\/\/portugalfashion.com\/wp-content\/uploads\/2021\/08\/animated-logo-pf-black.svg","width":1374,"height":670,"caption":"Portugal Fashion"},"image":{"@id":"https:\/\/portugalfashion.com\/#\/schema\/logo\/image\/"}},{"@type":"Person","@id":"https:\/\/portugalfashion.com\/#\/schema\/person\/ae1fff69d3249eac39d22a20a1bba9e3","name":"Carolina Pereira","image":{"@type":"ImageObject","inLanguage":"en-GB","@id":"https:\/\/portugalfashion.com\/#\/schema\/person\/image\/","url":"https:\/\/secure.gravatar.com\/avatar\/18ec938658932cfb7907988cdf19bafee41b382bff8cd6316c7a81091f1fbeb8?s=96&d=mm&r=g","contentUrl":"https:\/\/secure.gravatar.com\/avatar\/18ec938658932cfb7907988cdf19bafee41b382bff8cd6316c7a81091f1fbeb8?s=96&d=mm&r=g","caption":"Carolina Pereira"},"url":"https:\/\/portugalfashion.com\/en\/author\/carolina\/"}]}},"_links":{"self":[{"href":"https:\/\/portugalfashion.com\/en\/wp-json\/wp\/v2\/posts\/19126","targetHints":{"allow":["GET"]}}],"collection":[{"href":"https:\/\/portugalfashion.com\/en\/wp-json\/wp\/v2\/posts"}],"about":[{"href":"https:\/\/portugalfashion.com\/en\/wp-json\/wp\/v2\/types\/post"}],"author":[{"embeddable":true,"href":"https:\/\/portugalfashion.com\/en\/wp-json\/wp\/v2\/users\/6"}],"replies":[{"embeddable":true,"href":"https:\/\/portugalfashion.com\/en\/wp-json\/wp\/v2\/comments?post=19126"}],"version-history":[{"count":1,"href":"https:\/\/portugalfashion.com\/en\/wp-json\/wp\/v2\/posts\/19126\/revisions"}],"predecessor-version":[{"id":19128,"href":"https:\/\/portugalfashion.com\/en\/wp-json\/wp\/v2\/posts\/19126\/revisions\/19128"}],"wp:featuredmedia":[{"embeddable":true,"href":"https:\/\/portugalfashion.com\/en\/wp-json\/wp\/v2\/media\/19127"}],"wp:attachment":[{"href":"https:\/\/portugalfashion.com\/en\/wp-json\/wp\/v2\/media?parent=19126"}],"wp:term":[{"taxonomy":"category","embeddable":true,"href":"https:\/\/portugalfashion.com\/en\/wp-json\/wp\/v2\/categories?post=19126"},{"taxonomy":"post_tag","embeddable":true,"href":"https:\/\/portugalfashion.com\/en\/wp-json\/wp\/v2\/tags?post=19126"}],"curies":[{"name":"wp","href":"https:\/\/api.w.org\/{rel}","templated":true}]}}