{"id":19849,"date":"2026-02-18T11:08:48","date_gmt":"2026-02-18T11:08:48","guid":{"rendered":"https:\/\/portugalfashion.com\/?p=19849"},"modified":"2026-02-18T11:26:09","modified_gmt":"2026-02-18T11:26:09","slug":"ernest-w-baker-apresenta-nova-colecao-com-cristais-swarovski-em-seul","status":"publish","type":"post","link":"https:\/\/portugalfashion.com\/en\/ernest-w-baker-apresenta-nova-colecao-com-cristais-swarovski-em-seul\/","title":{"rendered":"ERNEST W. BAKER PRESENTS NEW COLLECTION WITH SWAROVSKI CRYSTALS IN SEOUL"},"content":{"rendered":"<p><strong>Ernest W. Baker presented its new collection in Seoul, through a dedicated moment at 10 Corso Como Seoul.<\/strong><\/p>\n<p>The collection introduces, for the first time, pieces developed within the framework of a partnership with Swarovski, integrating crystals into the construction and design of the silhouettes as an essential part of the brand\u2019s language.<\/p>\n<p>The presentation took place on February 11 and 12 and was conceived as a moment of proximity with clients, partners, and press. At the centre was a new set of pieces that marks an evolution in Ernest W. Baker\u2019s visual universe, where crystal emerges as an element of expression, structure, and identity.<\/p>\n<p>The project unfolds on two complementary levels. On the one hand, the creation of pieces that explore the expressive potential of Swarovski crystals. On the other, the collaboration with 10 Corso Como Seoul, which hosts the collection within an international context of curation, visibility, and direct contact with the market.<\/p>\n<p>In the collection, the crystals are applied in compositions inspired by constellations and shooting stars, introducing a symbolic dimension linked to the ideas of orientation, discovery, and continuity. More than a decorative detail, the crystal takes on a narrative role, reinforcing the emotional charge and the character of the collection.<\/p>\n<p>For M\u00f3nica Neto, Director of Portugal Fashion, \u201cprojects like this demonstrate the level of maturity that Ernest W. Baker has achieved in the international context. The articulation between creative, development, and presentation partners, including reference entities such as Swarovski and 10 Corso Como Seoul, reflects a consistent trajectory and demonstrates the ability of Portuguese fashion to assert itself in the most demanding global contexts.\u201d<\/p>\n<p>The development of the pieces involved a network of seven partners, bringing together international entities, institutional partners, and different specialists from the Portuguese industry. Manufacturing units, accessory ateliers, and technical partners worked in close articulation with the creative team, reflecting the close relationship between creation and production that characterises the brand.<\/p>\n<p>In this context, the activation of international partnerships asserts itself as a strategic axis, contributing to the external projection of Portuguese creation, the valorisation of its productive base, and the reinforcement of an integrated approach to the concept of Created in Portugal, understood as the connection between authorship, industry, and global presence.<\/p>\n<p>As an extension of the presentation, the event \u201cArchives\u201d runs until February 23, 2026, bringing together a selection of archive pieces and contextualising the brand\u2019s trajectory, establishing a natural continuity with the new collection.<\/p>\n<p>The presentation in Seoul marks another moment of international affirmation for Ernest W. Baker, positioning the brand within a context attentive to authorial fashion, curation, and the construction of a consistent and evolving identity.<\/p>\n<p>Portugal Fashion is a project under the responsibility of ANJE \u2013 the National Association of Young Entrepreneurs, with the support of its strategic partners and co-financed by SIAC \u2013 Support for Collective Actions for Internationalisation under Portugal 2030, within the scope of COMPETE 2030 \u2013 Innovation and Digital Transition Programme, with funds from the European Union, through the European Regional Development Fund.<\/p>","protected":false},"excerpt":{"rendered":"<p>Ernest W. Baker presented its new collection in Seoul, through a dedicated moment at 10 Corso Como Seoul. The collection introduces, for the first time, pieces developed within the framework of a partnership with Swarovski, integrating crystals into the construction and design of silhouettes as an essential part of the brand\u2019s language. The presentation [\u2026]<\/p>","protected":false},"author":6,"featured_media":19850,"comment_status":"closed","ping_status":"closed","sticky":false,"template":"","format":"standard","meta":{"_acf_changed":false,"_monsterinsights_skip_tracking":false,"_monsterinsights_sitenote_active":false,"_monsterinsights_sitenote_note":"","_monsterinsights_sitenote_category":0,"footnotes":""},"categories":[1],"tags":[],"class_list":["post-19849","post","type-post","status-publish","format-standard","has-post-thumbnail","hentry","category-portugal-fashion-en"],"acf":[],"yoast_head":"<!-- This site is optimized with the Yoast SEO plugin v24.2 - https:\/\/yoast.com\/wordpress\/plugins\/seo\/ -->\n<title>ERNEST W. BAKER APRESENTA NOVA COLE\u00c7\u00c3O COM CRISTAIS SWAROVSKI EM SEUL - Portugal Fashion<\/title>\n<meta name=\"robots\" content=\"index, follow, max-snippet:-1, max-image-preview:large, max-video-preview:-1\" \/>\n<link rel=\"canonical\" href=\"https:\/\/portugalfashion.com\/en\/ernest-w-baker-apresenta-nova-colecao-com-cristais-swarovski-em-seul\/\" \/>\n<meta property=\"og:locale\" content=\"en_GB\" \/>\n<meta property=\"og:type\" content=\"article\" \/>\n<meta property=\"og:title\" content=\"ERNEST W. BAKER APRESENTA NOVA COLE\u00c7\u00c3O COM CRISTAIS SWAROVSKI EM SEUL - Portugal Fashion\" \/>\n<meta property=\"og:description\" content=\"A Ernest W. Baker apresentou a sua nova cole\u00e7\u00e3o em Seul, atrav\u00e9s de um momento dedicado na 10 Corso Como Seoul. A cole\u00e7\u00e3o introduz, pela primeira vez, pe\u00e7as desenvolvidas no \u00e2mbito de uma parceria com a Swarovski, integrando cristais na constru\u00e7\u00e3o e no desenho das silhuetas como parte essencial da linguagem da marca. A apresenta\u00e7\u00e3o [&hellip;]\" \/>\n<meta property=\"og:url\" content=\"https:\/\/portugalfashion.com\/en\/ernest-w-baker-apresenta-nova-colecao-com-cristais-swarovski-em-seul\/\" \/>\n<meta property=\"og:site_name\" content=\"Portugal Fashion\" \/>\n<meta property=\"article:published_time\" content=\"2026-02-18T11:08:48+00:00\" \/>\n<meta property=\"article:modified_time\" content=\"2026-02-18T11:26:09+00:00\" \/>\n<meta property=\"og:image\" content=\"https:\/\/portugalfashion.com\/wp-content\/uploads\/2026\/02\/Design-sem-nome-2-1024x576.png\" \/>\n\t<meta property=\"og:image:width\" content=\"1024\" \/>\n\t<meta property=\"og:image:height\" content=\"576\" \/>\n\t<meta property=\"og:image:type\" content=\"image\/png\" \/>\n<meta name=\"author\" content=\"Carolina Pereira\" \/>\n<meta name=\"twitter:card\" content=\"summary_large_image\" \/>\n<meta name=\"twitter:label1\" content=\"Written by\" \/>\n\t<meta name=\"twitter:data1\" content=\"Carolina Pereira\" \/>\n\t<meta name=\"twitter:label2\" content=\"Est. reading time\" \/>\n\t<meta name=\"twitter:data2\" content=\"3 minutes\" \/>\n<script type=\"application\/ld+json\" class=\"yoast-schema-graph\">{\"@context\":\"https:\/\/schema.org\",\"@graph\":[{\"@type\":\"Article\",\"@id\":\"https:\/\/portugalfashion.com\/ernest-w-baker-apresenta-nova-colecao-com-cristais-swarovski-em-seul\/#article\",\"isPartOf\":{\"@id\":\"https:\/\/portugalfashion.com\/ernest-w-baker-apresenta-nova-colecao-com-cristais-swarovski-em-seul\/\"},\"author\":{\"name\":\"Carolina Pereira\",\"@id\":\"https:\/\/portugalfashion.com\/#\/schema\/person\/ae1fff69d3249eac39d22a20a1bba9e3\"},\"headline\":\"ERNEST W. BAKER APRESENTA NOVA COLE\u00c7\u00c3O COM CRISTAIS SWAROVSKI EM SEUL\",\"datePublished\":\"2026-02-18T11:08:48+00:00\",\"dateModified\":\"2026-02-18T11:26:09+00:00\",\"mainEntityOfPage\":{\"@id\":\"https:\/\/portugalfashion.com\/ernest-w-baker-apresenta-nova-colecao-com-cristais-swarovski-em-seul\/\"},\"wordCount\":565,\"publisher\":{\"@id\":\"https:\/\/portugalfashion.com\/#organization\"},\"image\":{\"@id\":\"https:\/\/portugalfashion.com\/ernest-w-baker-apresenta-nova-colecao-com-cristais-swarovski-em-seul\/#primaryimage\"},\"thumbnailUrl\":\"https:\/\/portugalfashion.com\/wp-content\/uploads\/2026\/02\/Design-sem-nome-2.png\",\"articleSection\":[\"Portugal Fashion\"],\"inLanguage\":\"en-GB\"},{\"@type\":\"WebPage\",\"@id\":\"https:\/\/portugalfashion.com\/ernest-w-baker-apresenta-nova-colecao-com-cristais-swarovski-em-seul\/\",\"url\":\"https:\/\/portugalfashion.com\/ernest-w-baker-apresenta-nova-colecao-com-cristais-swarovski-em-seul\/\",\"name\":\"ERNEST W. BAKER APRESENTA NOVA COLE\u00c7\u00c3O COM CRISTAIS SWAROVSKI EM SEUL - Portugal Fashion\",\"isPartOf\":{\"@id\":\"https:\/\/portugalfashion.com\/#website\"},\"primaryImageOfPage\":{\"@id\":\"https:\/\/portugalfashion.com\/ernest-w-baker-apresenta-nova-colecao-com-cristais-swarovski-em-seul\/#primaryimage\"},\"image\":{\"@id\":\"https:\/\/portugalfashion.com\/ernest-w-baker-apresenta-nova-colecao-com-cristais-swarovski-em-seul\/#primaryimage\"},\"thumbnailUrl\":\"https:\/\/portugalfashion.com\/wp-content\/uploads\/2026\/02\/Design-sem-nome-2.png\",\"datePublished\":\"2026-02-18T11:08:48+00:00\",\"dateModified\":\"2026-02-18T11:26:09+00:00\",\"breadcrumb\":{\"@id\":\"https:\/\/portugalfashion.com\/ernest-w-baker-apresenta-nova-colecao-com-cristais-swarovski-em-seul\/#breadcrumb\"},\"inLanguage\":\"en-GB\",\"potentialAction\":[{\"@type\":\"ReadAction\",\"target\":[\"https:\/\/portugalfashion.com\/ernest-w-baker-apresenta-nova-colecao-com-cristais-swarovski-em-seul\/\"]}]},{\"@type\":\"ImageObject\",\"inLanguage\":\"en-GB\",\"@id\":\"https:\/\/portugalfashion.com\/ernest-w-baker-apresenta-nova-colecao-com-cristais-swarovski-em-seul\/#primaryimage\",\"url\":\"https:\/\/portugalfashion.com\/wp-content\/uploads\/2026\/02\/Design-sem-nome-2.png\",\"contentUrl\":\"https:\/\/portugalfashion.com\/wp-content\/uploads\/2026\/02\/Design-sem-nome-2.png\",\"width\":1920,\"height\":1080},{\"@type\":\"BreadcrumbList\",\"@id\":\"https:\/\/portugalfashion.com\/ernest-w-baker-apresenta-nova-colecao-com-cristais-swarovski-em-seul\/#breadcrumb\",\"itemListElement\":[{\"@type\":\"ListItem\",\"position\":1,\"name\":\"Home\",\"item\":\"https:\/\/portugalfashion.com\/\"},{\"@type\":\"ListItem\",\"position\":2,\"name\":\"ERNEST W. BAKER APRESENTA NOVA COLE\u00c7\u00c3O COM CRISTAIS SWAROVSKI EM SEUL\"}]},{\"@type\":\"WebSite\",\"@id\":\"https:\/\/portugalfashion.com\/#website\",\"url\":\"https:\/\/portugalfashion.com\/\",\"name\":\"Portugal Fashion\",\"description\":\"Moda e Eventos\",\"publisher\":{\"@id\":\"https:\/\/portugalfashion.com\/#organization\"},\"potentialAction\":[{\"@type\":\"SearchAction\",\"target\":{\"@type\":\"EntryPoint\",\"urlTemplate\":\"https:\/\/portugalfashion.com\/?s={search_term_string}\"},\"query-input\":{\"@type\":\"PropertyValueSpecification\",\"valueRequired\":true,\"valueName\":\"search_term_string\"}}],\"inLanguage\":\"en-GB\"},{\"@type\":\"Organization\",\"@id\":\"https:\/\/portugalfashion.com\/#organization\",\"name\":\"Portugal Fashion\",\"url\":\"https:\/\/portugalfashion.com\/\",\"logo\":{\"@type\":\"ImageObject\",\"inLanguage\":\"en-GB\",\"@id\":\"https:\/\/portugalfashion.com\/#\/schema\/logo\/image\/\",\"url\":\"http:\/\/portugalfashion.com\/wp-content\/uploads\/2021\/08\/animated-logo-pf-black.svg\",\"contentUrl\":\"http:\/\/portugalfashion.com\/wp-content\/uploads\/2021\/08\/animated-logo-pf-black.svg\",\"width\":1374,\"height\":670,\"caption\":\"Portugal Fashion\"},\"image\":{\"@id\":\"https:\/\/portugalfashion.com\/#\/schema\/logo\/image\/\"}},{\"@type\":\"Person\",\"@id\":\"https:\/\/portugalfashion.com\/#\/schema\/person\/ae1fff69d3249eac39d22a20a1bba9e3\",\"name\":\"Carolina Pereira\",\"image\":{\"@type\":\"ImageObject\",\"inLanguage\":\"en-GB\",\"@id\":\"https:\/\/portugalfashion.com\/#\/schema\/person\/image\/\",\"url\":\"https:\/\/secure.gravatar.com\/avatar\/18ec938658932cfb7907988cdf19bafee41b382bff8cd6316c7a81091f1fbeb8?s=96&d=mm&r=g\",\"contentUrl\":\"https:\/\/secure.gravatar.com\/avatar\/18ec938658932cfb7907988cdf19bafee41b382bff8cd6316c7a81091f1fbeb8?s=96&d=mm&r=g\",\"caption\":\"Carolina Pereira\"},\"url\":\"https:\/\/portugalfashion.com\/en\/author\/carolina\/\"}]}<\/script>\n<!-- \/ Yoast SEO plugin. -->","yoast_head_json":{"title":"ERNEST W. BAKER APRESENTA NOVA COLE\u00c7\u00c3O COM CRISTAIS SWAROVSKI EM SEUL - Portugal Fashion","robots":{"index":"index","follow":"follow","max-snippet":"max-snippet:-1","max-image-preview":"max-image-preview:large","max-video-preview":"max-video-preview:-1"},"canonical":"https:\/\/portugalfashion.com\/en\/ernest-w-baker-apresenta-nova-colecao-com-cristais-swarovski-em-seul\/","og_locale":"en_GB","og_type":"article","og_title":"ERNEST W. BAKER APRESENTA NOVA COLE\u00c7\u00c3O COM CRISTAIS SWAROVSKI EM SEUL - Portugal Fashion","og_description":"A Ernest W. Baker apresentou a sua nova cole\u00e7\u00e3o em Seul, atrav\u00e9s de um momento dedicado na 10 Corso Como Seoul. A cole\u00e7\u00e3o introduz, pela primeira vez, pe\u00e7as desenvolvidas no \u00e2mbito de uma parceria com a Swarovski, integrando cristais na constru\u00e7\u00e3o e no desenho das silhuetas como parte essencial da linguagem da marca. A apresenta\u00e7\u00e3o [&hellip;]","og_url":"https:\/\/portugalfashion.com\/en\/ernest-w-baker-apresenta-nova-colecao-com-cristais-swarovski-em-seul\/","og_site_name":"Portugal Fashion","article_published_time":"2026-02-18T11:08:48+00:00","article_modified_time":"2026-02-18T11:26:09+00:00","og_image":[{"width":1024,"height":576,"url":"https:\/\/portugalfashion.com\/wp-content\/uploads\/2026\/02\/Design-sem-nome-2-1024x576.png","type":"image\/png"}],"author":"Carolina Pereira","twitter_card":"summary_large_image","twitter_misc":{"Written by":"Carolina Pereira","Est. reading time":"3 minutes"},"schema":{"@context":"https:\/\/schema.org","@graph":[{"@type":"Article","@id":"https:\/\/portugalfashion.com\/ernest-w-baker-apresenta-nova-colecao-com-cristais-swarovski-em-seul\/#article","isPartOf":{"@id":"https:\/\/portugalfashion.com\/ernest-w-baker-apresenta-nova-colecao-com-cristais-swarovski-em-seul\/"},"author":{"name":"Carolina Pereira","@id":"https:\/\/portugalfashion.com\/#\/schema\/person\/ae1fff69d3249eac39d22a20a1bba9e3"},"headline":"ERNEST W. BAKER APRESENTA NOVA COLE\u00c7\u00c3O COM CRISTAIS SWAROVSKI EM SEUL","datePublished":"2026-02-18T11:08:48+00:00","dateModified":"2026-02-18T11:26:09+00:00","mainEntityOfPage":{"@id":"https:\/\/portugalfashion.com\/ernest-w-baker-apresenta-nova-colecao-com-cristais-swarovski-em-seul\/"},"wordCount":565,"publisher":{"@id":"https:\/\/portugalfashion.com\/#organization"},"image":{"@id":"https:\/\/portugalfashion.com\/ernest-w-baker-apresenta-nova-colecao-com-cristais-swarovski-em-seul\/#primaryimage"},"thumbnailUrl":"https:\/\/portugalfashion.com\/wp-content\/uploads\/2026\/02\/Design-sem-nome-2.png","articleSection":["Portugal Fashion"],"inLanguage":"en-GB"},{"@type":"WebPage","@id":"https:\/\/portugalfashion.com\/ernest-w-baker-apresenta-nova-colecao-com-cristais-swarovski-em-seul\/","url":"https:\/\/portugalfashion.com\/ernest-w-baker-apresenta-nova-colecao-com-cristais-swarovski-em-seul\/","name":"ERNEST W. BAKER APRESENTA NOVA COLE\u00c7\u00c3O COM CRISTAIS SWAROVSKI EM SEUL - Portugal Fashion","isPartOf":{"@id":"https:\/\/portugalfashion.com\/#website"},"primaryImageOfPage":{"@id":"https:\/\/portugalfashion.com\/ernest-w-baker-apresenta-nova-colecao-com-cristais-swarovski-em-seul\/#primaryimage"},"image":{"@id":"https:\/\/portugalfashion.com\/ernest-w-baker-apresenta-nova-colecao-com-cristais-swarovski-em-seul\/#primaryimage"},"thumbnailUrl":"https:\/\/portugalfashion.com\/wp-content\/uploads\/2026\/02\/Design-sem-nome-2.png","datePublished":"2026-02-18T11:08:48+00:00","dateModified":"2026-02-18T11:26:09+00:00","breadcrumb":{"@id":"https:\/\/portugalfashion.com\/ernest-w-baker-apresenta-nova-colecao-com-cristais-swarovski-em-seul\/#breadcrumb"},"inLanguage":"en-GB","potentialAction":[{"@type":"ReadAction","target":["https:\/\/portugalfashion.com\/ernest-w-baker-apresenta-nova-colecao-com-cristais-swarovski-em-seul\/"]}]},{"@type":"ImageObject","inLanguage":"en-GB","@id":"https:\/\/portugalfashion.com\/ernest-w-baker-apresenta-nova-colecao-com-cristais-swarovski-em-seul\/#primaryimage","url":"https:\/\/portugalfashion.com\/wp-content\/uploads\/2026\/02\/Design-sem-nome-2.png","contentUrl":"https:\/\/portugalfashion.com\/wp-content\/uploads\/2026\/02\/Design-sem-nome-2.png","width":1920,"height":1080},{"@type":"BreadcrumbList","@id":"https:\/\/portugalfashion.com\/ernest-w-baker-apresenta-nova-colecao-com-cristais-swarovski-em-seul\/#breadcrumb","itemListElement":[{"@type":"ListItem","position":1,"name":"Home","item":"https:\/\/portugalfashion.com\/"},{"@type":"ListItem","position":2,"name":"ERNEST W. BAKER APRESENTA NOVA COLE\u00c7\u00c3O COM CRISTAIS SWAROVSKI EM SEUL"}]},{"@type":"WebSite","@id":"https:\/\/portugalfashion.com\/#website","url":"https:\/\/portugalfashion.com\/","name":"Portugal Fashion","description":"Moda e Eventos","publisher":{"@id":"https:\/\/portugalfashion.com\/#organization"},"potentialAction":[{"@type":"SearchAction","target":{"@type":"EntryPoint","urlTemplate":"https:\/\/portugalfashion.com\/?s={search_term_string}"},"query-input":{"@type":"PropertyValueSpecification","valueRequired":true,"valueName":"search_term_string"}}],"inLanguage":"en-GB"},{"@type":"Organization","@id":"https:\/\/portugalfashion.com\/#organization","name":"Portugal Fashion","url":"https:\/\/portugalfashion.com\/","logo":{"@type":"ImageObject","inLanguage":"en-GB","@id":"https:\/\/portugalfashion.com\/#\/schema\/logo\/image\/","url":"http:\/\/portugalfashion.com\/wp-content\/uploads\/2021\/08\/animated-logo-pf-black.svg","contentUrl":"http:\/\/portugalfashion.com\/wp-content\/uploads\/2021\/08\/animated-logo-pf-black.svg","width":1374,"height":670,"caption":"Portugal Fashion"},"image":{"@id":"https:\/\/portugalfashion.com\/#\/schema\/logo\/image\/"}},{"@type":"Person","@id":"https:\/\/portugalfashion.com\/#\/schema\/person\/ae1fff69d3249eac39d22a20a1bba9e3","name":"Carolina Pereira","image":{"@type":"ImageObject","inLanguage":"en-GB","@id":"https:\/\/portugalfashion.com\/#\/schema\/person\/image\/","url":"https:\/\/secure.gravatar.com\/avatar\/18ec938658932cfb7907988cdf19bafee41b382bff8cd6316c7a81091f1fbeb8?s=96&d=mm&r=g","contentUrl":"https:\/\/secure.gravatar.com\/avatar\/18ec938658932cfb7907988cdf19bafee41b382bff8cd6316c7a81091f1fbeb8?s=96&d=mm&r=g","caption":"Carolina Pereira"},"url":"https:\/\/portugalfashion.com\/en\/author\/carolina\/"}]}},"_links":{"self":[{"href":"https:\/\/portugalfashion.com\/en\/wp-json\/wp\/v2\/posts\/19849","targetHints":{"allow":["GET"]}}],"collection":[{"href":"https:\/\/portugalfashion.com\/en\/wp-json\/wp\/v2\/posts"}],"about":[{"href":"https:\/\/portugalfashion.com\/en\/wp-json\/wp\/v2\/types\/post"}],"author":[{"embeddable":true,"href":"https:\/\/portugalfashion.com\/en\/wp-json\/wp\/v2\/users\/6"}],"replies":[{"embeddable":true,"href":"https:\/\/portugalfashion.com\/en\/wp-json\/wp\/v2\/comments?post=19849"}],"version-history":[{"count":1,"href":"https:\/\/portugalfashion.com\/en\/wp-json\/wp\/v2\/posts\/19849\/revisions"}],"predecessor-version":[{"id":19851,"href":"https:\/\/portugalfashion.com\/en\/wp-json\/wp\/v2\/posts\/19849\/revisions\/19851"}],"wp:featuredmedia":[{"embeddable":true,"href":"https:\/\/portugalfashion.com\/en\/wp-json\/wp\/v2\/media\/19850"}],"wp:attachment":[{"href":"https:\/\/portugalfashion.com\/en\/wp-json\/wp\/v2\/media?parent=19849"}],"wp:term":[{"taxonomy":"category","embeddable":true,"href":"https:\/\/portugalfashion.com\/en\/wp-json\/wp\/v2\/categories?post=19849"},{"taxonomy":"post_tag","embeddable":true,"href":"https:\/\/portugalfashion.com\/en\/wp-json\/wp\/v2\/tags?post=19849"}],"curies":[{"name":"wp","href":"https:\/\/api.w.org\/{rel}","templated":true}]}}