{"id":19885,"date":"2026-03-02T12:30:22","date_gmt":"2026-03-02T12:30:22","guid":{"rendered":"https:\/\/portugalfashion.com\/?p=19885"},"modified":"2026-03-02T12:31:47","modified_gmt":"2026-03-02T12:31:47","slug":"portugal-fashion-em-milao-com-davii-e-pe-de-chumbo","status":"publish","type":"post","link":"https:\/\/portugalfashion.com\/en\/portugal-fashion-em-milao-com-davii-e-pe-de-chumbo\/","title":{"rendered":"PORTUGAL FASHION EM MIL\u00c3O COM DAVII E P\u00c9 DE CHUMBO"},"content":{"rendered":"<p style=\"text-align: center;\"><strong>No \u00e2mbito do calend\u00e1rio oficial de apresenta\u00e7\u00f5es da Camera Nazionale della Moda Italiana <\/strong><br \/>\n<strong>PORTUGAL FASHION EM MIL\u00c3O COM DAVII E P\u00c9 DE CHUMBO <\/strong><br \/>\n<em><strong>Davii apresenta \u201cThe Black Architecture\u201d <\/strong><\/em><br \/>\n<em><strong>P\u00e9 de Chumbo leva a It\u00e1lia cole\u00e7\u00e3o intitulada \u201cEntre o que fica\u201d<\/strong><\/em><\/p>\n<p data-start=\"185\" data-end=\"775\"><strong>O Portugal Fashion regressou a Mil\u00e3o para mais uma a\u00e7\u00e3o de promo\u00e7\u00e3o internacional da moda portuguesa. No s\u00e1bado, dia 28 de fevereiro, as marcas Davii e P\u00e9 de Chumbo apresentaram as suas cole\u00e7\u00f5es na Residenza Vignale, Via Enrico Toti 2, refor\u00e7ando a presen\u00e7a nacional num dos principais centros da ind\u00fastria global. Integrada na estrat\u00e9gia de internacionaliza\u00e7\u00e3o do Portugal Fashion, esta apresenta\u00e7\u00e3o d\u00e1 continuidade ao trabalho de valoriza\u00e7\u00e3o da cria\u00e7\u00e3o portuguesa em contextos internacionais de elevada relev\u00e2ncia, promovendo o contacto com imprensa, compradores e profissionais do setor.<\/strong><\/p>\n<p data-start=\"777\" data-end=\"1232\">Em Mil\u00e3o, Davii e P\u00e9 de Chumbo representaram duas abordagens distintas da moda contempor\u00e2nea desenvolvida em Portugal. Davii apresenta \u201cThe Black Architecture\u201d, uma explora\u00e7\u00e3o da forma atrav\u00e9s de um universo monocrom\u00e1tico, onde a constru\u00e7\u00e3o e a mat\u00e9ria assumem um papel central. Recorrendo a tecidos t\u00e9cnicos e neoprene de alta densidade, a cole\u00e7\u00e3o desenvolve volumes esculturais e tridimensionais que investigam a rela\u00e7\u00e3o entre corpo, espa\u00e7o e estrutura.<\/p>\n<p data-start=\"1234\" data-end=\"1650\">P\u00e9 de Chumbo apresentou \u201cEntre o que fica (Between What Remains)\u201d, uma proposta constru\u00edda a partir da ideia de perman\u00eancia e daquilo que resiste ao tempo e \u00e0 mudan\u00e7a. As silhuetas revelam conten\u00e7\u00e3o e precis\u00e3o, com volumes essenciais e uma eleg\u00e2ncia austera, enquanto o trabalho sobre a mat\u00e9ria e a densidade dos tecidos refor\u00e7a uma abordagem sens\u00edvel, onde a materialidade se afirma como parte do discurso criativo.<\/p>\n<p data-start=\"1652\" data-end=\"1847\">A presen\u00e7a em Mil\u00e3o refor\u00e7a a consist\u00eancia de um percurso de internacionaliza\u00e7\u00e3o que tem procurado afirmar Portugal como um territ\u00f3rio de cria\u00e7\u00e3o, qualidade e proximidade entre design e produ\u00e7\u00e3o.<\/p>\n<p data-start=\"1849\" data-end=\"2632\">\u201cMil\u00e3o \u00e9 um dos contextos mais relevantes desta ind\u00fastria e uma plataforma fundamental para refor\u00e7ar a visibilidade internacional da moda portuguesa. A presen\u00e7a de Davii e P\u00e9 de Chumbo reflete a diversidade criativa, a capacidade t\u00e9cnica e a maturidade de um ecossistema onde cria\u00e7\u00e3o e produ\u00e7\u00e3o trabalham em proximidade. Ao longo deste ciclo, o Portugal Fashion procurou consolidar a presen\u00e7a dos designers portugueses em mercados estrat\u00e9gicos e criar oportunidades de contacto direto com os principais agentes do setor. Esta apresenta\u00e7\u00e3o assinala tamb\u00e9m o encerramento da atual candidatura, mas, acima de tudo, representa a continuidade de um trabalho consistente de afirma\u00e7\u00e3o internacional que queremos refor\u00e7ar nos pr\u00f3ximos anos\u201d, afirma M\u00f3nica Neto, diretora do Portugal Fashion.<\/p>\n<p data-start=\"2634\" data-end=\"3035\">Portugal Fashion is a project under the responsibility of ANJE \u2013 the National Association of Young Entrepreneurs, with the support of its strategic partners and co-financed by SIAC \u2013 Support for Collective Actions for Internationalisation under Portugal 2030, within the scope of COMPETE 2030 \u2013 Innovation and Digital Transition Programme, with funds from the European Union, through the European Regional Development Fund.<\/p>","protected":false},"excerpt":{"rendered":"<p>No \u00e2mbito do calend\u00e1rio oficial de apresenta\u00e7\u00f5es da Camera Nazionale della Moda Italiana PORTUGAL FASHION EM MIL\u00c3O COM DAVII E P\u00c9 DE CHUMBO Davii apresenta \u201cThe Black Architecture\u201d P\u00e9 de Chumbo leva a It\u00e1lia cole\u00e7\u00e3o intitulada \u201cEntre o que fica\u201d O Portugal Fashion regressou a Mil\u00e3o para mais uma a\u00e7\u00e3o de promo\u00e7\u00e3o internacional da moda [&hellip;]<\/p>","protected":false},"author":6,"featured_media":19890,"comment_status":"closed","ping_status":"closed","sticky":false,"template":"","format":"standard","meta":{"_acf_changed":false,"_monsterinsights_skip_tracking":false,"_monsterinsights_sitenote_active":false,"_monsterinsights_sitenote_note":"","_monsterinsights_sitenote_category":0,"footnotes":""},"categories":[1],"tags":[],"class_list":["post-19885","post","type-post","status-publish","format-standard","has-post-thumbnail","hentry","category-portugal-fashion-en"],"acf":[],"yoast_head":"<!-- This site is optimized with the Yoast SEO plugin v24.2 - https:\/\/yoast.com\/wordpress\/plugins\/seo\/ -->\n<title>PORTUGAL FASHION EM MIL\u00c3O COM DAVII E P\u00c9 DE CHUMBO - Portugal Fashion<\/title>\n<meta name=\"robots\" content=\"index, follow, max-snippet:-1, max-image-preview:large, max-video-preview:-1\" \/>\n<link rel=\"canonical\" href=\"https:\/\/portugalfashion.com\/en\/portugal-fashion-em-milao-com-davii-e-pe-de-chumbo\/\" \/>\n<meta property=\"og:locale\" content=\"en_GB\" \/>\n<meta property=\"og:type\" content=\"article\" \/>\n<meta property=\"og:title\" content=\"PORTUGAL FASHION EM MIL\u00c3O COM DAVII E P\u00c9 DE CHUMBO - Portugal Fashion\" \/>\n<meta property=\"og:description\" content=\"No \u00e2mbito do calend\u00e1rio oficial de apresenta\u00e7\u00f5es da Camera Nazionale della Moda Italiana PORTUGAL FASHION EM MIL\u00c3O COM DAVII E P\u00c9 DE CHUMBO Davii apresenta \u201cThe Black Architecture\u201d P\u00e9 de Chumbo leva a It\u00e1lia cole\u00e7\u00e3o intitulada \u201cEntre o que fica\u201d O Portugal Fashion regressou a Mil\u00e3o para mais uma a\u00e7\u00e3o de promo\u00e7\u00e3o internacional da moda [&hellip;]\" \/>\n<meta property=\"og:url\" content=\"https:\/\/portugalfashion.com\/en\/portugal-fashion-em-milao-com-davii-e-pe-de-chumbo\/\" \/>\n<meta property=\"og:site_name\" content=\"Portugal Fashion\" \/>\n<meta property=\"article:published_time\" content=\"2026-03-02T12:30:22+00:00\" \/>\n<meta property=\"article:modified_time\" content=\"2026-03-02T12:31:47+00:00\" \/>\n<meta property=\"og:image\" content=\"https:\/\/portugalfashion.com\/wp-content\/uploads\/2026\/03\/milao-28-fev-1-1024x576.png\" \/>\n\t<meta property=\"og:image:width\" content=\"1024\" \/>\n\t<meta property=\"og:image:height\" content=\"576\" \/>\n\t<meta property=\"og:image:type\" content=\"image\/png\" \/>\n<meta name=\"author\" content=\"Carolina Pereira\" \/>\n<meta name=\"twitter:card\" content=\"summary_large_image\" \/>\n<meta name=\"twitter:label1\" content=\"Written by\" \/>\n\t<meta name=\"twitter:data1\" content=\"Carolina Pereira\" \/>\n\t<meta name=\"twitter:label2\" content=\"Est. reading time\" \/>\n\t<meta name=\"twitter:data2\" content=\"3 minutes\" \/>\n<script type=\"application\/ld+json\" class=\"yoast-schema-graph\">{\"@context\":\"https:\/\/schema.org\",\"@graph\":[{\"@type\":\"Article\",\"@id\":\"https:\/\/portugalfashion.com\/portugal-fashion-em-milao-com-davii-e-pe-de-chumbo\/#article\",\"isPartOf\":{\"@id\":\"https:\/\/portugalfashion.com\/portugal-fashion-em-milao-com-davii-e-pe-de-chumbo\/\"},\"author\":{\"name\":\"Carolina Pereira\",\"@id\":\"https:\/\/portugalfashion.com\/#\/schema\/person\/ae1fff69d3249eac39d22a20a1bba9e3\"},\"headline\":\"PORTUGAL FASHION EM MIL\u00c3O COM DAVII E P\u00c9 DE CHUMBO\",\"datePublished\":\"2026-03-02T12:30:22+00:00\",\"dateModified\":\"2026-03-02T12:31:47+00:00\",\"mainEntityOfPage\":{\"@id\":\"https:\/\/portugalfashion.com\/portugal-fashion-em-milao-com-davii-e-pe-de-chumbo\/\"},\"wordCount\":534,\"publisher\":{\"@id\":\"https:\/\/portugalfashion.com\/#organization\"},\"image\":{\"@id\":\"https:\/\/portugalfashion.com\/portugal-fashion-em-milao-com-davii-e-pe-de-chumbo\/#primaryimage\"},\"thumbnailUrl\":\"https:\/\/portugalfashion.com\/wp-content\/uploads\/2026\/03\/milao-28-fev-1.png\",\"articleSection\":[\"Portugal Fashion\"],\"inLanguage\":\"en-GB\"},{\"@type\":\"WebPage\",\"@id\":\"https:\/\/portugalfashion.com\/portugal-fashion-em-milao-com-davii-e-pe-de-chumbo\/\",\"url\":\"https:\/\/portugalfashion.com\/portugal-fashion-em-milao-com-davii-e-pe-de-chumbo\/\",\"name\":\"PORTUGAL FASHION EM MIL\u00c3O COM DAVII E P\u00c9 DE CHUMBO - Portugal Fashion\",\"isPartOf\":{\"@id\":\"https:\/\/portugalfashion.com\/#website\"},\"primaryImageOfPage\":{\"@id\":\"https:\/\/portugalfashion.com\/portugal-fashion-em-milao-com-davii-e-pe-de-chumbo\/#primaryimage\"},\"image\":{\"@id\":\"https:\/\/portugalfashion.com\/portugal-fashion-em-milao-com-davii-e-pe-de-chumbo\/#primaryimage\"},\"thumbnailUrl\":\"https:\/\/portugalfashion.com\/wp-content\/uploads\/2026\/03\/milao-28-fev-1.png\",\"datePublished\":\"2026-03-02T12:30:22+00:00\",\"dateModified\":\"2026-03-02T12:31:47+00:00\",\"breadcrumb\":{\"@id\":\"https:\/\/portugalfashion.com\/portugal-fashion-em-milao-com-davii-e-pe-de-chumbo\/#breadcrumb\"},\"inLanguage\":\"en-GB\",\"potentialAction\":[{\"@type\":\"ReadAction\",\"target\":[\"https:\/\/portugalfashion.com\/portugal-fashion-em-milao-com-davii-e-pe-de-chumbo\/\"]}]},{\"@type\":\"ImageObject\",\"inLanguage\":\"en-GB\",\"@id\":\"https:\/\/portugalfashion.com\/portugal-fashion-em-milao-com-davii-e-pe-de-chumbo\/#primaryimage\",\"url\":\"https:\/\/portugalfashion.com\/wp-content\/uploads\/2026\/03\/milao-28-fev-1.png\",\"contentUrl\":\"https:\/\/portugalfashion.com\/wp-content\/uploads\/2026\/03\/milao-28-fev-1.png\",\"width\":1920,\"height\":1080},{\"@type\":\"BreadcrumbList\",\"@id\":\"https:\/\/portugalfashion.com\/portugal-fashion-em-milao-com-davii-e-pe-de-chumbo\/#breadcrumb\",\"itemListElement\":[{\"@type\":\"ListItem\",\"position\":1,\"name\":\"Home\",\"item\":\"https:\/\/portugalfashion.com\/\"},{\"@type\":\"ListItem\",\"position\":2,\"name\":\"PORTUGAL FASHION EM MIL\u00c3O COM DAVII E P\u00c9 DE CHUMBO\"}]},{\"@type\":\"WebSite\",\"@id\":\"https:\/\/portugalfashion.com\/#website\",\"url\":\"https:\/\/portugalfashion.com\/\",\"name\":\"Portugal Fashion\",\"description\":\"Moda e Eventos\",\"publisher\":{\"@id\":\"https:\/\/portugalfashion.com\/#organization\"},\"potentialAction\":[{\"@type\":\"SearchAction\",\"target\":{\"@type\":\"EntryPoint\",\"urlTemplate\":\"https:\/\/portugalfashion.com\/?s={search_term_string}\"},\"query-input\":{\"@type\":\"PropertyValueSpecification\",\"valueRequired\":true,\"valueName\":\"search_term_string\"}}],\"inLanguage\":\"en-GB\"},{\"@type\":\"Organization\",\"@id\":\"https:\/\/portugalfashion.com\/#organization\",\"name\":\"Portugal Fashion\",\"url\":\"https:\/\/portugalfashion.com\/\",\"logo\":{\"@type\":\"ImageObject\",\"inLanguage\":\"en-GB\",\"@id\":\"https:\/\/portugalfashion.com\/#\/schema\/logo\/image\/\",\"url\":\"http:\/\/portugalfashion.com\/wp-content\/uploads\/2021\/08\/animated-logo-pf-black.svg\",\"contentUrl\":\"http:\/\/portugalfashion.com\/wp-content\/uploads\/2021\/08\/animated-logo-pf-black.svg\",\"width\":1374,\"height\":670,\"caption\":\"Portugal Fashion\"},\"image\":{\"@id\":\"https:\/\/portugalfashion.com\/#\/schema\/logo\/image\/\"}},{\"@type\":\"Person\",\"@id\":\"https:\/\/portugalfashion.com\/#\/schema\/person\/ae1fff69d3249eac39d22a20a1bba9e3\",\"name\":\"Carolina Pereira\",\"image\":{\"@type\":\"ImageObject\",\"inLanguage\":\"en-GB\",\"@id\":\"https:\/\/portugalfashion.com\/#\/schema\/person\/image\/\",\"url\":\"https:\/\/secure.gravatar.com\/avatar\/18ec938658932cfb7907988cdf19bafee41b382bff8cd6316c7a81091f1fbeb8?s=96&d=mm&r=g\",\"contentUrl\":\"https:\/\/secure.gravatar.com\/avatar\/18ec938658932cfb7907988cdf19bafee41b382bff8cd6316c7a81091f1fbeb8?s=96&d=mm&r=g\",\"caption\":\"Carolina Pereira\"},\"url\":\"https:\/\/portugalfashion.com\/en\/author\/carolina\/\"}]}<\/script>\n<!-- \/ Yoast SEO plugin. -->","yoast_head_json":{"title":"PORTUGAL FASHION EM MIL\u00c3O COM DAVII E P\u00c9 DE CHUMBO - Portugal Fashion","robots":{"index":"index","follow":"follow","max-snippet":"max-snippet:-1","max-image-preview":"max-image-preview:large","max-video-preview":"max-video-preview:-1"},"canonical":"https:\/\/portugalfashion.com\/en\/portugal-fashion-em-milao-com-davii-e-pe-de-chumbo\/","og_locale":"en_GB","og_type":"article","og_title":"PORTUGAL FASHION EM MIL\u00c3O COM DAVII E P\u00c9 DE CHUMBO - Portugal Fashion","og_description":"No \u00e2mbito do calend\u00e1rio oficial de apresenta\u00e7\u00f5es da Camera Nazionale della Moda Italiana PORTUGAL FASHION EM MIL\u00c3O COM DAVII E P\u00c9 DE CHUMBO Davii apresenta \u201cThe Black Architecture\u201d P\u00e9 de Chumbo leva a It\u00e1lia cole\u00e7\u00e3o intitulada \u201cEntre o que fica\u201d O Portugal Fashion regressou a Mil\u00e3o para mais uma a\u00e7\u00e3o de promo\u00e7\u00e3o internacional da moda [&hellip;]","og_url":"https:\/\/portugalfashion.com\/en\/portugal-fashion-em-milao-com-davii-e-pe-de-chumbo\/","og_site_name":"Portugal Fashion","article_published_time":"2026-03-02T12:30:22+00:00","article_modified_time":"2026-03-02T12:31:47+00:00","og_image":[{"width":1024,"height":576,"url":"https:\/\/portugalfashion.com\/wp-content\/uploads\/2026\/03\/milao-28-fev-1-1024x576.png","type":"image\/png"}],"author":"Carolina Pereira","twitter_card":"summary_large_image","twitter_misc":{"Written by":"Carolina Pereira","Est. reading time":"3 minutes"},"schema":{"@context":"https:\/\/schema.org","@graph":[{"@type":"Article","@id":"https:\/\/portugalfashion.com\/portugal-fashion-em-milao-com-davii-e-pe-de-chumbo\/#article","isPartOf":{"@id":"https:\/\/portugalfashion.com\/portugal-fashion-em-milao-com-davii-e-pe-de-chumbo\/"},"author":{"name":"Carolina Pereira","@id":"https:\/\/portugalfashion.com\/#\/schema\/person\/ae1fff69d3249eac39d22a20a1bba9e3"},"headline":"PORTUGAL FASHION EM MIL\u00c3O COM DAVII E P\u00c9 DE CHUMBO","datePublished":"2026-03-02T12:30:22+00:00","dateModified":"2026-03-02T12:31:47+00:00","mainEntityOfPage":{"@id":"https:\/\/portugalfashion.com\/portugal-fashion-em-milao-com-davii-e-pe-de-chumbo\/"},"wordCount":534,"publisher":{"@id":"https:\/\/portugalfashion.com\/#organization"},"image":{"@id":"https:\/\/portugalfashion.com\/portugal-fashion-em-milao-com-davii-e-pe-de-chumbo\/#primaryimage"},"thumbnailUrl":"https:\/\/portugalfashion.com\/wp-content\/uploads\/2026\/03\/milao-28-fev-1.png","articleSection":["Portugal Fashion"],"inLanguage":"en-GB"},{"@type":"WebPage","@id":"https:\/\/portugalfashion.com\/portugal-fashion-em-milao-com-davii-e-pe-de-chumbo\/","url":"https:\/\/portugalfashion.com\/portugal-fashion-em-milao-com-davii-e-pe-de-chumbo\/","name":"PORTUGAL FASHION EM MIL\u00c3O COM DAVII E P\u00c9 DE CHUMBO - Portugal Fashion","isPartOf":{"@id":"https:\/\/portugalfashion.com\/#website"},"primaryImageOfPage":{"@id":"https:\/\/portugalfashion.com\/portugal-fashion-em-milao-com-davii-e-pe-de-chumbo\/#primaryimage"},"image":{"@id":"https:\/\/portugalfashion.com\/portugal-fashion-em-milao-com-davii-e-pe-de-chumbo\/#primaryimage"},"thumbnailUrl":"https:\/\/portugalfashion.com\/wp-content\/uploads\/2026\/03\/milao-28-fev-1.png","datePublished":"2026-03-02T12:30:22+00:00","dateModified":"2026-03-02T12:31:47+00:00","breadcrumb":{"@id":"https:\/\/portugalfashion.com\/portugal-fashion-em-milao-com-davii-e-pe-de-chumbo\/#breadcrumb"},"inLanguage":"en-GB","potentialAction":[{"@type":"ReadAction","target":["https:\/\/portugalfashion.com\/portugal-fashion-em-milao-com-davii-e-pe-de-chumbo\/"]}]},{"@type":"ImageObject","inLanguage":"en-GB","@id":"https:\/\/portugalfashion.com\/portugal-fashion-em-milao-com-davii-e-pe-de-chumbo\/#primaryimage","url":"https:\/\/portugalfashion.com\/wp-content\/uploads\/2026\/03\/milao-28-fev-1.png","contentUrl":"https:\/\/portugalfashion.com\/wp-content\/uploads\/2026\/03\/milao-28-fev-1.png","width":1920,"height":1080},{"@type":"BreadcrumbList","@id":"https:\/\/portugalfashion.com\/portugal-fashion-em-milao-com-davii-e-pe-de-chumbo\/#breadcrumb","itemListElement":[{"@type":"ListItem","position":1,"name":"Home","item":"https:\/\/portugalfashion.com\/"},{"@type":"ListItem","position":2,"name":"PORTUGAL FASHION EM MIL\u00c3O COM DAVII E P\u00c9 DE CHUMBO"}]},{"@type":"WebSite","@id":"https:\/\/portugalfashion.com\/#website","url":"https:\/\/portugalfashion.com\/","name":"Portugal Fashion","description":"Moda e Eventos","publisher":{"@id":"https:\/\/portugalfashion.com\/#organization"},"potentialAction":[{"@type":"SearchAction","target":{"@type":"EntryPoint","urlTemplate":"https:\/\/portugalfashion.com\/?s={search_term_string}"},"query-input":{"@type":"PropertyValueSpecification","valueRequired":true,"valueName":"search_term_string"}}],"inLanguage":"en-GB"},{"@type":"Organization","@id":"https:\/\/portugalfashion.com\/#organization","name":"Portugal Fashion","url":"https:\/\/portugalfashion.com\/","logo":{"@type":"ImageObject","inLanguage":"en-GB","@id":"https:\/\/portugalfashion.com\/#\/schema\/logo\/image\/","url":"http:\/\/portugalfashion.com\/wp-content\/uploads\/2021\/08\/animated-logo-pf-black.svg","contentUrl":"http:\/\/portugalfashion.com\/wp-content\/uploads\/2021\/08\/animated-logo-pf-black.svg","width":1374,"height":670,"caption":"Portugal Fashion"},"image":{"@id":"https:\/\/portugalfashion.com\/#\/schema\/logo\/image\/"}},{"@type":"Person","@id":"https:\/\/portugalfashion.com\/#\/schema\/person\/ae1fff69d3249eac39d22a20a1bba9e3","name":"Carolina Pereira","image":{"@type":"ImageObject","inLanguage":"en-GB","@id":"https:\/\/portugalfashion.com\/#\/schema\/person\/image\/","url":"https:\/\/secure.gravatar.com\/avatar\/18ec938658932cfb7907988cdf19bafee41b382bff8cd6316c7a81091f1fbeb8?s=96&d=mm&r=g","contentUrl":"https:\/\/secure.gravatar.com\/avatar\/18ec938658932cfb7907988cdf19bafee41b382bff8cd6316c7a81091f1fbeb8?s=96&d=mm&r=g","caption":"Carolina Pereira"},"url":"https:\/\/portugalfashion.com\/en\/author\/carolina\/"}]}},"_links":{"self":[{"href":"https:\/\/portugalfashion.com\/en\/wp-json\/wp\/v2\/posts\/19885","targetHints":{"allow":["GET"]}}],"collection":[{"href":"https:\/\/portugalfashion.com\/en\/wp-json\/wp\/v2\/posts"}],"about":[{"href":"https:\/\/portugalfashion.com\/en\/wp-json\/wp\/v2\/types\/post"}],"author":[{"embeddable":true,"href":"https:\/\/portugalfashion.com\/en\/wp-json\/wp\/v2\/users\/6"}],"replies":[{"embeddable":true,"href":"https:\/\/portugalfashion.com\/en\/wp-json\/wp\/v2\/comments?post=19885"}],"version-history":[{"count":3,"href":"https:\/\/portugalfashion.com\/en\/wp-json\/wp\/v2\/posts\/19885\/revisions"}],"predecessor-version":[{"id":19888,"href":"https:\/\/portugalfashion.com\/en\/wp-json\/wp\/v2\/posts\/19885\/revisions\/19888"}],"wp:featuredmedia":[{"embeddable":true,"href":"https:\/\/portugalfashion.com\/en\/wp-json\/wp\/v2\/media\/19890"}],"wp:attachment":[{"href":"https:\/\/portugalfashion.com\/en\/wp-json\/wp\/v2\/media?parent=19885"}],"wp:term":[{"taxonomy":"category","embeddable":true,"href":"https:\/\/portugalfashion.com\/en\/wp-json\/wp\/v2\/categories?post=19885"},{"taxonomy":"post_tag","embeddable":true,"href":"https:\/\/portugalfashion.com\/en\/wp-json\/wp\/v2\/tags?post=19885"}],"curies":[{"name":"wp","href":"https:\/\/api.w.org\/{rel}","templated":true}]}}