{"id":2840,"date":"2019-09-19T02:33:57","date_gmt":"2019-09-19T02:33:57","guid":{"rendered":"https:\/\/portugalfashion.com\/new-portugalfashion\/?p=2840"},"modified":"2026-02-09T12:46:31","modified_gmt":"2026-02-09T12:46:31","slug":"next-step-tambem-esta-de-regresso-as-quatro-capitais-da-moda","status":"publish","type":"post","link":"https:\/\/portugalfashion.com\/en\/next-step-tambem-esta-de-regresso-as-quatro-capitais-da-moda\/","title":{"rendered":"NEXT STEP TAMB\u00c9M ESTA DE REGRESSO \u00c0S QUATRO CAPITAIS DA MODA"},"content":{"rendered":"<p>O roteiro internacional ss18 do Portugal Fashion pelas quatro capitais de moda (Nova Iorque, Londres, Mil\u00e3o e Paris) volta a ser complementado pela a\u00e7\u00e3o do seu &#8220;bra\u00e7o comercial\u201d, o Next Step. Ao longo deste m\u00eas, designers como Lu\u00eds Buchinho, Carla Pontes, Katty Xiomara, Alexandra Moura e Susana Bettencourt e marcas como P\u00e9 de Chumbo, TM Collection ou Babash t\u00eam marcado presen\u00e7a nos showrooms mais emblem\u00e1ticos do circuito da moda, beneficiando do apoio promocional e estrat\u00e9gico da ANJE \u2013 Associa\u00e7\u00e3o Nacional de Jovens Empres\u00e1rios.<\/p>\n<p>As quatro paragens internacionais inclu\u00eddas no roteiro SS18 do projeto Next Step no quadro das semanas de moda femininas internacionais multiplicam-se em n\u00famero de certames e oportunidades nos diferentes mercados. Um apoio da ANJE que volta a centrar-se na participa\u00e7\u00e3o de jovens designers, criadores consagrados e marcas nacionais nos mais prestigiados showrooms e feiras de moda a n\u00edvel mundial. O programa de promo\u00e7\u00e3o global da moda portuguesa aposta nesta \u00e9poca nos mercados norte-americano e europeu, onde v\u00e1rios designers e marcas nacionais t\u00eam a possibilidade de apelar a compradores de todo o mundo, alguns deles chegando mesmo a participar nas v\u00e1rias a\u00e7\u00f5es de Nova Iorque, Londres, Mil\u00e3o e Paris.<\/p>\n<p>A primeira\u00a0<i>fashion stop<\/i>\u00a0da temporada fez-se na cidade que nunca dorme: de 17 a 19 de setembro, os designers Lu\u00eds Buchinho e Carla Pontes, juntamente com as marcas P\u00e9 de Chumbo e Babash Design, tiveram oportunidade de promover as suas cria\u00e7\u00f5es junto do p\u00fablico nova-iorquino, na prestigiada feira EDIT. Ao mesmo tempo, entre os dias 15 e 19, desta feita na cidade de Londres, as designers Alexandra Moura, Carla Pontes e Susana Bettencourt exibiram as suas cole\u00e7\u00f5es nos consagrado showroom da London Fashion Week. A decorrer nos The Store Studios, 180 Strand, localizados no epicentro da cidade londrina, e palco habitual dos desfiles da London Fashion Week, este showroom diferencia-se pela proximidade sin\u00e9rgica estabelecida com todas as din\u00e2micas da LFW, assim como pelo contacto privilegiado com os seus p\u00fablicos especializados:\u00a0 imprensa,\u00a0<i>buyers, fashion scouters, bloggers<\/i>\u00a0e, de modo mais abrangente, um conjunto variado de profissionais ligados \u00e0 fileira moda internacional.<\/p>\n<p>No fim da semana, de 22 a 25 de setembro, \u00e9 tempo de dizer a adeus a Londres e matar as saudades de Mil\u00e3o. O Next Step ruma \u00e0 White Milano, o trade show italiano onde, mais uma vez, promove a etiqueta made in Portugal com Pedro Pedro, Katty Xiomara, P\u00e9 de Chumbo, Carla Pontes, Lu\u00eds Buchinho e TM Collection. O roteiro culmina na cidade luz, onde Susana Bettencourt, Carla Pontes, Luis Buchinho e Alexandra Moura integram o 3rd Eye Showroom, instalado na fervilhante Rue\u00a0Turrenne\u00a0(o centro nevr\u00e1lgico dos showrooms, na \u00e1rea de Marais, durante a Paris Fashion Week, que decorre de 27 de setembro a 3 de outubro). Ainda em Paris, a marca Babash Design integra, com o apoio do Next Step, a Trano\u00ef (27 de setembro a 2 de outubro), refor\u00e7ando a campanha lusa na capital francesa.<\/p>\n<p>O\u00a0Next\u00a0Step 2016-2017 \u00e9 um projeto da responsabilidade da\u00a0ANJE \u2013 Associa\u00e7\u00e3o Nacional de Jovens Empres\u00e1rios, sendo financiado pelo Portugal 2020, no \u00e2mbito do Compete 2020 &#8211; Programa Operacional da Competitividade e Internacionaliza\u00e7\u00e3o, com fundos provenientes da Uni\u00e3o Europeia, atrav\u00e9s do Fundo Europeu de Desenvolvimento Regional.<\/p>","protected":false},"excerpt":{"rendered":"<p>O roteiro internacional ss18 do Portugal Fashion pelas quatro capitais de moda (Nova Iorque, Londres, Mil\u00e3o e Paris) volta a ser complementado pela a\u00e7\u00e3o do seu &#8220;bra\u00e7o comercial\u201d, o Next Step. Ao longo deste m\u00eas, designers como Lu\u00eds Buchinho, Carla Pontes, Katty Xiomara, Alexandra Moura e Susana Bettencourt e marcas como P\u00e9 de Chumbo, TM [&hellip;]<\/p>","protected":false},"author":5,"featured_media":2844,"comment_status":"open","ping_status":"open","sticky":false,"template":"","format":"standard","meta":{"_acf_changed":false,"_monsterinsights_skip_tracking":false,"_monsterinsights_sitenote_active":false,"_monsterinsights_sitenote_note":"","_monsterinsights_sitenote_category":0,"footnotes":""},"categories":[20],"tags":[],"class_list":["post-2840","post","type-post","status-publish","format-standard","has-post-thumbnail","hentry","category-portugal-fashion-pt"],"acf":[],"yoast_head":"<!-- This site is optimized with the Yoast SEO plugin v24.2 - https:\/\/yoast.com\/wordpress\/plugins\/seo\/ -->\n<title>NEXT STEP TAMB\u00c9M ESTA DE REGRESSO \u00c0S QUATRO CAPITAIS DA MODA - Portugal Fashion<\/title>\n<meta name=\"robots\" content=\"index, follow, max-snippet:-1, max-image-preview:large, max-video-preview:-1\" \/>\n<link rel=\"canonical\" href=\"https:\/\/portugalfashion.com\/en\/next-step-tambem-esta-de-regresso-as-quatro-capitais-da-moda\/\" \/>\n<meta property=\"og:locale\" content=\"en_GB\" \/>\n<meta property=\"og:type\" content=\"article\" \/>\n<meta property=\"og:title\" content=\"NEXT STEP TAMB\u00c9M ESTA DE REGRESSO \u00c0S QUATRO CAPITAIS DA MODA - Portugal Fashion\" \/>\n<meta property=\"og:description\" content=\"O roteiro internacional ss18 do Portugal Fashion pelas quatro capitais de moda (Nova Iorque, Londres, Mil\u00e3o e Paris) volta a ser complementado pela a\u00e7\u00e3o do seu &#8220;bra\u00e7o comercial\u201d, o Next Step. Ao longo deste m\u00eas, designers como Lu\u00eds Buchinho, Carla Pontes, Katty Xiomara, Alexandra Moura e Susana Bettencourt e marcas como P\u00e9 de Chumbo, TM [&hellip;]\" \/>\n<meta property=\"og:url\" content=\"https:\/\/portugalfashion.com\/en\/next-step-tambem-esta-de-regresso-as-quatro-capitais-da-moda\/\" \/>\n<meta property=\"og:site_name\" content=\"Portugal Fashion\" \/>\n<meta property=\"article:published_time\" content=\"2019-09-19T02:33:57+00:00\" \/>\n<meta property=\"article:modified_time\" content=\"2026-02-09T12:46:31+00:00\" \/>\n<meta property=\"og:image\" content=\"https:\/\/portugalfashion.com\/wp-content\/uploads\/2021\/08\/next_step_thumbnail_57047405859c147158555d.jpg\" \/>\n\t<meta property=\"og:image:width\" content=\"420\" \/>\n\t<meta property=\"og:image:height\" content=\"260\" \/>\n\t<meta property=\"og:image:type\" content=\"image\/jpeg\" \/>\n<meta name=\"author\" content=\"Portugal Fashion\" \/>\n<meta name=\"twitter:card\" content=\"summary_large_image\" \/>\n<meta name=\"twitter:label1\" content=\"Written by\" \/>\n\t<meta name=\"twitter:data1\" content=\"Portugal Fashion\" \/>\n\t<meta name=\"twitter:label2\" content=\"Est. reading time\" \/>\n\t<meta name=\"twitter:data2\" content=\"3 minutes\" \/>\n<script type=\"application\/ld+json\" class=\"yoast-schema-graph\">{\"@context\":\"https:\/\/schema.org\",\"@graph\":[{\"@type\":\"Article\",\"@id\":\"https:\/\/portugalfashion.com\/next-step-tambem-esta-de-regresso-as-quatro-capitais-da-moda\/#article\",\"isPartOf\":{\"@id\":\"https:\/\/portugalfashion.com\/next-step-tambem-esta-de-regresso-as-quatro-capitais-da-moda\/\"},\"author\":{\"name\":\"Portugal Fashion\",\"@id\":\"https:\/\/portugalfashion.com\/#\/schema\/person\/5c5a913b2cd594f9e7a818bd846f07f4\"},\"headline\":\"NEXT STEP TAMB\u00c9M ESTA DE REGRESSO \u00c0S QUATRO CAPITAIS DA MODA\",\"datePublished\":\"2019-09-19T02:33:57+00:00\",\"dateModified\":\"2026-02-09T12:46:31+00:00\",\"mainEntityOfPage\":{\"@id\":\"https:\/\/portugalfashion.com\/next-step-tambem-esta-de-regresso-as-quatro-capitais-da-moda\/\"},\"wordCount\":559,\"commentCount\":0,\"publisher\":{\"@id\":\"https:\/\/portugalfashion.com\/#organization\"},\"image\":{\"@id\":\"https:\/\/portugalfashion.com\/next-step-tambem-esta-de-regresso-as-quatro-capitais-da-moda\/#primaryimage\"},\"thumbnailUrl\":\"https:\/\/portugalfashion.com\/wp-content\/uploads\/2021\/08\/next_step_thumbnail_57047405859c147158555d.jpg\",\"articleSection\":[\"Portugal Fashion\"],\"inLanguage\":\"en-GB\",\"potentialAction\":[{\"@type\":\"CommentAction\",\"name\":\"Comment\",\"target\":[\"https:\/\/portugalfashion.com\/next-step-tambem-esta-de-regresso-as-quatro-capitais-da-moda\/#respond\"]}]},{\"@type\":\"WebPage\",\"@id\":\"https:\/\/portugalfashion.com\/next-step-tambem-esta-de-regresso-as-quatro-capitais-da-moda\/\",\"url\":\"https:\/\/portugalfashion.com\/next-step-tambem-esta-de-regresso-as-quatro-capitais-da-moda\/\",\"name\":\"NEXT STEP TAMB\u00c9M ESTA DE REGRESSO \u00c0S QUATRO CAPITAIS DA MODA - Portugal Fashion\",\"isPartOf\":{\"@id\":\"https:\/\/portugalfashion.com\/#website\"},\"primaryImageOfPage\":{\"@id\":\"https:\/\/portugalfashion.com\/next-step-tambem-esta-de-regresso-as-quatro-capitais-da-moda\/#primaryimage\"},\"image\":{\"@id\":\"https:\/\/portugalfashion.com\/next-step-tambem-esta-de-regresso-as-quatro-capitais-da-moda\/#primaryimage\"},\"thumbnailUrl\":\"https:\/\/portugalfashion.com\/wp-content\/uploads\/2021\/08\/next_step_thumbnail_57047405859c147158555d.jpg\",\"datePublished\":\"2019-09-19T02:33:57+00:00\",\"dateModified\":\"2026-02-09T12:46:31+00:00\",\"breadcrumb\":{\"@id\":\"https:\/\/portugalfashion.com\/next-step-tambem-esta-de-regresso-as-quatro-capitais-da-moda\/#breadcrumb\"},\"inLanguage\":\"en-GB\",\"potentialAction\":[{\"@type\":\"ReadAction\",\"target\":[\"https:\/\/portugalfashion.com\/next-step-tambem-esta-de-regresso-as-quatro-capitais-da-moda\/\"]}]},{\"@type\":\"ImageObject\",\"inLanguage\":\"en-GB\",\"@id\":\"https:\/\/portugalfashion.com\/next-step-tambem-esta-de-regresso-as-quatro-capitais-da-moda\/#primaryimage\",\"url\":\"https:\/\/portugalfashion.com\/wp-content\/uploads\/2021\/08\/next_step_thumbnail_57047405859c147158555d.jpg\",\"contentUrl\":\"https:\/\/portugalfashion.com\/wp-content\/uploads\/2021\/08\/next_step_thumbnail_57047405859c147158555d.jpg\",\"width\":420,\"height\":260},{\"@type\":\"BreadcrumbList\",\"@id\":\"https:\/\/portugalfashion.com\/next-step-tambem-esta-de-regresso-as-quatro-capitais-da-moda\/#breadcrumb\",\"itemListElement\":[{\"@type\":\"ListItem\",\"position\":1,\"name\":\"Home\",\"item\":\"https:\/\/portugalfashion.com\/\"},{\"@type\":\"ListItem\",\"position\":2,\"name\":\"NEXT STEP TAMB\u00c9M ESTA DE REGRESSO \u00c0S QUATRO CAPITAIS DA MODA\"}]},{\"@type\":\"WebSite\",\"@id\":\"https:\/\/portugalfashion.com\/#website\",\"url\":\"https:\/\/portugalfashion.com\/\",\"name\":\"Portugal Fashion\",\"description\":\"Moda e Eventos\",\"publisher\":{\"@id\":\"https:\/\/portugalfashion.com\/#organization\"},\"potentialAction\":[{\"@type\":\"SearchAction\",\"target\":{\"@type\":\"EntryPoint\",\"urlTemplate\":\"https:\/\/portugalfashion.com\/?s={search_term_string}\"},\"query-input\":{\"@type\":\"PropertyValueSpecification\",\"valueRequired\":true,\"valueName\":\"search_term_string\"}}],\"inLanguage\":\"en-GB\"},{\"@type\":\"Organization\",\"@id\":\"https:\/\/portugalfashion.com\/#organization\",\"name\":\"Portugal Fashion\",\"url\":\"https:\/\/portugalfashion.com\/\",\"logo\":{\"@type\":\"ImageObject\",\"inLanguage\":\"en-GB\",\"@id\":\"https:\/\/portugalfashion.com\/#\/schema\/logo\/image\/\",\"url\":\"http:\/\/portugalfashion.com\/wp-content\/uploads\/2021\/08\/animated-logo-pf-black.svg\",\"contentUrl\":\"http:\/\/portugalfashion.com\/wp-content\/uploads\/2021\/08\/animated-logo-pf-black.svg\",\"width\":1374,\"height\":670,\"caption\":\"Portugal Fashion\"},\"image\":{\"@id\":\"https:\/\/portugalfashion.com\/#\/schema\/logo\/image\/\"}},{\"@type\":\"Person\",\"@id\":\"https:\/\/portugalfashion.com\/#\/schema\/person\/5c5a913b2cd594f9e7a818bd846f07f4\",\"name\":\"Portugal Fashion\",\"image\":{\"@type\":\"ImageObject\",\"inLanguage\":\"en-GB\",\"@id\":\"https:\/\/portugalfashion.com\/#\/schema\/person\/image\/\",\"url\":\"https:\/\/secure.gravatar.com\/avatar\/19ad09b6e9ee39a45adcdd5009950775897e89f8c17b880c25735c933a6d97f0?s=96&d=mm&r=g\",\"contentUrl\":\"https:\/\/secure.gravatar.com\/avatar\/19ad09b6e9ee39a45adcdd5009950775897e89f8c17b880c25735c933a6d97f0?s=96&d=mm&r=g\",\"caption\":\"Portugal Fashion\"},\"sameAs\":[\"https:\/\/portugalfashion.com\"],\"url\":\"https:\/\/portugalfashion.com\/en\/author\/portugal-fashion\/\"}]}<\/script>\n<!-- \/ Yoast SEO plugin. -->","yoast_head_json":{"title":"NEXT STEP TAMB\u00c9M ESTA DE REGRESSO \u00c0S QUATRO CAPITAIS DA MODA - Portugal Fashion","robots":{"index":"index","follow":"follow","max-snippet":"max-snippet:-1","max-image-preview":"max-image-preview:large","max-video-preview":"max-video-preview:-1"},"canonical":"https:\/\/portugalfashion.com\/en\/next-step-tambem-esta-de-regresso-as-quatro-capitais-da-moda\/","og_locale":"en_GB","og_type":"article","og_title":"NEXT STEP TAMB\u00c9M ESTA DE REGRESSO \u00c0S QUATRO CAPITAIS DA MODA - Portugal Fashion","og_description":"O roteiro internacional ss18 do Portugal Fashion pelas quatro capitais de moda (Nova Iorque, Londres, Mil\u00e3o e Paris) volta a ser complementado pela a\u00e7\u00e3o do seu &#8220;bra\u00e7o comercial\u201d, o Next Step. Ao longo deste m\u00eas, designers como Lu\u00eds Buchinho, Carla Pontes, Katty Xiomara, Alexandra Moura e Susana Bettencourt e marcas como P\u00e9 de Chumbo, TM [&hellip;]","og_url":"https:\/\/portugalfashion.com\/en\/next-step-tambem-esta-de-regresso-as-quatro-capitais-da-moda\/","og_site_name":"Portugal Fashion","article_published_time":"2019-09-19T02:33:57+00:00","article_modified_time":"2026-02-09T12:46:31+00:00","og_image":[{"width":420,"height":260,"url":"https:\/\/portugalfashion.com\/wp-content\/uploads\/2021\/08\/next_step_thumbnail_57047405859c147158555d.jpg","type":"image\/jpeg"}],"author":"Portugal Fashion","twitter_card":"summary_large_image","twitter_misc":{"Written by":"Portugal Fashion","Est. reading time":"3 minutes"},"schema":{"@context":"https:\/\/schema.org","@graph":[{"@type":"Article","@id":"https:\/\/portugalfashion.com\/next-step-tambem-esta-de-regresso-as-quatro-capitais-da-moda\/#article","isPartOf":{"@id":"https:\/\/portugalfashion.com\/next-step-tambem-esta-de-regresso-as-quatro-capitais-da-moda\/"},"author":{"name":"Portugal Fashion","@id":"https:\/\/portugalfashion.com\/#\/schema\/person\/5c5a913b2cd594f9e7a818bd846f07f4"},"headline":"NEXT STEP TAMB\u00c9M ESTA DE REGRESSO \u00c0S QUATRO CAPITAIS DA MODA","datePublished":"2019-09-19T02:33:57+00:00","dateModified":"2026-02-09T12:46:31+00:00","mainEntityOfPage":{"@id":"https:\/\/portugalfashion.com\/next-step-tambem-esta-de-regresso-as-quatro-capitais-da-moda\/"},"wordCount":559,"commentCount":0,"publisher":{"@id":"https:\/\/portugalfashion.com\/#organization"},"image":{"@id":"https:\/\/portugalfashion.com\/next-step-tambem-esta-de-regresso-as-quatro-capitais-da-moda\/#primaryimage"},"thumbnailUrl":"https:\/\/portugalfashion.com\/wp-content\/uploads\/2021\/08\/next_step_thumbnail_57047405859c147158555d.jpg","articleSection":["Portugal Fashion"],"inLanguage":"en-GB","potentialAction":[{"@type":"CommentAction","name":"Comment","target":["https:\/\/portugalfashion.com\/next-step-tambem-esta-de-regresso-as-quatro-capitais-da-moda\/#respond"]}]},{"@type":"WebPage","@id":"https:\/\/portugalfashion.com\/next-step-tambem-esta-de-regresso-as-quatro-capitais-da-moda\/","url":"https:\/\/portugalfashion.com\/next-step-tambem-esta-de-regresso-as-quatro-capitais-da-moda\/","name":"NEXT STEP TAMB\u00c9M ESTA DE REGRESSO \u00c0S QUATRO CAPITAIS DA MODA - Portugal Fashion","isPartOf":{"@id":"https:\/\/portugalfashion.com\/#website"},"primaryImageOfPage":{"@id":"https:\/\/portugalfashion.com\/next-step-tambem-esta-de-regresso-as-quatro-capitais-da-moda\/#primaryimage"},"image":{"@id":"https:\/\/portugalfashion.com\/next-step-tambem-esta-de-regresso-as-quatro-capitais-da-moda\/#primaryimage"},"thumbnailUrl":"https:\/\/portugalfashion.com\/wp-content\/uploads\/2021\/08\/next_step_thumbnail_57047405859c147158555d.jpg","datePublished":"2019-09-19T02:33:57+00:00","dateModified":"2026-02-09T12:46:31+00:00","breadcrumb":{"@id":"https:\/\/portugalfashion.com\/next-step-tambem-esta-de-regresso-as-quatro-capitais-da-moda\/#breadcrumb"},"inLanguage":"en-GB","potentialAction":[{"@type":"ReadAction","target":["https:\/\/portugalfashion.com\/next-step-tambem-esta-de-regresso-as-quatro-capitais-da-moda\/"]}]},{"@type":"ImageObject","inLanguage":"en-GB","@id":"https:\/\/portugalfashion.com\/next-step-tambem-esta-de-regresso-as-quatro-capitais-da-moda\/#primaryimage","url":"https:\/\/portugalfashion.com\/wp-content\/uploads\/2021\/08\/next_step_thumbnail_57047405859c147158555d.jpg","contentUrl":"https:\/\/portugalfashion.com\/wp-content\/uploads\/2021\/08\/next_step_thumbnail_57047405859c147158555d.jpg","width":420,"height":260},{"@type":"BreadcrumbList","@id":"https:\/\/portugalfashion.com\/next-step-tambem-esta-de-regresso-as-quatro-capitais-da-moda\/#breadcrumb","itemListElement":[{"@type":"ListItem","position":1,"name":"Home","item":"https:\/\/portugalfashion.com\/"},{"@type":"ListItem","position":2,"name":"NEXT STEP TAMB\u00c9M ESTA DE REGRESSO \u00c0S QUATRO CAPITAIS DA MODA"}]},{"@type":"WebSite","@id":"https:\/\/portugalfashion.com\/#website","url":"https:\/\/portugalfashion.com\/","name":"Portugal Fashion","description":"Moda e Eventos","publisher":{"@id":"https:\/\/portugalfashion.com\/#organization"},"potentialAction":[{"@type":"SearchAction","target":{"@type":"EntryPoint","urlTemplate":"https:\/\/portugalfashion.com\/?s={search_term_string}"},"query-input":{"@type":"PropertyValueSpecification","valueRequired":true,"valueName":"search_term_string"}}],"inLanguage":"en-GB"},{"@type":"Organization","@id":"https:\/\/portugalfashion.com\/#organization","name":"Portugal Fashion","url":"https:\/\/portugalfashion.com\/","logo":{"@type":"ImageObject","inLanguage":"en-GB","@id":"https:\/\/portugalfashion.com\/#\/schema\/logo\/image\/","url":"http:\/\/portugalfashion.com\/wp-content\/uploads\/2021\/08\/animated-logo-pf-black.svg","contentUrl":"http:\/\/portugalfashion.com\/wp-content\/uploads\/2021\/08\/animated-logo-pf-black.svg","width":1374,"height":670,"caption":"Portugal Fashion"},"image":{"@id":"https:\/\/portugalfashion.com\/#\/schema\/logo\/image\/"}},{"@type":"Person","@id":"https:\/\/portugalfashion.com\/#\/schema\/person\/5c5a913b2cd594f9e7a818bd846f07f4","name":"Portugal Fashion","image":{"@type":"ImageObject","inLanguage":"en-GB","@id":"https:\/\/portugalfashion.com\/#\/schema\/person\/image\/","url":"https:\/\/secure.gravatar.com\/avatar\/19ad09b6e9ee39a45adcdd5009950775897e89f8c17b880c25735c933a6d97f0?s=96&d=mm&r=g","contentUrl":"https:\/\/secure.gravatar.com\/avatar\/19ad09b6e9ee39a45adcdd5009950775897e89f8c17b880c25735c933a6d97f0?s=96&d=mm&r=g","caption":"Portugal Fashion"},"sameAs":["https:\/\/portugalfashion.com"],"url":"https:\/\/portugalfashion.com\/en\/author\/portugal-fashion\/"}]}},"_links":{"self":[{"href":"https:\/\/portugalfashion.com\/en\/wp-json\/wp\/v2\/posts\/2840","targetHints":{"allow":["GET"]}}],"collection":[{"href":"https:\/\/portugalfashion.com\/en\/wp-json\/wp\/v2\/posts"}],"about":[{"href":"https:\/\/portugalfashion.com\/en\/wp-json\/wp\/v2\/types\/post"}],"author":[{"embeddable":true,"href":"https:\/\/portugalfashion.com\/en\/wp-json\/wp\/v2\/users\/5"}],"replies":[{"embeddable":true,"href":"https:\/\/portugalfashion.com\/en\/wp-json\/wp\/v2\/comments?post=2840"}],"version-history":[{"count":3,"href":"https:\/\/portugalfashion.com\/en\/wp-json\/wp\/v2\/posts\/2840\/revisions"}],"predecessor-version":[{"id":19608,"href":"https:\/\/portugalfashion.com\/en\/wp-json\/wp\/v2\/posts\/2840\/revisions\/19608"}],"wp:featuredmedia":[{"embeddable":true,"href":"https:\/\/portugalfashion.com\/en\/wp-json\/wp\/v2\/media\/2844"}],"wp:attachment":[{"href":"https:\/\/portugalfashion.com\/en\/wp-json\/wp\/v2\/media?parent=2840"}],"wp:term":[{"taxonomy":"category","embeddable":true,"href":"https:\/\/portugalfashion.com\/en\/wp-json\/wp\/v2\/categories?post=2840"},{"taxonomy":"post_tag","embeddable":true,"href":"https:\/\/portugalfashion.com\/en\/wp-json\/wp\/v2\/tags?post=2840"}],"curies":[{"name":"wp","href":"https:\/\/api.w.org\/{rel}","templated":true}]}}