{"id":858,"date":"2021-05-03T02:35:49","date_gmt":"2021-05-03T02:35:49","guid":{"rendered":"https:\/\/portugalfashion.com\/new-portugalfashion\/?p=858"},"modified":"2021-09-23T11:04:50","modified_gmt":"2021-09-23T11:04:50","slug":"48o-portugal-fashion-tudo-sobre-os-apoios-parceiros-e-sponsors-desta-edicao","status":"publish","type":"post","link":"https:\/\/portugalfashion.com\/en\/48o-portugal-fashion-tudo-sobre-os-apoios-parceiros-e-sponsors-desta-edicao\/","title":{"rendered":"48TH PORTUGAL FASHION: ALL ABOUT THE SUPPORT, PARTNERS AND SPONSORS OF THIS EDITION"},"content":{"rendered":"<div>Uma edi\u00e7\u00e3o, duas datas e dois takes, marcaram a 48\u00aa edi\u00e7\u00e3o do Portugal Fashion outono-inverno 2021-22, realizado entre os dias 18 e 20 de mar\u00e7o (Take 1) e entre os dias 22 e 24 de abril (Take 2). A &#8220;The Sofa Edition\u201d contou com <a href=\"http:\/\/vimeo.com\/portugalfashionweek\" target=\"_blank\" rel=\"noopener\">conte\u00fados digitais<\/a> de desfiles, apresenta\u00e7\u00f5es, entrevistas, reflex\u00f5es tem\u00e1ticas, imagens de bastidores e muito humor. Mas o sucesso desta emiss\u00e3o 100% online deveu-se tamb\u00e9m aos parceiros, sponsors e apoios recebidos. Falamos de institui\u00e7\u00f5es e marcas dos mais variados setores econ\u00f3micos, que acompanharam o Portugal Fashion ao longo destes takes.<\/div>\n<div><\/div>\n<div><\/div>\n<div><strong>Institutional Partner<\/strong><\/div>\n<div><\/div>\n<div>PORTO.<\/div>\n<div><\/div>\n<div>Parceiro institucional do Portugal Fashion por mais uma edi\u00e7\u00e3o, a <a href=\"http:\/\/www.cm-porto.pt\/\" target=\"_blank\" rel=\"noopener\">C\u00e2mara Municipal do Porto<\/a> associou-se \u00e0 48\u00aa edi\u00e7\u00e3o, apoiando o projeto com recursos acrescidos de forma a refor\u00e7ar a posi\u00e7\u00e3o do evento no panorama de moda nacional e internacional, evidenciando tamb\u00e9m o reconhecimento do Porto como hub industrial e criativo. Com esta coopera\u00e7\u00e3o estrat\u00e9gica o objetivo passou por dinamizar crescentemente a componente profissional do Portugal Fashion, no quadro de uma cidade historicamente ligada \u00e0s ind\u00fastrias transformadoras nacionais, nos setores t\u00eaxtil, de vestu\u00e1rio e cal\u00e7ado.<\/div>\n<div><\/div>\n<div><\/div>\n<div><strong>Hair<\/strong><\/div>\n<div><\/div>\n<div>LUPA<\/div>\n<div><\/div>\n<div>Marca oficial de cabelos da 48\u00ba edi\u00e7\u00e3o do Portugal Fashion, a portuguesa <a href=\"http:\/\/www.lupabiologica.pt\/\" target=\"_blank\" rel=\"noopener\">Lupabiol\u00f3gica<\/a> \u00e9 fornecedora de todos os produtos de cosm\u00e9tica capilar e a respons\u00e1vel por assegurar a coordena\u00e7\u00e3o dos servi\u00e7os de hairstyling do evento. Os produtos Bioseivas desta marca 100% portuguesa tamb\u00e9m fizeram parte do gift bag oficial do Portugal Fashion.<\/div>\n<div><\/div>\n<div><strong>Make-up<\/strong><\/div>\n<div><\/div>\n<div>MAC<\/div>\n<div><\/div>\n<div>Marca oficial de maquilhagem do Portugal Fashion h\u00e1 j\u00e1 longa data, a <a href=\"http:\/\/www.maccosmetics.com\/\" target=\"_blank\" rel=\"noopener\">MAC<\/a> assegurou a make-up dos desfiles e produ\u00e7\u00f5es de moda do 48\u00ba Portugal Fashion. Conta j\u00e1 com uma vasta gama de produtos que v\u00e3o ao encontro das mais rigorosas exig\u00eancias da maquilhagem de moda, como batons e sombras, que estiveram tamb\u00e9m presentes nos gift bags do Portugal Fashion.<\/div>\n<div><\/div>\n<div><\/div>\n<div><strong>Bloom Contest Sponsor<\/strong><\/div>\n<div><\/div>\n<div>\n<p>SONAE FASHION DO GRUPO SONAE<\/p>\n<\/div>\n<div>O 48\u00ba Portugal Fashion integrou na sua programac\u0327a\u0303o digital dois desfiles coletivos e tre\u0302s desfiles individuais no a\u0302mbito do projeto Bloom, dedicado a\u0300 promoc\u0327a\u0303o e apoio a novos talentos da moda portuguesa. Foram ainda exibidos os vi\u0301deos dos desfiles dos vencedores do Concurso Bloom powered by <a href=\"http:\/\/www.sonae.pt\/en\/sonae\/brands\/\" target=\"_blank\" rel=\"noopener\">Sonae<\/a> Fashion. O concurso \u00e9 uma forma de proporcionar uma experie\u0302ncia pedago\u0301gica e profissional i\u0301mpar aos jovens designers, contribuindo assim para o seu lan\u00e7amento no mercado.<\/div>\n<div><\/div>\n<div><strong>Sponsors<\/strong><\/div>\n<div><\/div>\n<div>BIODERMA<\/div>\n<div><\/div>\n<div>A <a href=\"http:\/\/www.bioderma.pt\/\" target=\"_blank\" rel=\"noopener\">Bioderma<\/a>, parceira deste 48\u00ba Portugal Fashion, esteve presente nos bastidores assumindo um papel importante na limpeza da pele e na prepara\u00e7\u00e3o da mesma para a make-up das produ\u00e7\u00f5es de moda. As famosas \u00e1guas micelares n\u00e3o puderam faltar e foram integradas no gift bag oficial desta edi\u00e7\u00e3o de sof\u00e1.<\/div>\n<div><\/div>\n<div>IQOS<\/div>\n<div><\/div>\n<div>A <a href=\"http:\/\/pt.iqos.com\/pt\" target=\"_blank\" rel=\"noopener\">IQOS<\/a>, como marca cuja estrat\u00e9gia de sustentabilidade social e ambiental j\u00e1 prev\u00ea, h\u00e1 longa data, o apoio ao Portugal Fashion e ao seu universo de criatividade, marcou presen\u00e7a nesta 48\u00aa edi\u00e7\u00e3o. A marca fez parte das reflex\u00f5es tem\u00e1ticas &#8220;Thinking Fashion\u201d e prestou tamb\u00e9m apoio nos bastidores, durante as grava\u00e7\u00f5es da Alf\u00e2ndega do Porto.<\/div>\n<div><\/div>\n<div>RED BULL<\/div>\n<div><\/div>\n<div>A <a href=\"http:\/\/www.redbull.com\/pt-pt\/\" target=\"_blank\" rel=\"noopener\">bebida energ\u00e9tica que d\u00e1 asas<\/a> esteve presente em mais uma edi\u00e7\u00e3o do Portugal Fashion com as habituais arcas frigor\u00edficas para dar energia \u00e0s equipas de produ\u00e7\u00e3o e bastidores na Alf\u00e2ndega do Porto.<\/div>\n<div><\/div>\n<div>BOGANI<\/div>\n<div><\/div>\n<div>O Portugal Fashion contou com o caf\u00e9 da <a href=\"http:\/\/boganidesperta.pt\/\" target=\"_blank\" rel=\"noopener\">Bogani<\/a> para despertar a Alf\u00e2ndega do Porto durante as longas horas de trabalho das grava\u00e7\u00f5es de conte\u00fados digitais.<\/div>\n<div><\/div>\n<div>MATINAL<\/div>\n<div><\/div>\n<div>A <a href=\"http:\/\/www.lactogal.pt\/homepagemarcas.aspx?menuid=44\" target=\"_blank\" rel=\"noopener\">Matinal<\/a> associou ao Portugal Fashion o lan\u00e7amento do seu novo queijo fresco sem lactose. Neste per\u00edodo de estreia, a Matinal promoveu junto de designers e equipas de bastidores um estilo de vida saud\u00e1vel e equilibrado, sob o mote #porquegostodemim.<\/div>\n<div><\/div>\n<div>CAL\u00c7ADO BY SANJO<\/div>\n<div><\/div>\n<div>A marca de cal\u00e7ado desportivo portuguesa marcou novamente presen\u00e7a no Portugal Fashion. O staff teve a oportunidade de cal\u00e7ar as sapatilhas <a href=\"http:\/\/www.sanjo.pt\/\" target=\"_blank\" rel=\"noopener\">Sanjo<\/a> durante os tr\u00eas dias de grava\u00e7\u00f5es da Alf\u00e2ndega do Porto e experienciar todo o conforto proporcionado pela primeira marca de t\u00e9nis portugueses. Al\u00e9m disso, os profissionais que receberam, no seu sof\u00e1, o gift bag oficial do Portugal Fashion tiveram tamb\u00e9m acesso a um voucher especial da marca Sanjo.<\/div>\n<div><\/div>\n<div>TINTEX + DAILY DAY<\/div>\n<div><\/div>\n<div>O Portugal Fashion e a <a href=\"http:\/\/tintextextiles.com\/\" target=\"_blank\" rel=\"noopener\">TINTEX Textiles<\/a>, empresa t\u00eaxtil de Vila Nova de Cerveira, refor\u00e7aram a sua parceria nesta 48.\u00aa edi\u00e7\u00e3o. Desta feita, a TINTEX Textiles, em colabora\u00e7\u00e3o com a marca portuguesa de vestu\u00e1rio <a href=\"http:\/\/www.daily-day.pt\/\" target=\"_blank\" rel=\"noopener\">Daily Day<\/a>, forneceu m\u00e1scaras certificadas N\u00edvel 2, que garantem a filtra\u00e7\u00e3o de 97% das part\u00edculas. Al\u00e9m disso, a TINTEX Textiles aceitou o desafio de desenvolver o tote bag e a t-shirt oficial desta edi\u00e7\u00e3o do Portugal Fashion. Foi assim concebida uma<a href=\"http:\/\/www.daily-day.pt\/products\/t-shirt-icone-hugo-van-der-ding-x-portugal-fashion\" target=\"_blank\" rel=\"noopener\"> t-shirt<\/a> que junta a marca Portugal Fashion, a criatividade de Hugo Van der Ding, o design e execu\u00e7\u00e3o da Daily Day e a qualidade dos produtos da TINTEX Textiles.<\/div>\n<div><\/div>\n<div>CASTELBEL<\/div>\n<div><\/div>\n<div>A <a href=\"http:\/\/castelbel.com\/\" target=\"_blank\" rel=\"noopener\">Castelbel<\/a>, empresa portuguesa especializada na produ\u00e7\u00e3o de artigos perfumados para o corpo e para a casa, integrou por mais um ano o gift bag do Portugal Fashion, disponibilizando sabonetes de luxo.<\/div>\n<div><\/div>\n<div>COMPANHIA PORTUGUEZA DO CH\u00c1<\/div>\n<div><\/div>\n<div>O 48\u00ba Portugal Fashion contou com os melhores ch\u00e1s das origens mais variadas, que foram inclu\u00eddos nos gift bags dos jornalistas e dos convidados especiais. Uma oferta da <a href=\"http:\/\/companhiaportuguezadocha.com\/\" target=\"_blank\" rel=\"noopener\">Companhia Portugueza do Ch\u00e1<\/a>.<\/div>\n<div><\/div>\n<div>WOW<\/div>\n<div><\/div>\n<div>Com vista privilegiada para o Porto, o <a href=\"http:\/\/wow.pt\/pt\/\" target=\"_blank\" rel=\"noopener\">WOW Porto<\/a> \u00e9 o novo quarteir\u00e3o cultural da zona hist\u00f3rica de Vila Nova de Gaia, repleto de novas experi\u00eancias e novidades para serem descobertas. Nesta edi\u00e7\u00e3o, integrou o gift bag oficial do Portugal Fashion com a oferta de vouchers para visita gratuita ao <a href=\"http:\/\/wow.pt\/pt\/experiencias-museus\/porto-fashion-fabric-museum\/\" target=\"_blank\" rel=\"noopener\">Porto Fashion &amp; Fabric \u2013 Museu de Moda e T\u00eaxtil \u2013 WOW<\/a>. O novo museu foi tamb\u00e9m apresentado, em primeira m\u00e3o, na emiss\u00e3o 100% digital do Portugal Fashion, atrav\u00e9s de uma reportagem muito especial, que incluiu visita guiada \u00e0quele que ser\u00e1 o pr\u00f3ximo museu a ser inaugurado no WOW.<\/div>\n<div><\/div>\n<div>METRO DO PORTO<\/div>\n<div><\/div>\n<div>Sendo um dos transportes de elei\u00e7\u00e3o da Invicta, o <a href=\"http:\/\/www.metrodoporto.pt\/\" target=\"_blank\" rel=\"noopener\">Metro do Porto<\/a> juntou-se novamente ao Portugal Fashion, para promover o evento nos ecr\u00e3s de TV a bordo das carruagens, assim como nas esta\u00e7\u00f5es de metro.<\/div>\n<div><\/div>\n<div><\/div>\n<div><strong>Media<\/strong><\/div>\n<div><\/div>\n<div>NIT | CARAS | M\u00c1XIMA | SABER VIVER<\/div>\n<div><\/div>\n<div>A <a href=\"http:\/\/www.nit.pt\/\" target=\"_blank\" rel=\"noopener\">NIT<\/a>, a <a href=\"http:\/\/caras.sapo.pt\/\" target=\"_blank\" rel=\"noopener\">CARAS<\/a>, a <a href=\"http:\/\/www.maxima.pt\/\" target=\"_blank\" rel=\"noopener\">M\u00c1XIMA<\/a>, e a <a href=\"http:\/\/www.saberviver.pt\/\" target=\"_blank\" rel=\"noopener\">SABER VIVER<\/a> acompanharam todo o evento de perto, desde os desfiles ao backstage. As publica\u00e7\u00f5es das parcerias medi\u00e1ticas foram essenciais para dar mais amplitude ao plano de comunica\u00e7\u00e3o do projeto.<\/div>\n<div><\/div>\n<div><\/div>\n<div><strong>TV<\/strong><\/div>\n<div><\/div>\n<div>SIC MULHER<\/div>\n<div><\/div>\n<div>A <a href=\"http:\/\/sicmulher.pt\/\" target=\"_blank\" rel=\"noopener\">SIC MULHER<\/a> foi por mais um ano a televis\u00e3o parceira do 48\u00ba Portugal Fashion, apoiando na promo\u00e7\u00e3o e comunica\u00e7\u00e3o do evento.<\/div>\n<div><\/div>\n<div><strong>Media Local<\/strong><\/div>\n<div><\/div>\n<div>PORTO CANAL<\/div>\n<div><\/div>\n<div>O <a href=\"http:\/\/portocanal.sapo.pt\/\" target=\"_blank\" rel=\"noopener\">PORTO CANAL<\/a>, parceiro de media local, acompanhou de perto a 48\u00aa edi\u00e7\u00e3o do Portugal Fashion, produzindo conte\u00fado de apoio \u00e0 comunica\u00e7\u00e3o e promo\u00e7\u00e3o do evento.<\/div>\n<div><\/div>\n<div><strong>R\u00e1dio<\/strong><\/div>\n<div><\/div>\n<div>RFM<\/div>\n<div><\/div>\n<div>A r\u00e1dio das grandes m\u00fasicas, <a href=\"http:\/\/rfm.sapo.pt\/\" target=\"_blank\" rel=\"noopener\">RFM<\/a>, esteve associada a mais uma edi\u00e7\u00e3o do Portugal Fashion, promovendo o spot oficial da emiss\u00e3o.<\/div>\n<div><\/div>\n<div><\/div>\n<div><strong>Monitor Partner<\/strong><\/div>\n<div><\/div>\n<div>CISION<\/div>\n<div><\/div>\n<div>Parceiro de longa data, a <a href=\"http:\/\/www.cision.pt\/\" target=\"_blank\" rel=\"noopener\">CISION<\/a> caminha ao lado do Portugal Fashion, monitorizando a comunica\u00e7\u00e3o do evento de forma permanente, tanto na imprensa como nas redes sociais. \u00c9 gra\u00e7as a este monitoring partner que o Portugal Fashion avalia tamb\u00e9m todo o impacto da sua a\u00e7\u00e3o.<\/div>\n<div><\/div>\n<div><\/div>\n<div><strong>Health Partner<\/strong><\/div>\n<div><\/div>\n<div>UNILABS<\/div>\n<div><\/div>\n<div>Para garantir a seguran\u00e7a de todos os envolvidos na 48\u00aa edi\u00e7\u00e3o do Portugal Fashion, os testes diagn\u00f3stico SARS-CoV-2 foram assegurados pela <a href=\"http:\/\/www.unilabs.pt\/\" target=\"_blank\" rel=\"noopener\">UNILABS<\/a>, atrav\u00e9s da sua rede distribu\u00edda pelo Pa\u00eds, mas tamb\u00e9m com um apoio permanente na Alf\u00e2ndega do Porto.<\/div>\n<div><\/div>\n<div><\/div>\n<div><strong>Industrial Partners<\/strong><\/div>\n<div><\/div>\n<div>MODTISSIMO | ASSOCIA\u00c7\u00c3O SELECTIVA MODA | FROM PORTUGAL<\/div>\n<div><\/div>\n<div>A promo\u00e7\u00e3o do desenvolvimento e da internacionaliza\u00e7\u00e3o da ind\u00fastria portuguesa preside \u00e0s parcerias estrat\u00e9gicas do Portugal Fashion com as associa\u00e7\u00f5es empresariais da fileira moda, com entidades como a <a href=\"http:\/\/selectivamoda.com\/pt\/\" target=\"_blank\" rel=\"noopener\">Associa\u00e7\u00e3o Selectiva do Porto<\/a>, e o projeto From Portugal, e ainda a <a href=\"http:\/\/modtissimo.com\/\" target=\"_blank\" rel=\"noopener\">Modtissimo<\/a>. Estas parcerias permitem ao Portugal Fashion abarcar todos os setores da fileira moda e criar sinergias entre eles, de forma a refor\u00e7ar a dimens\u00e3o internacional, a capacidade de diferencia\u00e7\u00e3o e o potencial competitivo de empresa e produtos portugueses.<\/div>\n<div><\/div>\n<div><\/div>\n<div>O Portugal Fashion \u00e9 um projeto da responsabilidade da <a href=\"http:\/\/www.anje.pt\/\" target=\"_blank\" rel=\"noopener\">ANJE \u2013 Associa\u00e7\u00e3o Nacional de Jovens Empres\u00e1rios<\/a>, que conta com o apoio dos seus parceiros estrat\u00e9gicos e \u00e9 cofinanciado pelo Portugal 2020, no \u00e2mbito do <a href=\"http:\/\/www.compete2020.gov.pt\/\" target=\"_blank\" rel=\"noopener\">Compete 2020 \u2013 Programa Operacional da Competitividade e Internacionaliza\u00e7\u00e3o<\/a>, com fundos provenientes da Uni\u00e3o Europeia, atrav\u00e9s do Fundo Europeu de Desenvolvimento Regional.<\/div>\n<div><\/div>","protected":false},"excerpt":{"rendered":"<p>Uma edi\u00e7\u00e3o, duas datas e dois takes, marcaram a 48\u00aa edi\u00e7\u00e3o do Portugal Fashion outono-inverno 2021-22, realizado entre os dias 18 e 20 de mar\u00e7o (Take 1) e entre os dias 22 e 24 de abril (Take 2). A &#8220;The Sofa Edition\u201d contou com conte\u00fados digitais de desfiles, apresenta\u00e7\u00f5es, entrevistas, reflex\u00f5es tem\u00e1ticas, imagens de bastidores [&hellip;]<\/p>","protected":false},"author":5,"featured_media":857,"comment_status":"open","ping_status":"open","sticky":false,"template":"","format":"standard","meta":{"_acf_changed":false,"_monsterinsights_skip_tracking":false,"_monsterinsights_sitenote_active":false,"_monsterinsights_sitenote_note":"","_monsterinsights_sitenote_category":0,"footnotes":""},"categories":[20],"tags":[],"class_list":["post-858","post","type-post","status-publish","format-standard","has-post-thumbnail","hentry","category-portugal-fashion-pt"],"acf":[],"yoast_head":"<!-- This site is optimized with the Yoast SEO plugin v24.2 - https:\/\/yoast.com\/wordpress\/plugins\/seo\/ -->\n<title>48\u00ba PORTUGAL FASHION: TUDO SOBRE OS APOIOS, PARCEIROS E SPONSORS DESTA EDI\u00c7\u00c3O - Portugal Fashion<\/title>\n<meta name=\"robots\" content=\"index, follow, max-snippet:-1, max-image-preview:large, max-video-preview:-1\" \/>\n<link rel=\"canonical\" href=\"https:\/\/portugalfashion.com\/en\/48o-portugal-fashion-tudo-sobre-os-apoios-parceiros-e-sponsors-desta-edicao\/\" \/>\n<meta property=\"og:locale\" content=\"en_GB\" \/>\n<meta property=\"og:type\" content=\"article\" \/>\n<meta property=\"og:title\" content=\"48\u00ba PORTUGAL FASHION: TUDO SOBRE OS APOIOS, PARCEIROS E SPONSORS DESTA EDI\u00c7\u00c3O - Portugal Fashion\" \/>\n<meta property=\"og:description\" content=\"Uma edi\u00e7\u00e3o, duas datas e dois takes, marcaram a 48\u00aa edi\u00e7\u00e3o do Portugal Fashion outono-inverno 2021-22, realizado entre os dias 18 e 20 de mar\u00e7o (Take 1) e entre os dias 22 e 24 de abril (Take 2). A &#8220;The Sofa Edition\u201d contou com conte\u00fados digitais de desfiles, apresenta\u00e7\u00f5es, entrevistas, reflex\u00f5es tem\u00e1ticas, imagens de bastidores [&hellip;]\" \/>\n<meta property=\"og:url\" content=\"https:\/\/portugalfashion.com\/en\/48o-portugal-fashion-tudo-sobre-os-apoios-parceiros-e-sponsors-desta-edicao\/\" \/>\n<meta property=\"og:site_name\" content=\"Portugal Fashion\" \/>\n<meta property=\"article:published_time\" content=\"2021-05-03T02:35:49+00:00\" \/>\n<meta property=\"article:modified_time\" content=\"2021-09-23T11:04:50+00:00\" \/>\n<meta property=\"og:image\" content=\"https:\/\/portugalfashion.com\/wp-content\/uploads\/2021\/05\/day_14_pf_fw21-22_061_165683828760926574b56ad.jpg\" \/>\n\t<meta property=\"og:image:width\" content=\"420\" \/>\n\t<meta property=\"og:image:height\" content=\"260\" \/>\n\t<meta property=\"og:image:type\" content=\"image\/jpeg\" \/>\n<meta name=\"author\" content=\"Portugal Fashion\" \/>\n<meta name=\"twitter:card\" content=\"summary_large_image\" \/>\n<meta name=\"twitter:label1\" content=\"Written by\" \/>\n\t<meta name=\"twitter:data1\" content=\"Portugal Fashion\" \/>\n\t<meta name=\"twitter:label2\" content=\"Est. reading time\" \/>\n\t<meta name=\"twitter:data2\" content=\"7 minutes\" \/>\n<script type=\"application\/ld+json\" class=\"yoast-schema-graph\">{\"@context\":\"https:\/\/schema.org\",\"@graph\":[{\"@type\":\"Article\",\"@id\":\"https:\/\/portugalfashion.com\/en\/48o-portugal-fashion-tudo-sobre-os-apoios-parceiros-e-sponsors-desta-edicao\/#article\",\"isPartOf\":{\"@id\":\"https:\/\/portugalfashion.com\/en\/48o-portugal-fashion-tudo-sobre-os-apoios-parceiros-e-sponsors-desta-edicao\/\"},\"author\":{\"name\":\"Portugal Fashion\",\"@id\":\"https:\/\/portugalfashion.com\/#\/schema\/person\/5c5a913b2cd594f9e7a818bd846f07f4\"},\"headline\":\"48\u00ba PORTUGAL FASHION: TUDO SOBRE OS APOIOS, PARCEIROS E SPONSORS DESTA EDI\u00c7\u00c3O\",\"datePublished\":\"2021-05-03T02:35:49+00:00\",\"dateModified\":\"2021-09-23T11:04:50+00:00\",\"mainEntityOfPage\":{\"@id\":\"https:\/\/portugalfashion.com\/en\/48o-portugal-fashion-tudo-sobre-os-apoios-parceiros-e-sponsors-desta-edicao\/\"},\"wordCount\":1452,\"commentCount\":0,\"publisher\":{\"@id\":\"https:\/\/portugalfashion.com\/#organization\"},\"image\":{\"@id\":\"https:\/\/portugalfashion.com\/en\/48o-portugal-fashion-tudo-sobre-os-apoios-parceiros-e-sponsors-desta-edicao\/#primaryimage\"},\"thumbnailUrl\":\"https:\/\/portugalfashion.com\/wp-content\/uploads\/2021\/05\/day_14_pf_fw21-22_061_165683828760926574b56ad.jpg\",\"articleSection\":[\"Portugal Fashion\"],\"inLanguage\":\"en-GB\",\"potentialAction\":[{\"@type\":\"CommentAction\",\"name\":\"Comment\",\"target\":[\"https:\/\/portugalfashion.com\/en\/48o-portugal-fashion-tudo-sobre-os-apoios-parceiros-e-sponsors-desta-edicao\/#respond\"]}]},{\"@type\":\"WebPage\",\"@id\":\"https:\/\/portugalfashion.com\/en\/48o-portugal-fashion-tudo-sobre-os-apoios-parceiros-e-sponsors-desta-edicao\/\",\"url\":\"https:\/\/portugalfashion.com\/en\/48o-portugal-fashion-tudo-sobre-os-apoios-parceiros-e-sponsors-desta-edicao\/\",\"name\":\"48\u00ba PORTUGAL FASHION: TUDO SOBRE OS APOIOS, PARCEIROS E SPONSORS DESTA EDI\u00c7\u00c3O - Portugal Fashion\",\"isPartOf\":{\"@id\":\"https:\/\/portugalfashion.com\/#website\"},\"primaryImageOfPage\":{\"@id\":\"https:\/\/portugalfashion.com\/en\/48o-portugal-fashion-tudo-sobre-os-apoios-parceiros-e-sponsors-desta-edicao\/#primaryimage\"},\"image\":{\"@id\":\"https:\/\/portugalfashion.com\/en\/48o-portugal-fashion-tudo-sobre-os-apoios-parceiros-e-sponsors-desta-edicao\/#primaryimage\"},\"thumbnailUrl\":\"https:\/\/portugalfashion.com\/wp-content\/uploads\/2021\/05\/day_14_pf_fw21-22_061_165683828760926574b56ad.jpg\",\"datePublished\":\"2021-05-03T02:35:49+00:00\",\"dateModified\":\"2021-09-23T11:04:50+00:00\",\"breadcrumb\":{\"@id\":\"https:\/\/portugalfashion.com\/en\/48o-portugal-fashion-tudo-sobre-os-apoios-parceiros-e-sponsors-desta-edicao\/#breadcrumb\"},\"inLanguage\":\"en-GB\",\"potentialAction\":[{\"@type\":\"ReadAction\",\"target\":[\"https:\/\/portugalfashion.com\/en\/48o-portugal-fashion-tudo-sobre-os-apoios-parceiros-e-sponsors-desta-edicao\/\"]}]},{\"@type\":\"ImageObject\",\"inLanguage\":\"en-GB\",\"@id\":\"https:\/\/portugalfashion.com\/en\/48o-portugal-fashion-tudo-sobre-os-apoios-parceiros-e-sponsors-desta-edicao\/#primaryimage\",\"url\":\"https:\/\/portugalfashion.com\/wp-content\/uploads\/2021\/05\/day_14_pf_fw21-22_061_165683828760926574b56ad.jpg\",\"contentUrl\":\"https:\/\/portugalfashion.com\/wp-content\/uploads\/2021\/05\/day_14_pf_fw21-22_061_165683828760926574b56ad.jpg\",\"width\":420,\"height\":260},{\"@type\":\"BreadcrumbList\",\"@id\":\"https:\/\/portugalfashion.com\/en\/48o-portugal-fashion-tudo-sobre-os-apoios-parceiros-e-sponsors-desta-edicao\/#breadcrumb\",\"itemListElement\":[{\"@type\":\"ListItem\",\"position\":1,\"name\":\"Home\",\"item\":\"https:\/\/portugalfashion.com\/\"},{\"@type\":\"ListItem\",\"position\":2,\"name\":\"48\u00ba PORTUGAL FASHION: TUDO SOBRE OS APOIOS, PARCEIROS E SPONSORS DESTA EDI\u00c7\u00c3O\"}]},{\"@type\":\"WebSite\",\"@id\":\"https:\/\/portugalfashion.com\/#website\",\"url\":\"https:\/\/portugalfashion.com\/\",\"name\":\"Portugal Fashion\",\"description\":\"Moda e Eventos\",\"publisher\":{\"@id\":\"https:\/\/portugalfashion.com\/#organization\"},\"potentialAction\":[{\"@type\":\"SearchAction\",\"target\":{\"@type\":\"EntryPoint\",\"urlTemplate\":\"https:\/\/portugalfashion.com\/?s={search_term_string}\"},\"query-input\":{\"@type\":\"PropertyValueSpecification\",\"valueRequired\":true,\"valueName\":\"search_term_string\"}}],\"inLanguage\":\"en-GB\"},{\"@type\":\"Organization\",\"@id\":\"https:\/\/portugalfashion.com\/#organization\",\"name\":\"Portugal Fashion\",\"url\":\"https:\/\/portugalfashion.com\/\",\"logo\":{\"@type\":\"ImageObject\",\"inLanguage\":\"en-GB\",\"@id\":\"https:\/\/portugalfashion.com\/#\/schema\/logo\/image\/\",\"url\":\"http:\/\/portugalfashion.com\/wp-content\/uploads\/2021\/08\/animated-logo-pf-black.svg\",\"contentUrl\":\"http:\/\/portugalfashion.com\/wp-content\/uploads\/2021\/08\/animated-logo-pf-black.svg\",\"width\":1374,\"height\":670,\"caption\":\"Portugal Fashion\"},\"image\":{\"@id\":\"https:\/\/portugalfashion.com\/#\/schema\/logo\/image\/\"}},{\"@type\":\"Person\",\"@id\":\"https:\/\/portugalfashion.com\/#\/schema\/person\/5c5a913b2cd594f9e7a818bd846f07f4\",\"name\":\"Portugal Fashion\",\"image\":{\"@type\":\"ImageObject\",\"inLanguage\":\"en-GB\",\"@id\":\"https:\/\/portugalfashion.com\/#\/schema\/person\/image\/\",\"url\":\"https:\/\/secure.gravatar.com\/avatar\/19ad09b6e9ee39a45adcdd5009950775897e89f8c17b880c25735c933a6d97f0?s=96&d=mm&r=g\",\"contentUrl\":\"https:\/\/secure.gravatar.com\/avatar\/19ad09b6e9ee39a45adcdd5009950775897e89f8c17b880c25735c933a6d97f0?s=96&d=mm&r=g\",\"caption\":\"Portugal Fashion\"},\"sameAs\":[\"https:\/\/portugalfashion.com\"],\"url\":\"https:\/\/portugalfashion.com\/en\/author\/portugal-fashion\/\"}]}<\/script>\n<!-- \/ Yoast SEO plugin. -->","yoast_head_json":{"title":"48\u00ba PORTUGAL FASHION: TUDO SOBRE OS APOIOS, PARCEIROS E SPONSORS DESTA EDI\u00c7\u00c3O - Portugal Fashion","robots":{"index":"index","follow":"follow","max-snippet":"max-snippet:-1","max-image-preview":"max-image-preview:large","max-video-preview":"max-video-preview:-1"},"canonical":"https:\/\/portugalfashion.com\/en\/48o-portugal-fashion-tudo-sobre-os-apoios-parceiros-e-sponsors-desta-edicao\/","og_locale":"en_GB","og_type":"article","og_title":"48\u00ba PORTUGAL FASHION: TUDO SOBRE OS APOIOS, PARCEIROS E SPONSORS DESTA EDI\u00c7\u00c3O - Portugal Fashion","og_description":"Uma edi\u00e7\u00e3o, duas datas e dois takes, marcaram a 48\u00aa edi\u00e7\u00e3o do Portugal Fashion outono-inverno 2021-22, realizado entre os dias 18 e 20 de mar\u00e7o (Take 1) e entre os dias 22 e 24 de abril (Take 2). A &#8220;The Sofa Edition\u201d contou com conte\u00fados digitais de desfiles, apresenta\u00e7\u00f5es, entrevistas, reflex\u00f5es tem\u00e1ticas, imagens de bastidores [&hellip;]","og_url":"https:\/\/portugalfashion.com\/en\/48o-portugal-fashion-tudo-sobre-os-apoios-parceiros-e-sponsors-desta-edicao\/","og_site_name":"Portugal Fashion","article_published_time":"2021-05-03T02:35:49+00:00","article_modified_time":"2021-09-23T11:04:50+00:00","og_image":[{"width":420,"height":260,"url":"https:\/\/portugalfashion.com\/wp-content\/uploads\/2021\/05\/day_14_pf_fw21-22_061_165683828760926574b56ad.jpg","type":"image\/jpeg"}],"author":"Portugal Fashion","twitter_card":"summary_large_image","twitter_misc":{"Written by":"Portugal Fashion","Est. reading time":"7 minutes"},"schema":{"@context":"https:\/\/schema.org","@graph":[{"@type":"Article","@id":"https:\/\/portugalfashion.com\/en\/48o-portugal-fashion-tudo-sobre-os-apoios-parceiros-e-sponsors-desta-edicao\/#article","isPartOf":{"@id":"https:\/\/portugalfashion.com\/en\/48o-portugal-fashion-tudo-sobre-os-apoios-parceiros-e-sponsors-desta-edicao\/"},"author":{"name":"Portugal Fashion","@id":"https:\/\/portugalfashion.com\/#\/schema\/person\/5c5a913b2cd594f9e7a818bd846f07f4"},"headline":"48\u00ba PORTUGAL FASHION: TUDO SOBRE OS APOIOS, PARCEIROS E SPONSORS DESTA EDI\u00c7\u00c3O","datePublished":"2021-05-03T02:35:49+00:00","dateModified":"2021-09-23T11:04:50+00:00","mainEntityOfPage":{"@id":"https:\/\/portugalfashion.com\/en\/48o-portugal-fashion-tudo-sobre-os-apoios-parceiros-e-sponsors-desta-edicao\/"},"wordCount":1452,"commentCount":0,"publisher":{"@id":"https:\/\/portugalfashion.com\/#organization"},"image":{"@id":"https:\/\/portugalfashion.com\/en\/48o-portugal-fashion-tudo-sobre-os-apoios-parceiros-e-sponsors-desta-edicao\/#primaryimage"},"thumbnailUrl":"https:\/\/portugalfashion.com\/wp-content\/uploads\/2021\/05\/day_14_pf_fw21-22_061_165683828760926574b56ad.jpg","articleSection":["Portugal Fashion"],"inLanguage":"en-GB","potentialAction":[{"@type":"CommentAction","name":"Comment","target":["https:\/\/portugalfashion.com\/en\/48o-portugal-fashion-tudo-sobre-os-apoios-parceiros-e-sponsors-desta-edicao\/#respond"]}]},{"@type":"WebPage","@id":"https:\/\/portugalfashion.com\/en\/48o-portugal-fashion-tudo-sobre-os-apoios-parceiros-e-sponsors-desta-edicao\/","url":"https:\/\/portugalfashion.com\/en\/48o-portugal-fashion-tudo-sobre-os-apoios-parceiros-e-sponsors-desta-edicao\/","name":"48\u00ba PORTUGAL FASHION: TUDO SOBRE OS APOIOS, PARCEIROS E SPONSORS DESTA EDI\u00c7\u00c3O - Portugal Fashion","isPartOf":{"@id":"https:\/\/portugalfashion.com\/#website"},"primaryImageOfPage":{"@id":"https:\/\/portugalfashion.com\/en\/48o-portugal-fashion-tudo-sobre-os-apoios-parceiros-e-sponsors-desta-edicao\/#primaryimage"},"image":{"@id":"https:\/\/portugalfashion.com\/en\/48o-portugal-fashion-tudo-sobre-os-apoios-parceiros-e-sponsors-desta-edicao\/#primaryimage"},"thumbnailUrl":"https:\/\/portugalfashion.com\/wp-content\/uploads\/2021\/05\/day_14_pf_fw21-22_061_165683828760926574b56ad.jpg","datePublished":"2021-05-03T02:35:49+00:00","dateModified":"2021-09-23T11:04:50+00:00","breadcrumb":{"@id":"https:\/\/portugalfashion.com\/en\/48o-portugal-fashion-tudo-sobre-os-apoios-parceiros-e-sponsors-desta-edicao\/#breadcrumb"},"inLanguage":"en-GB","potentialAction":[{"@type":"ReadAction","target":["https:\/\/portugalfashion.com\/en\/48o-portugal-fashion-tudo-sobre-os-apoios-parceiros-e-sponsors-desta-edicao\/"]}]},{"@type":"ImageObject","inLanguage":"en-GB","@id":"https:\/\/portugalfashion.com\/en\/48o-portugal-fashion-tudo-sobre-os-apoios-parceiros-e-sponsors-desta-edicao\/#primaryimage","url":"https:\/\/portugalfashion.com\/wp-content\/uploads\/2021\/05\/day_14_pf_fw21-22_061_165683828760926574b56ad.jpg","contentUrl":"https:\/\/portugalfashion.com\/wp-content\/uploads\/2021\/05\/day_14_pf_fw21-22_061_165683828760926574b56ad.jpg","width":420,"height":260},{"@type":"BreadcrumbList","@id":"https:\/\/portugalfashion.com\/en\/48o-portugal-fashion-tudo-sobre-os-apoios-parceiros-e-sponsors-desta-edicao\/#breadcrumb","itemListElement":[{"@type":"ListItem","position":1,"name":"Home","item":"https:\/\/portugalfashion.com\/"},{"@type":"ListItem","position":2,"name":"48\u00ba PORTUGAL FASHION: TUDO SOBRE OS APOIOS, PARCEIROS E SPONSORS DESTA EDI\u00c7\u00c3O"}]},{"@type":"WebSite","@id":"https:\/\/portugalfashion.com\/#website","url":"https:\/\/portugalfashion.com\/","name":"Portugal Fashion","description":"Moda e Eventos","publisher":{"@id":"https:\/\/portugalfashion.com\/#organization"},"potentialAction":[{"@type":"SearchAction","target":{"@type":"EntryPoint","urlTemplate":"https:\/\/portugalfashion.com\/?s={search_term_string}"},"query-input":{"@type":"PropertyValueSpecification","valueRequired":true,"valueName":"search_term_string"}}],"inLanguage":"en-GB"},{"@type":"Organization","@id":"https:\/\/portugalfashion.com\/#organization","name":"Portugal Fashion","url":"https:\/\/portugalfashion.com\/","logo":{"@type":"ImageObject","inLanguage":"en-GB","@id":"https:\/\/portugalfashion.com\/#\/schema\/logo\/image\/","url":"http:\/\/portugalfashion.com\/wp-content\/uploads\/2021\/08\/animated-logo-pf-black.svg","contentUrl":"http:\/\/portugalfashion.com\/wp-content\/uploads\/2021\/08\/animated-logo-pf-black.svg","width":1374,"height":670,"caption":"Portugal Fashion"},"image":{"@id":"https:\/\/portugalfashion.com\/#\/schema\/logo\/image\/"}},{"@type":"Person","@id":"https:\/\/portugalfashion.com\/#\/schema\/person\/5c5a913b2cd594f9e7a818bd846f07f4","name":"Portugal Fashion","image":{"@type":"ImageObject","inLanguage":"en-GB","@id":"https:\/\/portugalfashion.com\/#\/schema\/person\/image\/","url":"https:\/\/secure.gravatar.com\/avatar\/19ad09b6e9ee39a45adcdd5009950775897e89f8c17b880c25735c933a6d97f0?s=96&d=mm&r=g","contentUrl":"https:\/\/secure.gravatar.com\/avatar\/19ad09b6e9ee39a45adcdd5009950775897e89f8c17b880c25735c933a6d97f0?s=96&d=mm&r=g","caption":"Portugal Fashion"},"sameAs":["https:\/\/portugalfashion.com"],"url":"https:\/\/portugalfashion.com\/en\/author\/portugal-fashion\/"}]}},"_links":{"self":[{"href":"https:\/\/portugalfashion.com\/en\/wp-json\/wp\/v2\/posts\/858","targetHints":{"allow":["GET"]}}],"collection":[{"href":"https:\/\/portugalfashion.com\/en\/wp-json\/wp\/v2\/posts"}],"about":[{"href":"https:\/\/portugalfashion.com\/en\/wp-json\/wp\/v2\/types\/post"}],"author":[{"embeddable":true,"href":"https:\/\/portugalfashion.com\/en\/wp-json\/wp\/v2\/users\/5"}],"replies":[{"embeddable":true,"href":"https:\/\/portugalfashion.com\/en\/wp-json\/wp\/v2\/comments?post=858"}],"version-history":[{"count":4,"href":"https:\/\/portugalfashion.com\/en\/wp-json\/wp\/v2\/posts\/858\/revisions"}],"predecessor-version":[{"id":10016,"href":"https:\/\/portugalfashion.com\/en\/wp-json\/wp\/v2\/posts\/858\/revisions\/10016"}],"wp:featuredmedia":[{"embeddable":true,"href":"https:\/\/portugalfashion.com\/en\/wp-json\/wp\/v2\/media\/857"}],"wp:attachment":[{"href":"https:\/\/portugalfashion.com\/en\/wp-json\/wp\/v2\/media?parent=858"}],"wp:term":[{"taxonomy":"category","embeddable":true,"href":"https:\/\/portugalfashion.com\/en\/wp-json\/wp\/v2\/categories?post=858"},{"taxonomy":"post_tag","embeddable":true,"href":"https:\/\/portugalfashion.com\/en\/wp-json\/wp\/v2\/tags?post=858"}],"curies":[{"name":"wp","href":"https:\/\/api.w.org\/{rel}","templated":true}]}}