{"id":897,"date":"2020-10-16T03:18:14","date_gmt":"2020-10-16T03:18:14","guid":{"rendered":"https:\/\/portugalfashion.com\/new-portugalfashion\/?p=897"},"modified":"2021-09-23T10:38:09","modified_gmt":"2021-09-23T10:38:09","slug":"aniversarios-com-kit-solidario-para-profissionais-de-saude","status":"publish","type":"post","link":"https:\/\/portugalfashion.com\/en\/aniversarios-com-kit-solidario-para-profissionais-de-saude\/","title":{"rendered":"ANIVERS\u00c1RIOS COM KIT SOLID\u00c1RIO PARA PROFISSIONAIS DE SA\u00daDE"},"content":{"rendered":"<p>Foi h\u00e1 25 anos que Claudia Schiffer e outras\u00a0<i>top models<\/i>\u00a0internacionais inauguraram a\u00a0<i>passerelle<\/i>\u00a0do Portugal Fashion. Para assinalar este marco na moda portuguesa, e tamb\u00e9m o 10.\u00ba anivers\u00e1rio do projeto Bloom, est\u00e1 a decorrer a\u00a0<strong>venda solid\u00e1ria de um\u00a0<i>kit<\/i>\u00a0que inclui a t-shirt e o\u00a0<i>tote bag\u00a0<\/i>da 47.\u00aa edi\u00e7\u00e3o<\/strong>, desenhados pelo criador\u00a0<strong>Hugo Costa e produzidos pela<\/strong> Troficolor. A comercializa\u00e7\u00e3o da edi\u00e7\u00e3o limitada de 50\u00a0<i>kits<\/i>\u00a0\u00e9 da responsabilidade da Springkode, empresa portuguesa pioneira no\u00a0<i>e-commerce<\/i>\u00a0que liga o consumidor final a uma rede com as melhores f\u00e1bricas nacionais de confe\u00e7\u00e3o.\u00a0<a href=\"http:\/\/www.springkode.com\/product\/talent-t-shirt-tote-bag\/?v=pt\" target=\"_blank\" rel=\"noopener\">Dispon\u00edvel aqui!<\/a><\/p>\n<p>Refira-se que, muito recentemente, o Portugal Fashion e a Springkode firmaram uma parceria para promoverem a sustentabilidade da moda portuguesa, princ\u00edpio que enformou o primeiro projeto conjunto, j\u00e1 conclu\u00eddo &#8211; a c\u00e1psula &#8220;Vis\u00e3o\u201d, uma cole\u00e7\u00e3o 100% europeia, rastre\u00e1vel e transparente, desenhada pela designer Katty Xiomara com algod\u00e3o cultivado na Gr\u00e9cia.<\/p>\n<p>A receita da comercializa\u00e7\u00e3o dos\u00a0<i>kits<\/i>\u00a0reverter\u00e1 a favor da M\u00e9dicos Sem Fronteiras, numa simb\u00f3lica homenagem aos profissionais de sa\u00fade,\u00a0<strong>&#8220;que t\u00eam sido uns verdadeiros her\u00f3is no combate \u00e0 pandemia\u201d<\/strong>, considera a diretora do Portugal Fashion, M\u00f3nica Neto. <strong>&#8220;\u00c9 uma ajuda simb\u00f3lica, que reflete o nosso agradecimento ao extraordin\u00e1rio esfor\u00e7o de m\u00e9dicos, enfermeiros, assistentes t\u00e9cnicos e assistentes operacionais. No atual contexto, trata-se de uma excelente forma de celebrarmos os 25 anos do Portugal Fashion e os 10 anos do Bloom\u201d<\/strong>, acrescenta a respons\u00e1vel.<\/p>\n<p><strong>25 anos na moda e para a moda<\/strong><\/p>\n<p>A primeira edi\u00e7\u00e3o do Portugal Fashion teve lugar entre 27 e 29 de julho de 1995, na rec\u00e9m-inaugurada sede nacional da ANJE, promotora do evento, no Porto. Al\u00e9m dos desfiles com criadores portugueses consagrados e\u00a0<i>top models<\/i>\u00a0internacionais, o programa inaugural propunha uma confer\u00eancia, uma apresenta\u00e7\u00e3o de vestu\u00e1rio infantil, momentos musicais e uma homenagem a Franco Moschino.<\/p>\n<p>Entre os participantes, contavam-se nomes hoje t\u00e3o consensuais como os dos criadores Jos\u00e9 Ant\u00f3nio Tenente, Nuno Gama, Maria Gambina, Lu\u00eds Buchinho, J\u00falio Torcato ou Jos\u00e9 Carlos. E para valorizar as cole\u00e7\u00f5es destes criadores,\u00a0<i>top models<\/i>\u00a0internacionais como Claudia Schiffer, Elle Macpherson, Carla Bruni e Helena Christiansen desfilaram perante o muito p\u00fablico presente e jornalistas de v\u00e1rios pa\u00edses.<\/p>\n<p>Ao longo dos \u00faltimos 25 anos, o evento evoluiu bastante quer ao n\u00edvel da organiza\u00e7\u00e3o, quer ao n\u00edvel do conceito. Em termos organizativos, o Portugal Fashion disp\u00f5e hoje de uma muito maior capacidade humana, t\u00e9cnica, tecnol\u00f3gica e log\u00edstica. Por isso se verificaram, nos \u00faltimos anos, significativas melhorias na produ\u00e7\u00e3o dos desfiles, na decora\u00e7\u00e3o dos espa\u00e7os c\u00e9nicos e zonas sociais, no funcionamento dos bastidores, na organiza\u00e7\u00e3o log\u00edstica, na efici\u00eancia do\u00a0<i>staff<\/i>, na acomoda\u00e7\u00e3o do p\u00fablico e na comunica\u00e7\u00e3o externa.<\/p>\n<p>Em termos conceptuais, o Portugal Fashion abarca agora todos os sectores da fileira moda (vestu\u00e1rio, cal\u00e7ado, joias e acess\u00f3rios) e todas as suas vertentes (moda de autor, linhas mais comerciais e pronto-a-vestir). Por outro lado, s\u00e3o dadas a criadores e marcas melhores condi\u00e7\u00f5es para se expressarem comercial e esteticamente, seja em desfiles individuais, seja em performances ou apresenta\u00e7\u00f5es. Acresce que os jovens designers merecem, atualmente, maior aten\u00e7\u00e3o e gozam de um calend\u00e1rio pr\u00f3prio para mostrar as suas cole\u00e7\u00f5es \u2013 o Bloom. Por fim, a voca\u00e7\u00e3o empresarial do Portugal Fashion est\u00e1 bem presente no BRAND UP, um espa\u00e7o de exposi\u00e7\u00e3o comercial que \u00e9 simultaneamente um showroom e um mercado urbano.<\/p>\n<p>O Portugal Fashion tornou-se um dos maiores eventos de moda da Pen\u00ednsula Ib\u00e9rica e promoveu as cria\u00e7\u00f5es portuguesas nas mais consagradas\u00a0<i>passerelles<\/i>\u00a0do mundo. Nestes 25 anos, o Portugal Fashion dinamizou a rela\u00e7\u00e3o entre a produ\u00e7\u00e3o e a cria\u00e7\u00e3o de moda, apoiou a internacionaliza\u00e7\u00e3o de criadores e marcas, lan\u00e7ou jovens designers de talento e promoveu o nosso pronto-a-vestir em showrooms internacionais. Deste modo, o evento contribuiu decisivamente para a mudan\u00e7a do paradigma de desenvolvimento da fileira moda portuguesa.<\/p>\n<p><strong>Quase 2.000 cole\u00e7\u00f5es apresentadas<\/strong><\/p>\n<p>Em 25 anos, o Portugal Fashion apresentou, nacional e internacionalmente, 1.986 cole\u00e7\u00f5es de 171 criadores (nacionais e internacionais, consagrados e jovens designers) e de 143 marcas (vestu\u00e1rio, cal\u00e7ado e joias). O n\u00famero de apresenta\u00e7\u00f5es nacionais ascende a 1.601, tendo os desfiles das 46 edi\u00e7\u00f5es se repartido pelas cidades da Figueira da Foz, Funchal, Lisboa, Portim\u00e3o, Porto e Vila Nova de Gaia\u00a0*.<\/p>\n<p>A n\u00edvel internacional foram realizadas 389 apresenta\u00e7\u00f5es de marcas e criadores, sendo de assinalar que o Portugal Fashion j\u00e1 produziu desfiles em eventos nas cidades de Barcelona, Bilbao, Istambul, Kuala Lumpur, Londres, Madrid, Maputo, Mil\u00e3o, Nova Iorque, Paris, Roma, S\u00e3o Paulo e Viena. O Portugal Fashion esteve, de resto, presente nas quatro mais importantes semanas da moda mundiais: Londres, Mil\u00e3o, Nova Iorque e Paris.<\/p>\n<p><strong>81\u00a0<i>bloomers<\/i>\u00a0em 10 anos<\/strong><\/p>\n<p>O Portugal Fashion tem j\u00e1 um longo historial de concursos dirigidos a jovens criadores, desde o Programa Alian\u00e7a, lan\u00e7ado em 2004. Ali\u00e1s, a descoberta, apoio e promo\u00e7\u00e3o de novos talentos da moda \u00e9 um dos grandes objetivos do Portugal Fashion, que em outubro de 2010, na sua 27.\u00aa edi\u00e7\u00e3o, criou, para o efeito, o projeto Bloom.<\/p>\n<p>Desde ent\u00e3o, o Bloom j\u00e1 possibilitou a apresenta\u00e7\u00e3o de cole\u00e7\u00f5es a 81 jovens criadores e marcas e a 163 alunos de oito escolas de moda. Alguns\u00a0<i>bloomers<\/i>\u00a0t\u00eam participado em desfiles e showrooms internacionais com o apoio do Portugal Fashion ou do seu projeto comercial complementar, o Next Step, marcando assim presen\u00e7a em importantes certames de moda de Londres, Paris, Mil\u00e3o, Viena, Copenhaga, Roma ou Madrid, por exemplo.<\/p>\n<p>De resto, n\u00e3o faltam exemplos de jovens criadores que, depois do tiroc\u00ednio no Bloom, consolidaram as suas carreiras e hoje pontificam no calend\u00e1rio principal do Portugal Fashion, como se verifica, nesta 47.\u00aa edi\u00e7\u00e3o, com David Catal\u00e1n, Estelita Mendon\u00e7a, Hugo Costa, In\u00eas Torcato e Susana Bettencourt.<\/p>\n<p>&nbsp;<\/p>\n<p><strong>*\u00a0Estes n\u00fameros n\u00e3o consideram a 46.\u00aa edi\u00e7\u00e3o do evento, em mar\u00e7o \u00faltimo, que foi interrompida devido \u00e0 pandemia de covid-19.<\/strong><\/p>","protected":false},"excerpt":{"rendered":"<p>Foi h\u00e1 25 anos que Claudia Schiffer e outras\u00a0top models\u00a0internacionais inauguraram a\u00a0passerelle\u00a0do Portugal Fashion. Para assinalar este marco na moda portuguesa, e tamb\u00e9m o 10.\u00ba anivers\u00e1rio do projeto Bloom, est\u00e1 a decorrer a\u00a0venda solid\u00e1ria de um\u00a0kit\u00a0que inclui a t-shirt e o\u00a0tote bag\u00a0da 47.\u00aa edi\u00e7\u00e3o, desenhados pelo criador\u00a0Hugo Costa e produzidos pela Troficolor. A comercializa\u00e7\u00e3o da [&hellip;]<\/p>","protected":false},"author":5,"featured_media":900,"comment_status":"open","ping_status":"open","sticky":false,"template":"","format":"standard","meta":{"_acf_changed":false,"_monsterinsights_skip_tracking":false,"_monsterinsights_sitenote_active":false,"_monsterinsights_sitenote_note":"","_monsterinsights_sitenote_category":0,"footnotes":""},"categories":[22,20],"tags":[],"class_list":["post-897","post","type-post","status-publish","format-standard","has-post-thumbnail","hentry","category-bloom-pt","category-portugal-fashion-pt"],"acf":[],"yoast_head":"<!-- This site is optimized with the Yoast SEO plugin v24.2 - https:\/\/yoast.com\/wordpress\/plugins\/seo\/ -->\n<title>ANIVERS\u00c1RIOS COM KIT SOLID\u00c1RIO PARA PROFISSIONAIS DE SA\u00daDE - Portugal Fashion<\/title>\n<meta name=\"robots\" content=\"index, follow, max-snippet:-1, max-image-preview:large, max-video-preview:-1\" \/>\n<link rel=\"canonical\" href=\"https:\/\/portugalfashion.com\/en\/aniversarios-com-kit-solidario-para-profissionais-de-saude\/\" \/>\n<meta property=\"og:locale\" content=\"en_GB\" \/>\n<meta property=\"og:type\" content=\"article\" \/>\n<meta property=\"og:title\" content=\"ANIVERS\u00c1RIOS COM KIT SOLID\u00c1RIO PARA PROFISSIONAIS DE SA\u00daDE - Portugal Fashion\" \/>\n<meta property=\"og:description\" content=\"Foi h\u00e1 25 anos que Claudia Schiffer e outras\u00a0top models\u00a0internacionais inauguraram a\u00a0passerelle\u00a0do Portugal Fashion. Para assinalar este marco na moda portuguesa, e tamb\u00e9m o 10.\u00ba anivers\u00e1rio do projeto Bloom, est\u00e1 a decorrer a\u00a0venda solid\u00e1ria de um\u00a0kit\u00a0que inclui a t-shirt e o\u00a0tote bag\u00a0da 47.\u00aa edi\u00e7\u00e3o, desenhados pelo criador\u00a0Hugo Costa e produzidos pela Troficolor. A comercializa\u00e7\u00e3o da [&hellip;]\" \/>\n<meta property=\"og:url\" content=\"https:\/\/portugalfashion.com\/en\/aniversarios-com-kit-solidario-para-profissionais-de-saude\/\" \/>\n<meta property=\"og:site_name\" content=\"Portugal Fashion\" \/>\n<meta property=\"article:published_time\" content=\"2020-10-16T03:18:14+00:00\" \/>\n<meta property=\"article:modified_time\" content=\"2021-09-23T10:38:09+00:00\" \/>\n<meta property=\"og:image\" content=\"https:\/\/portugalfashion.com\/wp-content\/uploads\/2021\/08\/troficolor_s_1095369375f89731a58e53.jpg\" \/>\n\t<meta property=\"og:image:width\" content=\"420\" \/>\n\t<meta property=\"og:image:height\" content=\"260\" \/>\n\t<meta property=\"og:image:type\" content=\"image\/jpeg\" \/>\n<meta name=\"author\" content=\"Portugal Fashion\" \/>\n<meta name=\"twitter:card\" content=\"summary_large_image\" \/>\n<meta name=\"twitter:label1\" content=\"Written by\" \/>\n\t<meta name=\"twitter:data1\" content=\"Portugal Fashion\" \/>\n\t<meta name=\"twitter:label2\" content=\"Est. reading time\" \/>\n\t<meta name=\"twitter:data2\" content=\"5 minutes\" \/>\n<script type=\"application\/ld+json\" class=\"yoast-schema-graph\">{\"@context\":\"https:\/\/schema.org\",\"@graph\":[{\"@type\":\"Article\",\"@id\":\"https:\/\/portugalfashion.com\/en\/aniversarios-com-kit-solidario-para-profissionais-de-saude\/#article\",\"isPartOf\":{\"@id\":\"https:\/\/portugalfashion.com\/en\/aniversarios-com-kit-solidario-para-profissionais-de-saude\/\"},\"author\":{\"name\":\"Portugal Fashion\",\"@id\":\"https:\/\/portugalfashion.com\/#\/schema\/person\/5c5a913b2cd594f9e7a818bd846f07f4\"},\"headline\":\"ANIVERS\u00c1RIOS COM KIT SOLID\u00c1RIO PARA PROFISSIONAIS DE SA\u00daDE\",\"datePublished\":\"2020-10-16T03:18:14+00:00\",\"dateModified\":\"2021-09-23T10:38:09+00:00\",\"mainEntityOfPage\":{\"@id\":\"https:\/\/portugalfashion.com\/en\/aniversarios-com-kit-solidario-para-profissionais-de-saude\/\"},\"wordCount\":1033,\"commentCount\":0,\"publisher\":{\"@id\":\"https:\/\/portugalfashion.com\/#organization\"},\"image\":{\"@id\":\"https:\/\/portugalfashion.com\/en\/aniversarios-com-kit-solidario-para-profissionais-de-saude\/#primaryimage\"},\"thumbnailUrl\":\"https:\/\/portugalfashion.com\/wp-content\/uploads\/2021\/08\/troficolor_s_1095369375f89731a58e53.jpg\",\"articleSection\":[\"Bloom\",\"Portugal Fashion\"],\"inLanguage\":\"en-GB\",\"potentialAction\":[{\"@type\":\"CommentAction\",\"name\":\"Comment\",\"target\":[\"https:\/\/portugalfashion.com\/en\/aniversarios-com-kit-solidario-para-profissionais-de-saude\/#respond\"]}]},{\"@type\":\"WebPage\",\"@id\":\"https:\/\/portugalfashion.com\/en\/aniversarios-com-kit-solidario-para-profissionais-de-saude\/\",\"url\":\"https:\/\/portugalfashion.com\/en\/aniversarios-com-kit-solidario-para-profissionais-de-saude\/\",\"name\":\"ANIVERS\u00c1RIOS COM KIT SOLID\u00c1RIO PARA PROFISSIONAIS DE SA\u00daDE - Portugal Fashion\",\"isPartOf\":{\"@id\":\"https:\/\/portugalfashion.com\/#website\"},\"primaryImageOfPage\":{\"@id\":\"https:\/\/portugalfashion.com\/en\/aniversarios-com-kit-solidario-para-profissionais-de-saude\/#primaryimage\"},\"image\":{\"@id\":\"https:\/\/portugalfashion.com\/en\/aniversarios-com-kit-solidario-para-profissionais-de-saude\/#primaryimage\"},\"thumbnailUrl\":\"https:\/\/portugalfashion.com\/wp-content\/uploads\/2021\/08\/troficolor_s_1095369375f89731a58e53.jpg\",\"datePublished\":\"2020-10-16T03:18:14+00:00\",\"dateModified\":\"2021-09-23T10:38:09+00:00\",\"breadcrumb\":{\"@id\":\"https:\/\/portugalfashion.com\/en\/aniversarios-com-kit-solidario-para-profissionais-de-saude\/#breadcrumb\"},\"inLanguage\":\"en-GB\",\"potentialAction\":[{\"@type\":\"ReadAction\",\"target\":[\"https:\/\/portugalfashion.com\/en\/aniversarios-com-kit-solidario-para-profissionais-de-saude\/\"]}]},{\"@type\":\"ImageObject\",\"inLanguage\":\"en-GB\",\"@id\":\"https:\/\/portugalfashion.com\/en\/aniversarios-com-kit-solidario-para-profissionais-de-saude\/#primaryimage\",\"url\":\"https:\/\/portugalfashion.com\/wp-content\/uploads\/2021\/08\/troficolor_s_1095369375f89731a58e53.jpg\",\"contentUrl\":\"https:\/\/portugalfashion.com\/wp-content\/uploads\/2021\/08\/troficolor_s_1095369375f89731a58e53.jpg\",\"width\":420,\"height\":260},{\"@type\":\"BreadcrumbList\",\"@id\":\"https:\/\/portugalfashion.com\/en\/aniversarios-com-kit-solidario-para-profissionais-de-saude\/#breadcrumb\",\"itemListElement\":[{\"@type\":\"ListItem\",\"position\":1,\"name\":\"Home\",\"item\":\"https:\/\/portugalfashion.com\/\"},{\"@type\":\"ListItem\",\"position\":2,\"name\":\"ANIVERS\u00c1RIOS COM KIT SOLID\u00c1RIO PARA PROFISSIONAIS DE SA\u00daDE\"}]},{\"@type\":\"WebSite\",\"@id\":\"https:\/\/portugalfashion.com\/#website\",\"url\":\"https:\/\/portugalfashion.com\/\",\"name\":\"Portugal Fashion\",\"description\":\"Moda e Eventos\",\"publisher\":{\"@id\":\"https:\/\/portugalfashion.com\/#organization\"},\"potentialAction\":[{\"@type\":\"SearchAction\",\"target\":{\"@type\":\"EntryPoint\",\"urlTemplate\":\"https:\/\/portugalfashion.com\/?s={search_term_string}\"},\"query-input\":{\"@type\":\"PropertyValueSpecification\",\"valueRequired\":true,\"valueName\":\"search_term_string\"}}],\"inLanguage\":\"en-GB\"},{\"@type\":\"Organization\",\"@id\":\"https:\/\/portugalfashion.com\/#organization\",\"name\":\"Portugal Fashion\",\"url\":\"https:\/\/portugalfashion.com\/\",\"logo\":{\"@type\":\"ImageObject\",\"inLanguage\":\"en-GB\",\"@id\":\"https:\/\/portugalfashion.com\/#\/schema\/logo\/image\/\",\"url\":\"http:\/\/portugalfashion.com\/wp-content\/uploads\/2021\/08\/animated-logo-pf-black.svg\",\"contentUrl\":\"http:\/\/portugalfashion.com\/wp-content\/uploads\/2021\/08\/animated-logo-pf-black.svg\",\"width\":1374,\"height\":670,\"caption\":\"Portugal Fashion\"},\"image\":{\"@id\":\"https:\/\/portugalfashion.com\/#\/schema\/logo\/image\/\"}},{\"@type\":\"Person\",\"@id\":\"https:\/\/portugalfashion.com\/#\/schema\/person\/5c5a913b2cd594f9e7a818bd846f07f4\",\"name\":\"Portugal Fashion\",\"image\":{\"@type\":\"ImageObject\",\"inLanguage\":\"en-GB\",\"@id\":\"https:\/\/portugalfashion.com\/#\/schema\/person\/image\/\",\"url\":\"https:\/\/secure.gravatar.com\/avatar\/19ad09b6e9ee39a45adcdd5009950775897e89f8c17b880c25735c933a6d97f0?s=96&d=mm&r=g\",\"contentUrl\":\"https:\/\/secure.gravatar.com\/avatar\/19ad09b6e9ee39a45adcdd5009950775897e89f8c17b880c25735c933a6d97f0?s=96&d=mm&r=g\",\"caption\":\"Portugal Fashion\"},\"sameAs\":[\"https:\/\/portugalfashion.com\"],\"url\":\"https:\/\/portugalfashion.com\/en\/author\/portugal-fashion\/\"}]}<\/script>\n<!-- \/ Yoast SEO plugin. -->","yoast_head_json":{"title":"ANIVERS\u00c1RIOS COM KIT SOLID\u00c1RIO PARA PROFISSIONAIS DE SA\u00daDE - Portugal Fashion","robots":{"index":"index","follow":"follow","max-snippet":"max-snippet:-1","max-image-preview":"max-image-preview:large","max-video-preview":"max-video-preview:-1"},"canonical":"https:\/\/portugalfashion.com\/en\/aniversarios-com-kit-solidario-para-profissionais-de-saude\/","og_locale":"en_GB","og_type":"article","og_title":"ANIVERS\u00c1RIOS COM KIT SOLID\u00c1RIO PARA PROFISSIONAIS DE SA\u00daDE - Portugal Fashion","og_description":"Foi h\u00e1 25 anos que Claudia Schiffer e outras\u00a0top models\u00a0internacionais inauguraram a\u00a0passerelle\u00a0do Portugal Fashion. Para assinalar este marco na moda portuguesa, e tamb\u00e9m o 10.\u00ba anivers\u00e1rio do projeto Bloom, est\u00e1 a decorrer a\u00a0venda solid\u00e1ria de um\u00a0kit\u00a0que inclui a t-shirt e o\u00a0tote bag\u00a0da 47.\u00aa edi\u00e7\u00e3o, desenhados pelo criador\u00a0Hugo Costa e produzidos pela Troficolor. A comercializa\u00e7\u00e3o da [&hellip;]","og_url":"https:\/\/portugalfashion.com\/en\/aniversarios-com-kit-solidario-para-profissionais-de-saude\/","og_site_name":"Portugal Fashion","article_published_time":"2020-10-16T03:18:14+00:00","article_modified_time":"2021-09-23T10:38:09+00:00","og_image":[{"width":420,"height":260,"url":"https:\/\/portugalfashion.com\/wp-content\/uploads\/2021\/08\/troficolor_s_1095369375f89731a58e53.jpg","type":"image\/jpeg"}],"author":"Portugal Fashion","twitter_card":"summary_large_image","twitter_misc":{"Written by":"Portugal Fashion","Est. reading time":"5 minutes"},"schema":{"@context":"https:\/\/schema.org","@graph":[{"@type":"Article","@id":"https:\/\/portugalfashion.com\/en\/aniversarios-com-kit-solidario-para-profissionais-de-saude\/#article","isPartOf":{"@id":"https:\/\/portugalfashion.com\/en\/aniversarios-com-kit-solidario-para-profissionais-de-saude\/"},"author":{"name":"Portugal Fashion","@id":"https:\/\/portugalfashion.com\/#\/schema\/person\/5c5a913b2cd594f9e7a818bd846f07f4"},"headline":"ANIVERS\u00c1RIOS COM KIT SOLID\u00c1RIO PARA PROFISSIONAIS DE SA\u00daDE","datePublished":"2020-10-16T03:18:14+00:00","dateModified":"2021-09-23T10:38:09+00:00","mainEntityOfPage":{"@id":"https:\/\/portugalfashion.com\/en\/aniversarios-com-kit-solidario-para-profissionais-de-saude\/"},"wordCount":1033,"commentCount":0,"publisher":{"@id":"https:\/\/portugalfashion.com\/#organization"},"image":{"@id":"https:\/\/portugalfashion.com\/en\/aniversarios-com-kit-solidario-para-profissionais-de-saude\/#primaryimage"},"thumbnailUrl":"https:\/\/portugalfashion.com\/wp-content\/uploads\/2021\/08\/troficolor_s_1095369375f89731a58e53.jpg","articleSection":["Bloom","Portugal Fashion"],"inLanguage":"en-GB","potentialAction":[{"@type":"CommentAction","name":"Comment","target":["https:\/\/portugalfashion.com\/en\/aniversarios-com-kit-solidario-para-profissionais-de-saude\/#respond"]}]},{"@type":"WebPage","@id":"https:\/\/portugalfashion.com\/en\/aniversarios-com-kit-solidario-para-profissionais-de-saude\/","url":"https:\/\/portugalfashion.com\/en\/aniversarios-com-kit-solidario-para-profissionais-de-saude\/","name":"ANIVERS\u00c1RIOS COM KIT SOLID\u00c1RIO PARA PROFISSIONAIS DE SA\u00daDE - Portugal Fashion","isPartOf":{"@id":"https:\/\/portugalfashion.com\/#website"},"primaryImageOfPage":{"@id":"https:\/\/portugalfashion.com\/en\/aniversarios-com-kit-solidario-para-profissionais-de-saude\/#primaryimage"},"image":{"@id":"https:\/\/portugalfashion.com\/en\/aniversarios-com-kit-solidario-para-profissionais-de-saude\/#primaryimage"},"thumbnailUrl":"https:\/\/portugalfashion.com\/wp-content\/uploads\/2021\/08\/troficolor_s_1095369375f89731a58e53.jpg","datePublished":"2020-10-16T03:18:14+00:00","dateModified":"2021-09-23T10:38:09+00:00","breadcrumb":{"@id":"https:\/\/portugalfashion.com\/en\/aniversarios-com-kit-solidario-para-profissionais-de-saude\/#breadcrumb"},"inLanguage":"en-GB","potentialAction":[{"@type":"ReadAction","target":["https:\/\/portugalfashion.com\/en\/aniversarios-com-kit-solidario-para-profissionais-de-saude\/"]}]},{"@type":"ImageObject","inLanguage":"en-GB","@id":"https:\/\/portugalfashion.com\/en\/aniversarios-com-kit-solidario-para-profissionais-de-saude\/#primaryimage","url":"https:\/\/portugalfashion.com\/wp-content\/uploads\/2021\/08\/troficolor_s_1095369375f89731a58e53.jpg","contentUrl":"https:\/\/portugalfashion.com\/wp-content\/uploads\/2021\/08\/troficolor_s_1095369375f89731a58e53.jpg","width":420,"height":260},{"@type":"BreadcrumbList","@id":"https:\/\/portugalfashion.com\/en\/aniversarios-com-kit-solidario-para-profissionais-de-saude\/#breadcrumb","itemListElement":[{"@type":"ListItem","position":1,"name":"Home","item":"https:\/\/portugalfashion.com\/"},{"@type":"ListItem","position":2,"name":"ANIVERS\u00c1RIOS COM KIT SOLID\u00c1RIO PARA PROFISSIONAIS DE SA\u00daDE"}]},{"@type":"WebSite","@id":"https:\/\/portugalfashion.com\/#website","url":"https:\/\/portugalfashion.com\/","name":"Portugal Fashion","description":"Moda e Eventos","publisher":{"@id":"https:\/\/portugalfashion.com\/#organization"},"potentialAction":[{"@type":"SearchAction","target":{"@type":"EntryPoint","urlTemplate":"https:\/\/portugalfashion.com\/?s={search_term_string}"},"query-input":{"@type":"PropertyValueSpecification","valueRequired":true,"valueName":"search_term_string"}}],"inLanguage":"en-GB"},{"@type":"Organization","@id":"https:\/\/portugalfashion.com\/#organization","name":"Portugal Fashion","url":"https:\/\/portugalfashion.com\/","logo":{"@type":"ImageObject","inLanguage":"en-GB","@id":"https:\/\/portugalfashion.com\/#\/schema\/logo\/image\/","url":"http:\/\/portugalfashion.com\/wp-content\/uploads\/2021\/08\/animated-logo-pf-black.svg","contentUrl":"http:\/\/portugalfashion.com\/wp-content\/uploads\/2021\/08\/animated-logo-pf-black.svg","width":1374,"height":670,"caption":"Portugal Fashion"},"image":{"@id":"https:\/\/portugalfashion.com\/#\/schema\/logo\/image\/"}},{"@type":"Person","@id":"https:\/\/portugalfashion.com\/#\/schema\/person\/5c5a913b2cd594f9e7a818bd846f07f4","name":"Portugal Fashion","image":{"@type":"ImageObject","inLanguage":"en-GB","@id":"https:\/\/portugalfashion.com\/#\/schema\/person\/image\/","url":"https:\/\/secure.gravatar.com\/avatar\/19ad09b6e9ee39a45adcdd5009950775897e89f8c17b880c25735c933a6d97f0?s=96&d=mm&r=g","contentUrl":"https:\/\/secure.gravatar.com\/avatar\/19ad09b6e9ee39a45adcdd5009950775897e89f8c17b880c25735c933a6d97f0?s=96&d=mm&r=g","caption":"Portugal Fashion"},"sameAs":["https:\/\/portugalfashion.com"],"url":"https:\/\/portugalfashion.com\/en\/author\/portugal-fashion\/"}]}},"_links":{"self":[{"href":"https:\/\/portugalfashion.com\/en\/wp-json\/wp\/v2\/posts\/897","targetHints":{"allow":["GET"]}}],"collection":[{"href":"https:\/\/portugalfashion.com\/en\/wp-json\/wp\/v2\/posts"}],"about":[{"href":"https:\/\/portugalfashion.com\/en\/wp-json\/wp\/v2\/types\/post"}],"author":[{"embeddable":true,"href":"https:\/\/portugalfashion.com\/en\/wp-json\/wp\/v2\/users\/5"}],"replies":[{"embeddable":true,"href":"https:\/\/portugalfashion.com\/en\/wp-json\/wp\/v2\/comments?post=897"}],"version-history":[{"count":3,"href":"https:\/\/portugalfashion.com\/en\/wp-json\/wp\/v2\/posts\/897\/revisions"}],"predecessor-version":[{"id":10045,"href":"https:\/\/portugalfashion.com\/en\/wp-json\/wp\/v2\/posts\/897\/revisions\/10045"}],"wp:featuredmedia":[{"embeddable":true,"href":"https:\/\/portugalfashion.com\/en\/wp-json\/wp\/v2\/media\/900"}],"wp:attachment":[{"href":"https:\/\/portugalfashion.com\/en\/wp-json\/wp\/v2\/media?parent=897"}],"wp:term":[{"taxonomy":"category","embeddable":true,"href":"https:\/\/portugalfashion.com\/en\/wp-json\/wp\/v2\/categories?post=897"},{"taxonomy":"post_tag","embeddable":true,"href":"https:\/\/portugalfashion.com\/en\/wp-json\/wp\/v2\/tags?post=897"}],"curies":[{"name":"wp","href":"https:\/\/api.w.org\/{rel}","templated":true}]}}