{"id":910,"date":"2020-10-15T03:30:59","date_gmt":"2020-10-15T03:30:59","guid":{"rendered":"https:\/\/portugalfashion.com\/new-portugalfashion\/?p=910"},"modified":"2021-09-18T23:19:04","modified_gmt":"2021-09-18T23:19:04","slug":"desfiles-diarios-de-jovens-designers-e-final-do-concurso-bloom-consolidam-aposta-em-novos-talentos","status":"publish","type":"post","link":"https:\/\/portugalfashion.com\/en\/desfiles-diarios-de-jovens-designers-e-final-do-concurso-bloom-consolidam-aposta-em-novos-talentos\/","title":{"rendered":"DESFILES DI\u00c1RIOS DE JOVENS DESIGNERS E FINAL DO CONCURSO BLOOM CONSOLIDAM APOSTA EM NOVOS TALENTOS"},"content":{"rendered":"<p align=\"center\">O calend\u00e1rio do Portugal Fashion volta, nesta 47.\u00aa edi\u00e7\u00e3o, a ter uma forte presen\u00e7a de jovens designers no quadro do projeto Bloom, dedicado \u00e0 promo\u00e7\u00e3o e apoio a novos talentos da moda portuguesa. Nos tr\u00eas dias do evento haver\u00e1 sete desfiles com criadores e marcas ainda em fase de desenvolvimento criativo, sob a coordena\u00e7\u00e3o do designer e professor de moda, Paulo Cravo.<\/p>\n<p>Na quinta-feira, dia 15,\u00a0<strong>Jo\u00e3o Sousa, ARIEIV, 09. V\u00edrus e Carolina Sobral<\/strong>\u00a0revelam as suas novas cria\u00e7\u00f5es. No dia seguinte ser\u00e1 a vez de\u00a0<strong>Maria Meira, Unflower e Rita S\u00e1\u00a0<\/strong>tomarem a\u00a0<i>passerelle\u00a0<\/i>com os seus coordenados.<\/p>\n<p>No s\u00e1bado, dia 17, o\u00a0<strong>Concurso Bloom\u00a0<i>powered by<\/i>\u00a0Sonae Fashion<\/strong>\u00a0vai finalmente ter lugar, depois de ter sido suspenso em mar\u00e7o na 46.\u00aa edi\u00e7\u00e3o do Portugal Fashion, devido ao agravamento da situa\u00e7\u00e3o epid\u00e9mica. S\u00e3o, ent\u00e3o, conhecidos os dois vencedores desta competi\u00e7\u00e3o disputada por jovens designers de moda. A decis\u00e3o do j\u00fari \u00e9 revelada e os pr\u00e9mios entregues ap\u00f3s o desfile com os oito candidatos finalistas <strong>(AHCOR, Huarte, Kensal, Luis Bisanti, Marcelo Almiscarado, Maria Carlos Baptista, Rita Ibs e VAA Barros)<\/strong>, agendado para as 17h00. Importa referir que o desfile do Concurso Bloom foi gravado em v\u00eddeo e ser\u00e1 projetado numa sala preparada para o efeito, al\u00e9m de ter transmiss\u00e3o em\u00a0<i>live streaming<\/i>.<\/p>\n<p>Pela primeira vez com o apoio da Sonae Fashion, o Concurso Bloom \u00e9 uma competi\u00e7\u00e3o aberta a jovens designers de moda, tendo em vista a sua forma\u00e7\u00e3o profissional, a sua promo\u00e7\u00e3o p\u00fablica e a sua integra\u00e7\u00e3o no mercado de trabalho. Aos oito finalistas do concurso \u00e9 dada a oportunidade de apresentarem cria\u00e7\u00f5es suas no Portugal Fashion, como acontecer\u00e1 nesta 47.\u00ba edi\u00e7\u00e3o do evento. J\u00e1 os dois vencedores recebem, cada um, 4.000 euros para desenvolverem cole\u00e7\u00f5es para as pr\u00f3ximas esta\u00e7\u00f5es outono\/inverno e primavera\/ver\u00e3o. Cole\u00e7\u00f5es, essas, que ser\u00e3o apresentadas nas 48 e 49.\u00aas edi\u00e7\u00f5es do Portugal Fashion, em mar\u00e7o e outubro de 2021.<\/p>\n<p>Os vencedores do Concurso Bloom v\u00e3o ainda realizar um est\u00e1gio remunerado de nove meses (no valor global aproximado de 6 mil euros) nas marcas do portef\u00f3lio da Sonae Fashion (Salsa, Zippy, MO e Losan) e podem apresentar \u00e0 incubadora da empresa, o Fashion Lab, um projeto de lan\u00e7amento de uma nova marca. A Sonae Fashion atribui tamb\u00e9m uma men\u00e7\u00e3o honrosa, com um pr\u00e9mio pecuni\u00e1rio de 1.000 euros, ao melhor coordenado. Al\u00e9m disso, uma das marcas da Sonae Fashion poder\u00e1 adaptar e comercializar esse mesmo coordenado vencedor.<\/p>\n<p><strong>&#8220;\u00c9, sem d\u00favida, uma experi\u00eancia formativa e profissional bastante enriquecedora para os jovens finalistas. O Concurso Bloom d\u00e1-lhes acesso a um grande evento de moda, onde n\u00e3o s\u00f3 ganham visibilidade p\u00fablica como ficam a conhecer toda a din\u00e2mica dos bastidores e da produ\u00e7\u00e3o de desfiles\u201d<\/strong>, salienta a diretora do Portugal Fashion, M\u00f3nica Neto.\u00a0<strong>&#8220;A experi\u00eancia \u00e9 ainda mais enriquecedora para os vencedores, a quem s\u00e3o atribu\u00eddos recursos para desenvolverem novas cole\u00e7\u00f5es e poderem apresent\u00e1-las em desfile em pr\u00f3ximas edi\u00e7\u00f5es do Portugal Fashion\u201d<\/strong>, diz ainda a mesma respons\u00e1vel.<\/p>\n<p><strong>&#8220;Mas o Concurso Bloom n\u00e3o \u00e9 s\u00f3 um instrumento de descoberta de novos talentos, o que j\u00e1 seria extraordin\u00e1rio. Gra\u00e7as ao apoio da Sonae Fashion, o certame \u00e9 tamb\u00e9m uma via para a integra\u00e7\u00e3o profissional de jovens designers. A parceria do Portugal Fashion com a Sonae Fashion facilita o acesso dos criadores concorrentes ao mercado de trabalho, atrav\u00e9s das marcas de retalho que o grupo Sonae tem no sector nacional do vestu\u00e1rio\u201d<\/strong>, acrescenta M\u00f3nica Neto.<\/p>\n<p>Importa referir que, durante o desfile do\u00a0<strong>Concurso Bloom\u00a0<i>powered by<\/i>\u00a0Sonae Fashion<\/strong>, os oito finalistas v\u00e3o ser sujeitos \u00e0 aprecia\u00e7\u00e3o de um j\u00fari presidido pelo empres\u00e1rio Manuel Serr\u00e3o e que \u00e9 ainda composto pelos criadores Marques\u2019Almeida (designer\/marca internacional), Pedro Pedro (designer moda feminina) e Hugo Costa (designer moda masculina), pelo\u00a0<i>fashion stylist<\/i>\u00a0Fernando Bastos, pela coordenadora de moda do Portugal Fashion, Isabel Branco, e pelo\u00a0<i>chief product officer<\/i>\u00a0da Salsa, em representa\u00e7\u00e3o da\u00a0 Sonae Fashion, You Nguyen.<\/p>\n<p>Deve acrescentar-se ainda que, no \u00e2mbito do concurso, os\u00a0<i>designers<\/i>\u00a0concorrentes s\u00e3o acompanhados e orientados pela equipa de coordena\u00e7\u00e3o do Bloom. Este apoio \u00e9 v\u00e1lido quer para o desenvolvimento das cole\u00e7\u00f5es, quer para a organiza\u00e7\u00e3o dos desfiles. Al\u00e9m disso, a ANJE garante acompanhamento jur\u00eddico e\u00a0<i>business mentoring<\/i>\u00a0para in\u00edcio da atividade comercial\/empresarial e registo da marca.<\/p>","protected":false},"excerpt":{"rendered":"<p>O calend\u00e1rio do Portugal Fashion volta, nesta 47.\u00aa edi\u00e7\u00e3o, a ter uma forte presen\u00e7a de jovens designers no quadro do projeto Bloom, dedicado \u00e0 promo\u00e7\u00e3o e apoio a novos talentos da moda portuguesa. Nos tr\u00eas dias do evento haver\u00e1 sete desfiles com criadores e marcas ainda em fase de desenvolvimento criativo, sob a coordena\u00e7\u00e3o do [&hellip;]<\/p>","protected":false},"author":5,"featured_media":911,"comment_status":"open","ping_status":"open","sticky":false,"template":"","format":"standard","meta":{"_acf_changed":false,"_monsterinsights_skip_tracking":false,"_monsterinsights_sitenote_active":false,"_monsterinsights_sitenote_note":"","_monsterinsights_sitenote_category":0,"footnotes":""},"categories":[22,20],"tags":[],"class_list":["post-910","post","type-post","status-publish","format-standard","has-post-thumbnail","hentry","category-bloom-pt","category-portugal-fashion-pt"],"acf":[],"yoast_head":"<!-- This site is optimized with the Yoast SEO plugin v24.2 - https:\/\/yoast.com\/wordpress\/plugins\/seo\/ -->\n<title>DESFILES DI\u00c1RIOS DE JOVENS DESIGNERS E FINAL DO CONCURSO BLOOM CONSOLIDAM APOSTA EM NOVOS TALENTOS - Portugal Fashion<\/title>\n<meta name=\"robots\" content=\"index, follow, max-snippet:-1, max-image-preview:large, max-video-preview:-1\" \/>\n<link rel=\"canonical\" href=\"https:\/\/portugalfashion.com\/en\/desfiles-diarios-de-jovens-designers-e-final-do-concurso-bloom-consolidam-aposta-em-novos-talentos\/\" \/>\n<meta property=\"og:locale\" content=\"en_GB\" \/>\n<meta property=\"og:type\" content=\"article\" \/>\n<meta property=\"og:title\" content=\"DESFILES DI\u00c1RIOS DE JOVENS DESIGNERS E FINAL DO CONCURSO BLOOM CONSOLIDAM APOSTA EM NOVOS TALENTOS - Portugal Fashion\" \/>\n<meta property=\"og:description\" content=\"O calend\u00e1rio do Portugal Fashion volta, nesta 47.\u00aa edi\u00e7\u00e3o, a ter uma forte presen\u00e7a de jovens designers no quadro do projeto Bloom, dedicado \u00e0 promo\u00e7\u00e3o e apoio a novos talentos da moda portuguesa. Nos tr\u00eas dias do evento haver\u00e1 sete desfiles com criadores e marcas ainda em fase de desenvolvimento criativo, sob a coordena\u00e7\u00e3o do [&hellip;]\" \/>\n<meta property=\"og:url\" content=\"https:\/\/portugalfashion.com\/en\/desfiles-diarios-de-jovens-designers-e-final-do-concurso-bloom-consolidam-aposta-em-novos-talentos\/\" \/>\n<meta property=\"og:site_name\" content=\"Portugal Fashion\" \/>\n<meta property=\"article:published_time\" content=\"2020-10-15T03:30:59+00:00\" \/>\n<meta property=\"article:modified_time\" content=\"2021-09-18T23:19:04+00:00\" \/>\n<meta property=\"og:image\" content=\"https:\/\/portugalfashion.com\/wp-content\/uploads\/2021\/08\/bloom_geralhp_18858630845f8855fc058e5.jpg\" \/>\n\t<meta property=\"og:image:width\" content=\"420\" \/>\n\t<meta property=\"og:image:height\" content=\"260\" \/>\n\t<meta property=\"og:image:type\" content=\"image\/jpeg\" \/>\n<meta name=\"author\" content=\"Portugal Fashion\" \/>\n<meta name=\"twitter:card\" content=\"summary_large_image\" \/>\n<meta name=\"twitter:label1\" content=\"Written by\" \/>\n\t<meta name=\"twitter:data1\" content=\"Portugal Fashion\" \/>\n\t<meta name=\"twitter:label2\" content=\"Est. reading time\" \/>\n\t<meta name=\"twitter:data2\" content=\"4 minutes\" \/>\n<script type=\"application\/ld+json\" class=\"yoast-schema-graph\">{\"@context\":\"https:\/\/schema.org\",\"@graph\":[{\"@type\":\"Article\",\"@id\":\"https:\/\/portugalfashion.com\/en\/desfiles-diarios-de-jovens-designers-e-final-do-concurso-bloom-consolidam-aposta-em-novos-talentos\/#article\",\"isPartOf\":{\"@id\":\"https:\/\/portugalfashion.com\/en\/desfiles-diarios-de-jovens-designers-e-final-do-concurso-bloom-consolidam-aposta-em-novos-talentos\/\"},\"author\":{\"name\":\"Portugal Fashion\",\"@id\":\"https:\/\/portugalfashion.com\/#\/schema\/person\/5c5a913b2cd594f9e7a818bd846f07f4\"},\"headline\":\"DESFILES DI\u00c1RIOS DE JOVENS DESIGNERS E FINAL DO CONCURSO BLOOM CONSOLIDAM APOSTA EM NOVOS TALENTOS\",\"datePublished\":\"2020-10-15T03:30:59+00:00\",\"dateModified\":\"2021-09-18T23:19:04+00:00\",\"mainEntityOfPage\":{\"@id\":\"https:\/\/portugalfashion.com\/en\/desfiles-diarios-de-jovens-designers-e-final-do-concurso-bloom-consolidam-aposta-em-novos-talentos\/\"},\"wordCount\":779,\"commentCount\":0,\"publisher\":{\"@id\":\"https:\/\/portugalfashion.com\/#organization\"},\"image\":{\"@id\":\"https:\/\/portugalfashion.com\/en\/desfiles-diarios-de-jovens-designers-e-final-do-concurso-bloom-consolidam-aposta-em-novos-talentos\/#primaryimage\"},\"thumbnailUrl\":\"https:\/\/portugalfashion.com\/wp-content\/uploads\/2021\/08\/bloom_geralhp_18858630845f8855fc058e5.jpg\",\"articleSection\":[\"Bloom\",\"Portugal Fashion\"],\"inLanguage\":\"en-GB\",\"potentialAction\":[{\"@type\":\"CommentAction\",\"name\":\"Comment\",\"target\":[\"https:\/\/portugalfashion.com\/en\/desfiles-diarios-de-jovens-designers-e-final-do-concurso-bloom-consolidam-aposta-em-novos-talentos\/#respond\"]}]},{\"@type\":\"WebPage\",\"@id\":\"https:\/\/portugalfashion.com\/en\/desfiles-diarios-de-jovens-designers-e-final-do-concurso-bloom-consolidam-aposta-em-novos-talentos\/\",\"url\":\"https:\/\/portugalfashion.com\/en\/desfiles-diarios-de-jovens-designers-e-final-do-concurso-bloom-consolidam-aposta-em-novos-talentos\/\",\"name\":\"DESFILES DI\u00c1RIOS DE JOVENS DESIGNERS E FINAL DO CONCURSO BLOOM CONSOLIDAM APOSTA EM NOVOS TALENTOS - Portugal Fashion\",\"isPartOf\":{\"@id\":\"https:\/\/portugalfashion.com\/#website\"},\"primaryImageOfPage\":{\"@id\":\"https:\/\/portugalfashion.com\/en\/desfiles-diarios-de-jovens-designers-e-final-do-concurso-bloom-consolidam-aposta-em-novos-talentos\/#primaryimage\"},\"image\":{\"@id\":\"https:\/\/portugalfashion.com\/en\/desfiles-diarios-de-jovens-designers-e-final-do-concurso-bloom-consolidam-aposta-em-novos-talentos\/#primaryimage\"},\"thumbnailUrl\":\"https:\/\/portugalfashion.com\/wp-content\/uploads\/2021\/08\/bloom_geralhp_18858630845f8855fc058e5.jpg\",\"datePublished\":\"2020-10-15T03:30:59+00:00\",\"dateModified\":\"2021-09-18T23:19:04+00:00\",\"breadcrumb\":{\"@id\":\"https:\/\/portugalfashion.com\/en\/desfiles-diarios-de-jovens-designers-e-final-do-concurso-bloom-consolidam-aposta-em-novos-talentos\/#breadcrumb\"},\"inLanguage\":\"en-GB\",\"potentialAction\":[{\"@type\":\"ReadAction\",\"target\":[\"https:\/\/portugalfashion.com\/en\/desfiles-diarios-de-jovens-designers-e-final-do-concurso-bloom-consolidam-aposta-em-novos-talentos\/\"]}]},{\"@type\":\"ImageObject\",\"inLanguage\":\"en-GB\",\"@id\":\"https:\/\/portugalfashion.com\/en\/desfiles-diarios-de-jovens-designers-e-final-do-concurso-bloom-consolidam-aposta-em-novos-talentos\/#primaryimage\",\"url\":\"https:\/\/portugalfashion.com\/wp-content\/uploads\/2021\/08\/bloom_geralhp_18858630845f8855fc058e5.jpg\",\"contentUrl\":\"https:\/\/portugalfashion.com\/wp-content\/uploads\/2021\/08\/bloom_geralhp_18858630845f8855fc058e5.jpg\",\"width\":420,\"height\":260},{\"@type\":\"BreadcrumbList\",\"@id\":\"https:\/\/portugalfashion.com\/en\/desfiles-diarios-de-jovens-designers-e-final-do-concurso-bloom-consolidam-aposta-em-novos-talentos\/#breadcrumb\",\"itemListElement\":[{\"@type\":\"ListItem\",\"position\":1,\"name\":\"Home\",\"item\":\"https:\/\/portugalfashion.com\/\"},{\"@type\":\"ListItem\",\"position\":2,\"name\":\"DESFILES DI\u00c1RIOS DE JOVENS DESIGNERS E FINAL DO CONCURSO BLOOM CONSOLIDAM APOSTA EM NOVOS TALENTOS\"}]},{\"@type\":\"WebSite\",\"@id\":\"https:\/\/portugalfashion.com\/#website\",\"url\":\"https:\/\/portugalfashion.com\/\",\"name\":\"Portugal Fashion\",\"description\":\"Moda e Eventos\",\"publisher\":{\"@id\":\"https:\/\/portugalfashion.com\/#organization\"},\"potentialAction\":[{\"@type\":\"SearchAction\",\"target\":{\"@type\":\"EntryPoint\",\"urlTemplate\":\"https:\/\/portugalfashion.com\/?s={search_term_string}\"},\"query-input\":{\"@type\":\"PropertyValueSpecification\",\"valueRequired\":true,\"valueName\":\"search_term_string\"}}],\"inLanguage\":\"en-GB\"},{\"@type\":\"Organization\",\"@id\":\"https:\/\/portugalfashion.com\/#organization\",\"name\":\"Portugal Fashion\",\"url\":\"https:\/\/portugalfashion.com\/\",\"logo\":{\"@type\":\"ImageObject\",\"inLanguage\":\"en-GB\",\"@id\":\"https:\/\/portugalfashion.com\/#\/schema\/logo\/image\/\",\"url\":\"http:\/\/portugalfashion.com\/wp-content\/uploads\/2021\/08\/animated-logo-pf-black.svg\",\"contentUrl\":\"http:\/\/portugalfashion.com\/wp-content\/uploads\/2021\/08\/animated-logo-pf-black.svg\",\"width\":1374,\"height\":670,\"caption\":\"Portugal Fashion\"},\"image\":{\"@id\":\"https:\/\/portugalfashion.com\/#\/schema\/logo\/image\/\"}},{\"@type\":\"Person\",\"@id\":\"https:\/\/portugalfashion.com\/#\/schema\/person\/5c5a913b2cd594f9e7a818bd846f07f4\",\"name\":\"Portugal Fashion\",\"image\":{\"@type\":\"ImageObject\",\"inLanguage\":\"en-GB\",\"@id\":\"https:\/\/portugalfashion.com\/#\/schema\/person\/image\/\",\"url\":\"https:\/\/secure.gravatar.com\/avatar\/19ad09b6e9ee39a45adcdd5009950775897e89f8c17b880c25735c933a6d97f0?s=96&d=mm&r=g\",\"contentUrl\":\"https:\/\/secure.gravatar.com\/avatar\/19ad09b6e9ee39a45adcdd5009950775897e89f8c17b880c25735c933a6d97f0?s=96&d=mm&r=g\",\"caption\":\"Portugal Fashion\"},\"sameAs\":[\"https:\/\/portugalfashion.com\"],\"url\":\"https:\/\/portugalfashion.com\/en\/author\/portugal-fashion\/\"}]}<\/script>\n<!-- \/ Yoast SEO plugin. -->","yoast_head_json":{"title":"DESFILES DI\u00c1RIOS DE JOVENS DESIGNERS E FINAL DO CONCURSO BLOOM CONSOLIDAM APOSTA EM NOVOS TALENTOS - Portugal Fashion","robots":{"index":"index","follow":"follow","max-snippet":"max-snippet:-1","max-image-preview":"max-image-preview:large","max-video-preview":"max-video-preview:-1"},"canonical":"https:\/\/portugalfashion.com\/en\/desfiles-diarios-de-jovens-designers-e-final-do-concurso-bloom-consolidam-aposta-em-novos-talentos\/","og_locale":"en_GB","og_type":"article","og_title":"DESFILES DI\u00c1RIOS DE JOVENS DESIGNERS E FINAL DO CONCURSO BLOOM CONSOLIDAM APOSTA EM NOVOS TALENTOS - Portugal Fashion","og_description":"O calend\u00e1rio do Portugal Fashion volta, nesta 47.\u00aa edi\u00e7\u00e3o, a ter uma forte presen\u00e7a de jovens designers no quadro do projeto Bloom, dedicado \u00e0 promo\u00e7\u00e3o e apoio a novos talentos da moda portuguesa. Nos tr\u00eas dias do evento haver\u00e1 sete desfiles com criadores e marcas ainda em fase de desenvolvimento criativo, sob a coordena\u00e7\u00e3o do [&hellip;]","og_url":"https:\/\/portugalfashion.com\/en\/desfiles-diarios-de-jovens-designers-e-final-do-concurso-bloom-consolidam-aposta-em-novos-talentos\/","og_site_name":"Portugal Fashion","article_published_time":"2020-10-15T03:30:59+00:00","article_modified_time":"2021-09-18T23:19:04+00:00","og_image":[{"width":420,"height":260,"url":"https:\/\/portugalfashion.com\/wp-content\/uploads\/2021\/08\/bloom_geralhp_18858630845f8855fc058e5.jpg","type":"image\/jpeg"}],"author":"Portugal Fashion","twitter_card":"summary_large_image","twitter_misc":{"Written by":"Portugal Fashion","Est. reading time":"4 minutes"},"schema":{"@context":"https:\/\/schema.org","@graph":[{"@type":"Article","@id":"https:\/\/portugalfashion.com\/en\/desfiles-diarios-de-jovens-designers-e-final-do-concurso-bloom-consolidam-aposta-em-novos-talentos\/#article","isPartOf":{"@id":"https:\/\/portugalfashion.com\/en\/desfiles-diarios-de-jovens-designers-e-final-do-concurso-bloom-consolidam-aposta-em-novos-talentos\/"},"author":{"name":"Portugal Fashion","@id":"https:\/\/portugalfashion.com\/#\/schema\/person\/5c5a913b2cd594f9e7a818bd846f07f4"},"headline":"DESFILES DI\u00c1RIOS DE JOVENS DESIGNERS E FINAL DO CONCURSO BLOOM CONSOLIDAM APOSTA EM NOVOS TALENTOS","datePublished":"2020-10-15T03:30:59+00:00","dateModified":"2021-09-18T23:19:04+00:00","mainEntityOfPage":{"@id":"https:\/\/portugalfashion.com\/en\/desfiles-diarios-de-jovens-designers-e-final-do-concurso-bloom-consolidam-aposta-em-novos-talentos\/"},"wordCount":779,"commentCount":0,"publisher":{"@id":"https:\/\/portugalfashion.com\/#organization"},"image":{"@id":"https:\/\/portugalfashion.com\/en\/desfiles-diarios-de-jovens-designers-e-final-do-concurso-bloom-consolidam-aposta-em-novos-talentos\/#primaryimage"},"thumbnailUrl":"https:\/\/portugalfashion.com\/wp-content\/uploads\/2021\/08\/bloom_geralhp_18858630845f8855fc058e5.jpg","articleSection":["Bloom","Portugal Fashion"],"inLanguage":"en-GB","potentialAction":[{"@type":"CommentAction","name":"Comment","target":["https:\/\/portugalfashion.com\/en\/desfiles-diarios-de-jovens-designers-e-final-do-concurso-bloom-consolidam-aposta-em-novos-talentos\/#respond"]}]},{"@type":"WebPage","@id":"https:\/\/portugalfashion.com\/en\/desfiles-diarios-de-jovens-designers-e-final-do-concurso-bloom-consolidam-aposta-em-novos-talentos\/","url":"https:\/\/portugalfashion.com\/en\/desfiles-diarios-de-jovens-designers-e-final-do-concurso-bloom-consolidam-aposta-em-novos-talentos\/","name":"DESFILES DI\u00c1RIOS DE JOVENS DESIGNERS E FINAL DO CONCURSO BLOOM CONSOLIDAM APOSTA EM NOVOS TALENTOS - Portugal Fashion","isPartOf":{"@id":"https:\/\/portugalfashion.com\/#website"},"primaryImageOfPage":{"@id":"https:\/\/portugalfashion.com\/en\/desfiles-diarios-de-jovens-designers-e-final-do-concurso-bloom-consolidam-aposta-em-novos-talentos\/#primaryimage"},"image":{"@id":"https:\/\/portugalfashion.com\/en\/desfiles-diarios-de-jovens-designers-e-final-do-concurso-bloom-consolidam-aposta-em-novos-talentos\/#primaryimage"},"thumbnailUrl":"https:\/\/portugalfashion.com\/wp-content\/uploads\/2021\/08\/bloom_geralhp_18858630845f8855fc058e5.jpg","datePublished":"2020-10-15T03:30:59+00:00","dateModified":"2021-09-18T23:19:04+00:00","breadcrumb":{"@id":"https:\/\/portugalfashion.com\/en\/desfiles-diarios-de-jovens-designers-e-final-do-concurso-bloom-consolidam-aposta-em-novos-talentos\/#breadcrumb"},"inLanguage":"en-GB","potentialAction":[{"@type":"ReadAction","target":["https:\/\/portugalfashion.com\/en\/desfiles-diarios-de-jovens-designers-e-final-do-concurso-bloom-consolidam-aposta-em-novos-talentos\/"]}]},{"@type":"ImageObject","inLanguage":"en-GB","@id":"https:\/\/portugalfashion.com\/en\/desfiles-diarios-de-jovens-designers-e-final-do-concurso-bloom-consolidam-aposta-em-novos-talentos\/#primaryimage","url":"https:\/\/portugalfashion.com\/wp-content\/uploads\/2021\/08\/bloom_geralhp_18858630845f8855fc058e5.jpg","contentUrl":"https:\/\/portugalfashion.com\/wp-content\/uploads\/2021\/08\/bloom_geralhp_18858630845f8855fc058e5.jpg","width":420,"height":260},{"@type":"BreadcrumbList","@id":"https:\/\/portugalfashion.com\/en\/desfiles-diarios-de-jovens-designers-e-final-do-concurso-bloom-consolidam-aposta-em-novos-talentos\/#breadcrumb","itemListElement":[{"@type":"ListItem","position":1,"name":"Home","item":"https:\/\/portugalfashion.com\/"},{"@type":"ListItem","position":2,"name":"DESFILES DI\u00c1RIOS DE JOVENS DESIGNERS E FINAL DO CONCURSO BLOOM CONSOLIDAM APOSTA EM NOVOS TALENTOS"}]},{"@type":"WebSite","@id":"https:\/\/portugalfashion.com\/#website","url":"https:\/\/portugalfashion.com\/","name":"Portugal Fashion","description":"Moda e Eventos","publisher":{"@id":"https:\/\/portugalfashion.com\/#organization"},"potentialAction":[{"@type":"SearchAction","target":{"@type":"EntryPoint","urlTemplate":"https:\/\/portugalfashion.com\/?s={search_term_string}"},"query-input":{"@type":"PropertyValueSpecification","valueRequired":true,"valueName":"search_term_string"}}],"inLanguage":"en-GB"},{"@type":"Organization","@id":"https:\/\/portugalfashion.com\/#organization","name":"Portugal Fashion","url":"https:\/\/portugalfashion.com\/","logo":{"@type":"ImageObject","inLanguage":"en-GB","@id":"https:\/\/portugalfashion.com\/#\/schema\/logo\/image\/","url":"http:\/\/portugalfashion.com\/wp-content\/uploads\/2021\/08\/animated-logo-pf-black.svg","contentUrl":"http:\/\/portugalfashion.com\/wp-content\/uploads\/2021\/08\/animated-logo-pf-black.svg","width":1374,"height":670,"caption":"Portugal Fashion"},"image":{"@id":"https:\/\/portugalfashion.com\/#\/schema\/logo\/image\/"}},{"@type":"Person","@id":"https:\/\/portugalfashion.com\/#\/schema\/person\/5c5a913b2cd594f9e7a818bd846f07f4","name":"Portugal Fashion","image":{"@type":"ImageObject","inLanguage":"en-GB","@id":"https:\/\/portugalfashion.com\/#\/schema\/person\/image\/","url":"https:\/\/secure.gravatar.com\/avatar\/19ad09b6e9ee39a45adcdd5009950775897e89f8c17b880c25735c933a6d97f0?s=96&d=mm&r=g","contentUrl":"https:\/\/secure.gravatar.com\/avatar\/19ad09b6e9ee39a45adcdd5009950775897e89f8c17b880c25735c933a6d97f0?s=96&d=mm&r=g","caption":"Portugal Fashion"},"sameAs":["https:\/\/portugalfashion.com"],"url":"https:\/\/portugalfashion.com\/en\/author\/portugal-fashion\/"}]}},"_links":{"self":[{"href":"https:\/\/portugalfashion.com\/en\/wp-json\/wp\/v2\/posts\/910","targetHints":{"allow":["GET"]}}],"collection":[{"href":"https:\/\/portugalfashion.com\/en\/wp-json\/wp\/v2\/posts"}],"about":[{"href":"https:\/\/portugalfashion.com\/en\/wp-json\/wp\/v2\/types\/post"}],"author":[{"embeddable":true,"href":"https:\/\/portugalfashion.com\/en\/wp-json\/wp\/v2\/users\/5"}],"replies":[{"embeddable":true,"href":"https:\/\/portugalfashion.com\/en\/wp-json\/wp\/v2\/comments?post=910"}],"version-history":[{"count":3,"href":"https:\/\/portugalfashion.com\/en\/wp-json\/wp\/v2\/posts\/910\/revisions"}],"predecessor-version":[{"id":8950,"href":"https:\/\/portugalfashion.com\/en\/wp-json\/wp\/v2\/posts\/910\/revisions\/8950"}],"wp:featuredmedia":[{"embeddable":true,"href":"https:\/\/portugalfashion.com\/en\/wp-json\/wp\/v2\/media\/911"}],"wp:attachment":[{"href":"https:\/\/portugalfashion.com\/en\/wp-json\/wp\/v2\/media?parent=910"}],"wp:term":[{"taxonomy":"category","embeddable":true,"href":"https:\/\/portugalfashion.com\/en\/wp-json\/wp\/v2\/categories?post=910"},{"taxonomy":"post_tag","embeddable":true,"href":"https:\/\/portugalfashion.com\/en\/wp-json\/wp\/v2\/tags?post=910"}],"curies":[{"name":"wp","href":"https:\/\/api.w.org\/{rel}","templated":true}]}}