{"id":957,"date":"2021-04-24T11:37:45","date_gmt":"2021-04-24T11:37:45","guid":{"rendered":"https:\/\/portugalfashion.com\/new-portugalfashion\/?p=957"},"modified":"2026-02-09T11:36:10","modified_gmt":"2026-02-09T11:36:10","slug":"entrevista-ze-carlos-taipa","status":"publish","type":"post","link":"https:\/\/portugalfashion.com\/en\/entrevista-ze-carlos-taipa\/","title":{"rendered":"ENTREVISTA: Z\u00c9 CARLOS TAIPA"},"content":{"rendered":"<div>Z\u00e9 Carlos Taipa, creative hairstylist da Lupabiol\u00f3gica no Portugal Fashion, esteve \u00e0 conversa com o Andr\u00e9 de Atayde no BloomIn, revista digital da plataforma dedicada aos jovens talentos Bloom &#8211; Portugal Fashion.<\/div>\n<div><\/div>\n<div><strong>1. BLOOM e novos talentos da moda. O que \u00e9 que isto significa?<\/strong><\/div>\n<div>Significa criatividade. A plataforma BLOOM \u00e9 muito interessante porque d\u00e1 destaque aos nomes emergentes da moda, que trazem novas ideias e novos conceitos. E nesse sentido, sinto que h\u00e1 maior liberdade criativa, porque a plataforma tem mesmo esse prop\u00f3sito, de mostrar o que h\u00e1 de novo no setor. Depois \u00e9 o lado gratificante de acompanhar os jovens criadores nos seus percursos e de os ver &#8220;florescer\u201d e ganhar o seu lugar na \u00e1rea da moda.<\/div>\n<div><\/div>\n<div><strong>2.\u00a0\u00c9s um novo talento j\u00e1 n\u00e3o sendo. Como \u00e9 que foi essa caminhada?<\/strong><\/div>\n<div>Foi um percurso desejado, mas n\u00e3o planeado ao pormenor. As coisas foram acontecendo naturalmente, e as oportunidades foram aparecendo ao longo do caminho. Fa\u00e7o parte da 4\u00aa gera\u00e7\u00e3o de cabeleireiros na minha fam\u00edlia, cresci dentro da barbearia do meu pai. Lembro-me de apanhar cabelos do ch\u00e3o colocar entre os dedos e come\u00e7ar a cortar. Nunca tive medo de sair da minha zona de conforto, e ao longo destes 18 anos de carreira muitas pessoas que me apoiaram e acreditaram em mim.<\/div>\n<div><\/div>\n<div><strong>3. A irrever\u00eancia no BLOOM \u00e9 precisa?<\/strong><\/div>\n<div>Sem d\u00favida que sim. Se o BLOOM d\u00e1 palco aos talentos de amanh\u00e3, s\u00e3o tamb\u00e9m eles que trazem as novas ideias, as novas formas de pensar e de fazer. Por isso, sim, acho que a irrever\u00eancia \u00e9 um dos ingredientes do BLOOM.<\/div>\n<div><\/div>\n<div><strong>4. Qual foi o teu momento marcante na moda?<\/strong><\/div>\n<div>H\u00e1 2 momentos que s\u00e3o marcantes para mim: o primeiro a n\u00edvel nacional, quando a Lupabiol\u00f3gica me fez o convite para ser criativo da marca LUPA. Agradou-me a abordagem e o facto de a marca querer apostar em sangue novo. Tem sido muito gratificante acompanhar o crescimento de uma marca nacional que consegue conquistar o seu lugar no meio de multinacionais. \u00c9 um motivo de orgulho.<\/div>\n<div>O segundo momento marcante aconteceu em fevereiro, quando integrei a equipa de cabeleireiros do Guido Palau nos desfiles da Dior, Maison Valentino, Versace, Fendi e D&amp;G. Foi uma honra poder trabalhar com o cabeleireiro que \u00e9 para mim A refer\u00eancia em termos de moda.<\/div>\n<div><\/div>\n<div><strong>5. Casa sobre rodas ou roda gigante, o que faz mais sentido?<\/strong><\/div>\n<div>Casa sobre rodas, sem d\u00favida alguma.<\/div>\n<div><\/div>\n<div><strong>6. Achas que o mundo em geral &#8211; e o da moda em particular &#8211; devia ser feito de pessoas com os valores no s\u00edtio certo?<\/strong><\/div>\n<div>O mundo seria um sitio muito mais bonito. O mundo da moda \u00e9 competitivo, mas isso n\u00e3o tem que mudar os nossos valores, at\u00e9 porque eu acredito que quando fazes as coisas por amor, s\u00f3 coisas boas podem acontecer.<\/div>\n<div><\/div>\n<div><strong>7. Ficavas chateado se o teu filho quisesse cortar o cabelo com outra pessoa?<\/strong><\/div>\n<div>Acho que n\u00e3o ficava chateado. Por acaso o primeiro a cortar o cabelo ao Santi foi o meu pai, fiz quest\u00e3o de lhe dar esse presente.<\/div>\n<div><\/div>\n<div><strong>8. \u00c9 de noite e est\u00e1s no Alentejo. Usas uma lupa ou um telesc\u00f3pio para ver as estrelas?<\/strong><\/div>\n<div>Usava uma lupa, claro. Uso Lupa h\u00e1 quatro anos e vejo muito melhor as estrelas.<\/div>\n<div><\/div>\n<div><strong>9. Qual \u00e9 o teu lugar perfeito?<\/strong><\/div>\n<div>Mergulhado na natureza, onde posso andar descal\u00e7o e sentir-me livre, \u00e9 na natureza que recarrego energias.<\/div>\n<div><\/div>\n<div><strong>10. Se n\u00e3o fosses hairstylist querias ter sido outra coisa?<\/strong><\/div>\n<div>Sim, queria ter sido astraunauta.<\/div>\n<div><\/div>\n<div><strong>11. S\u00e3o 14h e est\u00e1s cheio de fome. Ias at\u00e9 onde para comer o teu prato preferido?\u00a0<\/strong><\/div>\n<div>N\u00e3o ia, comia no restaurante mais pr\u00f3ximo.<\/div>\n<div><\/div>\n<div><strong>12. O que te v\u00eas a fazer daqui a 10 anos?<\/strong><\/div>\n<div>Uma viagem \u00e0 volta do mundo.<\/div>\n<div><\/div>\n<div><strong>13. Tens alguma tesoura de elei\u00e7\u00e3o?<\/strong><\/div>\n<div>Tenho uma marca de elei\u00e7\u00e3o &#8211; Osaka.<\/div>\n<div><\/div>\n<div><strong>14. O nervoso faz parte do teu trabalho?<\/strong><\/div>\n<div>Nervosismo n\u00e3o, ansiedade sim. Em todos os trabalhos. Sinto-me mais confiante o que acalma a minha ansiedade, mas nunca deixei de sentir. J\u00e1 comentei isto com alguns colegas com mais anos disto, e todos me disseram: &#8220;quando deixares de sentir, sai fora\u201d.<\/div>\n<div><\/div>\n<div><strong>15. Preferes confort\u00e1vel ou tend\u00eancias confort\u00e1veis?\u00a0<\/strong><\/div>\n<div>Confort\u00e1vel, sempre.<\/div>","protected":false},"excerpt":{"rendered":"<p>Z\u00e9 Carlos Taipa, creative hairstylist da Lupabiol\u00f3gica no Portugal Fashion, esteve \u00e0 conversa com o Andr\u00e9 de Atayde no BloomIn, revista digital da plataforma dedicada aos jovens talentos Bloom &#8211; Portugal Fashion. 1. BLOOM e novos talentos da moda. O que \u00e9 que isto significa? Significa criatividade. A plataforma BLOOM \u00e9 muito interessante porque d\u00e1 [&hellip;]<\/p>","protected":false},"author":5,"featured_media":958,"comment_status":"open","ping_status":"open","sticky":false,"template":"","format":"standard","meta":{"_acf_changed":false,"_monsterinsights_skip_tracking":false,"_monsterinsights_sitenote_active":false,"_monsterinsights_sitenote_note":"","_monsterinsights_sitenote_category":0,"footnotes":""},"categories":[22,20],"tags":[],"class_list":["post-957","post","type-post","status-publish","format-standard","has-post-thumbnail","hentry","category-bloom-pt","category-portugal-fashion-pt"],"acf":[],"yoast_head":"<!-- This site is optimized with the Yoast SEO plugin v24.2 - https:\/\/yoast.com\/wordpress\/plugins\/seo\/ -->\n<title>ENTREVISTA: Z\u00c9 CARLOS TAIPA - Portugal Fashion<\/title>\n<meta name=\"robots\" content=\"index, follow, max-snippet:-1, max-image-preview:large, max-video-preview:-1\" \/>\n<link rel=\"canonical\" href=\"https:\/\/portugalfashion.com\/en\/entrevista-ze-carlos-taipa\/\" \/>\n<meta property=\"og:locale\" content=\"en_GB\" \/>\n<meta property=\"og:type\" content=\"article\" \/>\n<meta property=\"og:title\" content=\"ENTREVISTA: Z\u00c9 CARLOS TAIPA - Portugal Fashion\" \/>\n<meta property=\"og:description\" content=\"Z\u00e9 Carlos Taipa, creative hairstylist da Lupabiol\u00f3gica no Portugal Fashion, esteve \u00e0 conversa com o Andr\u00e9 de Atayde no BloomIn, revista digital da plataforma dedicada aos jovens talentos Bloom &#8211; Portugal Fashion. 1. BLOOM e novos talentos da moda. O que \u00e9 que isto significa? Significa criatividade. A plataforma BLOOM \u00e9 muito interessante porque d\u00e1 [&hellip;]\" \/>\n<meta property=\"og:url\" content=\"https:\/\/portugalfashion.com\/en\/entrevista-ze-carlos-taipa\/\" \/>\n<meta property=\"og:site_name\" content=\"Portugal Fashion\" \/>\n<meta property=\"article:published_time\" content=\"2021-04-24T11:37:45+00:00\" \/>\n<meta property=\"article:modified_time\" content=\"2026-02-09T11:36:10+00:00\" \/>\n<meta property=\"og:image\" content=\"https:\/\/portugalfashion.com\/wp-content\/uploads\/2021\/08\/1d7a3810_15350654606089550d8b044.jpg\" \/>\n\t<meta property=\"og:image:width\" content=\"425\" \/>\n\t<meta property=\"og:image:height\" content=\"500\" \/>\n\t<meta property=\"og:image:type\" content=\"image\/jpeg\" \/>\n<meta name=\"author\" content=\"Portugal Fashion\" \/>\n<meta name=\"twitter:card\" content=\"summary_large_image\" \/>\n<meta name=\"twitter:label1\" content=\"Written by\" \/>\n\t<meta name=\"twitter:data1\" content=\"Portugal Fashion\" \/>\n\t<meta name=\"twitter:label2\" content=\"Est. reading time\" \/>\n\t<meta name=\"twitter:data2\" content=\"3 minutes\" \/>\n<script type=\"application\/ld+json\" class=\"yoast-schema-graph\">{\"@context\":\"https:\/\/schema.org\",\"@graph\":[{\"@type\":\"Article\",\"@id\":\"https:\/\/portugalfashion.com\/entrevista-ze-carlos-taipa\/#article\",\"isPartOf\":{\"@id\":\"https:\/\/portugalfashion.com\/entrevista-ze-carlos-taipa\/\"},\"author\":{\"name\":\"Portugal Fashion\",\"@id\":\"https:\/\/portugalfashion.com\/#\/schema\/person\/5c5a913b2cd594f9e7a818bd846f07f4\"},\"headline\":\"ENTREVISTA: Z\u00c9 CARLOS TAIPA\",\"datePublished\":\"2021-04-24T11:37:45+00:00\",\"dateModified\":\"2026-02-09T11:36:10+00:00\",\"mainEntityOfPage\":{\"@id\":\"https:\/\/portugalfashion.com\/entrevista-ze-carlos-taipa\/\"},\"wordCount\":701,\"commentCount\":0,\"publisher\":{\"@id\":\"https:\/\/portugalfashion.com\/#organization\"},\"image\":{\"@id\":\"https:\/\/portugalfashion.com\/entrevista-ze-carlos-taipa\/#primaryimage\"},\"thumbnailUrl\":\"https:\/\/portugalfashion.com\/wp-content\/uploads\/2021\/08\/1d7a3810_15350654606089550d8b044.jpg\",\"articleSection\":[\"Bloom\",\"Portugal Fashion\"],\"inLanguage\":\"en-GB\",\"potentialAction\":[{\"@type\":\"CommentAction\",\"name\":\"Comment\",\"target\":[\"https:\/\/portugalfashion.com\/entrevista-ze-carlos-taipa\/#respond\"]}]},{\"@type\":\"WebPage\",\"@id\":\"https:\/\/portugalfashion.com\/entrevista-ze-carlos-taipa\/\",\"url\":\"https:\/\/portugalfashion.com\/entrevista-ze-carlos-taipa\/\",\"name\":\"ENTREVISTA: Z\u00c9 CARLOS TAIPA - Portugal Fashion\",\"isPartOf\":{\"@id\":\"https:\/\/portugalfashion.com\/#website\"},\"primaryImageOfPage\":{\"@id\":\"https:\/\/portugalfashion.com\/entrevista-ze-carlos-taipa\/#primaryimage\"},\"image\":{\"@id\":\"https:\/\/portugalfashion.com\/entrevista-ze-carlos-taipa\/#primaryimage\"},\"thumbnailUrl\":\"https:\/\/portugalfashion.com\/wp-content\/uploads\/2021\/08\/1d7a3810_15350654606089550d8b044.jpg\",\"datePublished\":\"2021-04-24T11:37:45+00:00\",\"dateModified\":\"2026-02-09T11:36:10+00:00\",\"breadcrumb\":{\"@id\":\"https:\/\/portugalfashion.com\/entrevista-ze-carlos-taipa\/#breadcrumb\"},\"inLanguage\":\"en-GB\",\"potentialAction\":[{\"@type\":\"ReadAction\",\"target\":[\"https:\/\/portugalfashion.com\/entrevista-ze-carlos-taipa\/\"]}]},{\"@type\":\"ImageObject\",\"inLanguage\":\"en-GB\",\"@id\":\"https:\/\/portugalfashion.com\/entrevista-ze-carlos-taipa\/#primaryimage\",\"url\":\"https:\/\/portugalfashion.com\/wp-content\/uploads\/2021\/08\/1d7a3810_15350654606089550d8b044.jpg\",\"contentUrl\":\"https:\/\/portugalfashion.com\/wp-content\/uploads\/2021\/08\/1d7a3810_15350654606089550d8b044.jpg\",\"width\":425,\"height\":500},{\"@type\":\"BreadcrumbList\",\"@id\":\"https:\/\/portugalfashion.com\/entrevista-ze-carlos-taipa\/#breadcrumb\",\"itemListElement\":[{\"@type\":\"ListItem\",\"position\":1,\"name\":\"Home\",\"item\":\"https:\/\/portugalfashion.com\/\"},{\"@type\":\"ListItem\",\"position\":2,\"name\":\"ENTREVISTA: Z\u00c9 CARLOS TAIPA\"}]},{\"@type\":\"WebSite\",\"@id\":\"https:\/\/portugalfashion.com\/#website\",\"url\":\"https:\/\/portugalfashion.com\/\",\"name\":\"Portugal Fashion\",\"description\":\"Moda e Eventos\",\"publisher\":{\"@id\":\"https:\/\/portugalfashion.com\/#organization\"},\"potentialAction\":[{\"@type\":\"SearchAction\",\"target\":{\"@type\":\"EntryPoint\",\"urlTemplate\":\"https:\/\/portugalfashion.com\/?s={search_term_string}\"},\"query-input\":{\"@type\":\"PropertyValueSpecification\",\"valueRequired\":true,\"valueName\":\"search_term_string\"}}],\"inLanguage\":\"en-GB\"},{\"@type\":\"Organization\",\"@id\":\"https:\/\/portugalfashion.com\/#organization\",\"name\":\"Portugal Fashion\",\"url\":\"https:\/\/portugalfashion.com\/\",\"logo\":{\"@type\":\"ImageObject\",\"inLanguage\":\"en-GB\",\"@id\":\"https:\/\/portugalfashion.com\/#\/schema\/logo\/image\/\",\"url\":\"http:\/\/portugalfashion.com\/wp-content\/uploads\/2021\/08\/animated-logo-pf-black.svg\",\"contentUrl\":\"http:\/\/portugalfashion.com\/wp-content\/uploads\/2021\/08\/animated-logo-pf-black.svg\",\"width\":1374,\"height\":670,\"caption\":\"Portugal Fashion\"},\"image\":{\"@id\":\"https:\/\/portugalfashion.com\/#\/schema\/logo\/image\/\"}},{\"@type\":\"Person\",\"@id\":\"https:\/\/portugalfashion.com\/#\/schema\/person\/5c5a913b2cd594f9e7a818bd846f07f4\",\"name\":\"Portugal Fashion\",\"image\":{\"@type\":\"ImageObject\",\"inLanguage\":\"en-GB\",\"@id\":\"https:\/\/portugalfashion.com\/#\/schema\/person\/image\/\",\"url\":\"https:\/\/secure.gravatar.com\/avatar\/19ad09b6e9ee39a45adcdd5009950775897e89f8c17b880c25735c933a6d97f0?s=96&d=mm&r=g\",\"contentUrl\":\"https:\/\/secure.gravatar.com\/avatar\/19ad09b6e9ee39a45adcdd5009950775897e89f8c17b880c25735c933a6d97f0?s=96&d=mm&r=g\",\"caption\":\"Portugal Fashion\"},\"sameAs\":[\"https:\/\/portugalfashion.com\"],\"url\":\"https:\/\/portugalfashion.com\/en\/author\/portugal-fashion\/\"}]}<\/script>\n<!-- \/ Yoast SEO plugin. -->","yoast_head_json":{"title":"ENTREVISTA: Z\u00c9 CARLOS TAIPA - Portugal Fashion","robots":{"index":"index","follow":"follow","max-snippet":"max-snippet:-1","max-image-preview":"max-image-preview:large","max-video-preview":"max-video-preview:-1"},"canonical":"https:\/\/portugalfashion.com\/en\/entrevista-ze-carlos-taipa\/","og_locale":"en_GB","og_type":"article","og_title":"ENTREVISTA: Z\u00c9 CARLOS TAIPA - Portugal Fashion","og_description":"Z\u00e9 Carlos Taipa, creative hairstylist da Lupabiol\u00f3gica no Portugal Fashion, esteve \u00e0 conversa com o Andr\u00e9 de Atayde no BloomIn, revista digital da plataforma dedicada aos jovens talentos Bloom &#8211; Portugal Fashion. 1. BLOOM e novos talentos da moda. O que \u00e9 que isto significa? Significa criatividade. A plataforma BLOOM \u00e9 muito interessante porque d\u00e1 [&hellip;]","og_url":"https:\/\/portugalfashion.com\/en\/entrevista-ze-carlos-taipa\/","og_site_name":"Portugal Fashion","article_published_time":"2021-04-24T11:37:45+00:00","article_modified_time":"2026-02-09T11:36:10+00:00","og_image":[{"width":425,"height":500,"url":"https:\/\/portugalfashion.com\/wp-content\/uploads\/2021\/08\/1d7a3810_15350654606089550d8b044.jpg","type":"image\/jpeg"}],"author":"Portugal Fashion","twitter_card":"summary_large_image","twitter_misc":{"Written by":"Portugal Fashion","Est. reading time":"3 minutes"},"schema":{"@context":"https:\/\/schema.org","@graph":[{"@type":"Article","@id":"https:\/\/portugalfashion.com\/entrevista-ze-carlos-taipa\/#article","isPartOf":{"@id":"https:\/\/portugalfashion.com\/entrevista-ze-carlos-taipa\/"},"author":{"name":"Portugal Fashion","@id":"https:\/\/portugalfashion.com\/#\/schema\/person\/5c5a913b2cd594f9e7a818bd846f07f4"},"headline":"ENTREVISTA: Z\u00c9 CARLOS TAIPA","datePublished":"2021-04-24T11:37:45+00:00","dateModified":"2026-02-09T11:36:10+00:00","mainEntityOfPage":{"@id":"https:\/\/portugalfashion.com\/entrevista-ze-carlos-taipa\/"},"wordCount":701,"commentCount":0,"publisher":{"@id":"https:\/\/portugalfashion.com\/#organization"},"image":{"@id":"https:\/\/portugalfashion.com\/entrevista-ze-carlos-taipa\/#primaryimage"},"thumbnailUrl":"https:\/\/portugalfashion.com\/wp-content\/uploads\/2021\/08\/1d7a3810_15350654606089550d8b044.jpg","articleSection":["Bloom","Portugal Fashion"],"inLanguage":"en-GB","potentialAction":[{"@type":"CommentAction","name":"Comment","target":["https:\/\/portugalfashion.com\/entrevista-ze-carlos-taipa\/#respond"]}]},{"@type":"WebPage","@id":"https:\/\/portugalfashion.com\/entrevista-ze-carlos-taipa\/","url":"https:\/\/portugalfashion.com\/entrevista-ze-carlos-taipa\/","name":"ENTREVISTA: Z\u00c9 CARLOS TAIPA - Portugal Fashion","isPartOf":{"@id":"https:\/\/portugalfashion.com\/#website"},"primaryImageOfPage":{"@id":"https:\/\/portugalfashion.com\/entrevista-ze-carlos-taipa\/#primaryimage"},"image":{"@id":"https:\/\/portugalfashion.com\/entrevista-ze-carlos-taipa\/#primaryimage"},"thumbnailUrl":"https:\/\/portugalfashion.com\/wp-content\/uploads\/2021\/08\/1d7a3810_15350654606089550d8b044.jpg","datePublished":"2021-04-24T11:37:45+00:00","dateModified":"2026-02-09T11:36:10+00:00","breadcrumb":{"@id":"https:\/\/portugalfashion.com\/entrevista-ze-carlos-taipa\/#breadcrumb"},"inLanguage":"en-GB","potentialAction":[{"@type":"ReadAction","target":["https:\/\/portugalfashion.com\/entrevista-ze-carlos-taipa\/"]}]},{"@type":"ImageObject","inLanguage":"en-GB","@id":"https:\/\/portugalfashion.com\/entrevista-ze-carlos-taipa\/#primaryimage","url":"https:\/\/portugalfashion.com\/wp-content\/uploads\/2021\/08\/1d7a3810_15350654606089550d8b044.jpg","contentUrl":"https:\/\/portugalfashion.com\/wp-content\/uploads\/2021\/08\/1d7a3810_15350654606089550d8b044.jpg","width":425,"height":500},{"@type":"BreadcrumbList","@id":"https:\/\/portugalfashion.com\/entrevista-ze-carlos-taipa\/#breadcrumb","itemListElement":[{"@type":"ListItem","position":1,"name":"Home","item":"https:\/\/portugalfashion.com\/"},{"@type":"ListItem","position":2,"name":"ENTREVISTA: Z\u00c9 CARLOS TAIPA"}]},{"@type":"WebSite","@id":"https:\/\/portugalfashion.com\/#website","url":"https:\/\/portugalfashion.com\/","name":"Portugal Fashion","description":"Moda e Eventos","publisher":{"@id":"https:\/\/portugalfashion.com\/#organization"},"potentialAction":[{"@type":"SearchAction","target":{"@type":"EntryPoint","urlTemplate":"https:\/\/portugalfashion.com\/?s={search_term_string}"},"query-input":{"@type":"PropertyValueSpecification","valueRequired":true,"valueName":"search_term_string"}}],"inLanguage":"en-GB"},{"@type":"Organization","@id":"https:\/\/portugalfashion.com\/#organization","name":"Portugal Fashion","url":"https:\/\/portugalfashion.com\/","logo":{"@type":"ImageObject","inLanguage":"en-GB","@id":"https:\/\/portugalfashion.com\/#\/schema\/logo\/image\/","url":"http:\/\/portugalfashion.com\/wp-content\/uploads\/2021\/08\/animated-logo-pf-black.svg","contentUrl":"http:\/\/portugalfashion.com\/wp-content\/uploads\/2021\/08\/animated-logo-pf-black.svg","width":1374,"height":670,"caption":"Portugal Fashion"},"image":{"@id":"https:\/\/portugalfashion.com\/#\/schema\/logo\/image\/"}},{"@type":"Person","@id":"https:\/\/portugalfashion.com\/#\/schema\/person\/5c5a913b2cd594f9e7a818bd846f07f4","name":"Portugal Fashion","image":{"@type":"ImageObject","inLanguage":"en-GB","@id":"https:\/\/portugalfashion.com\/#\/schema\/person\/image\/","url":"https:\/\/secure.gravatar.com\/avatar\/19ad09b6e9ee39a45adcdd5009950775897e89f8c17b880c25735c933a6d97f0?s=96&d=mm&r=g","contentUrl":"https:\/\/secure.gravatar.com\/avatar\/19ad09b6e9ee39a45adcdd5009950775897e89f8c17b880c25735c933a6d97f0?s=96&d=mm&r=g","caption":"Portugal Fashion"},"sameAs":["https:\/\/portugalfashion.com"],"url":"https:\/\/portugalfashion.com\/en\/author\/portugal-fashion\/"}]}},"_links":{"self":[{"href":"https:\/\/portugalfashion.com\/en\/wp-json\/wp\/v2\/posts\/957","targetHints":{"allow":["GET"]}}],"collection":[{"href":"https:\/\/portugalfashion.com\/en\/wp-json\/wp\/v2\/posts"}],"about":[{"href":"https:\/\/portugalfashion.com\/en\/wp-json\/wp\/v2\/types\/post"}],"author":[{"embeddable":true,"href":"https:\/\/portugalfashion.com\/en\/wp-json\/wp\/v2\/users\/5"}],"replies":[{"embeddable":true,"href":"https:\/\/portugalfashion.com\/en\/wp-json\/wp\/v2\/comments?post=957"}],"version-history":[{"count":3,"href":"https:\/\/portugalfashion.com\/en\/wp-json\/wp\/v2\/posts\/957\/revisions"}],"predecessor-version":[{"id":19560,"href":"https:\/\/portugalfashion.com\/en\/wp-json\/wp\/v2\/posts\/957\/revisions\/19560"}],"wp:featuredmedia":[{"embeddable":true,"href":"https:\/\/portugalfashion.com\/en\/wp-json\/wp\/v2\/media\/958"}],"wp:attachment":[{"href":"https:\/\/portugalfashion.com\/en\/wp-json\/wp\/v2\/media?parent=957"}],"wp:term":[{"taxonomy":"category","embeddable":true,"href":"https:\/\/portugalfashion.com\/en\/wp-json\/wp\/v2\/categories?post=957"},{"taxonomy":"post_tag","embeddable":true,"href":"https:\/\/portugalfashion.com\/en\/wp-json\/wp\/v2\/tags?post=957"}],"curies":[{"name":"wp","href":"https:\/\/api.w.org\/{rel}","templated":true}]}}