{"id":960,"date":"2021-04-22T11:40:12","date_gmt":"2021-04-22T11:40:12","guid":{"rendered":"https:\/\/portugalfashion.com\/new-portugalfashion\/?p=960"},"modified":"2021-09-23T10:55:04","modified_gmt":"2021-09-23T10:55:04","slug":"bloomin-fw21-22","status":"publish","type":"post","link":"https:\/\/portugalfashion.com\/en\/bloomin-fw21-22\/","title":{"rendered":"BLOOMIN FW21\/22"},"content":{"rendered":"<p><strong>9\u00aa Edi\u00e7\u00e3o da fanzine do BLOOM\u00a0<\/strong><\/p>\n<p>Talvez a frase mais ouvida nos \u00faltimos meses tenha sido a de que o mundo mudou por causa de uma pandemia. \u00c9 um facto. Mas houve quem se conseguisse reinventar de alguma forma. N\u00e3o \u00e9 f\u00e1cil, nunca \u00e9, nunca foi. Muito menos para quem est\u00e1 a come\u00e7ar a dar os primeiros passos.<\/p>\n<p>Falar de resili\u00eancia na moda \u00e9 um eufemismo. Haver\u00e1 dias em que apetece desistir e em que se questiona se os passos dados foram os mais corretos. Mas h\u00e1 muito valor na moda portuguesa, e muito desse valor est\u00e1 a dar os primeiros passos. Os BLOOMERS do Portugal Fashion s\u00e3o o exemplo perfeito disso mesmo.<\/p>\n<p>BLOOMIN, a Revista Digital da plataforma de jovens designers Bloom &#8211; Portugal Fashion regressou com a &#8220;The Sofa Edition&#8221; para dar a conhecer os novos talentos do mundo da moda. A irrever\u00eancia e informalidade que a distinguem est\u00e3o l\u00e1. Nas cole\u00e7\u00f5es dos jovens criadores, nas perguntas despropositadas e nas que at\u00e9 t\u00eam algum prop\u00f3sito, como \u00e9 o caso da entrevista a Z\u00e9 Carlos Taipa, creative hairstylist da Lupabiol\u00f3gica no Portugal Fashion. Ou talvez n\u00e3o. N\u00e3o h\u00e1 regras definidas e ainda bem. A \u00fanica certeza que temos \u00e9 que pode ler tudo aqui, em casa, no sof\u00e1, onde quiser:<br \/>\n<a href=\"http:\/\/issuu.com\/portugalfashion\/docs\/bloomin_fw21-22_jornal_issuu\" target=\"_blank\" rel=\"noopener\"><br \/>\nhttps:\/\/issuu.com\/portugalfashion\/docs\/bloomin_fw21-22_jornal_issuu<\/a><\/p>","protected":false},"excerpt":{"rendered":"<p>9\u00aa Edi\u00e7\u00e3o da fanzine do BLOOM\u00a0 Talvez a frase mais ouvida nos \u00faltimos meses tenha sido a de que o mundo mudou por causa de uma pandemia. \u00c9 um facto. Mas houve quem se conseguisse reinventar de alguma forma. N\u00e3o \u00e9 f\u00e1cil, nunca \u00e9, nunca foi. Muito menos para quem est\u00e1 a come\u00e7ar a dar [&hellip;]<\/p>","protected":false},"author":5,"featured_media":962,"comment_status":"open","ping_status":"open","sticky":false,"template":"","format":"standard","meta":{"_acf_changed":false,"_monsterinsights_skip_tracking":false,"_monsterinsights_sitenote_active":false,"_monsterinsights_sitenote_note":"","_monsterinsights_sitenote_category":0,"footnotes":""},"categories":[22,20],"tags":[],"class_list":["post-960","post","type-post","status-publish","format-standard","has-post-thumbnail","hentry","category-bloom-pt","category-portugal-fashion-pt"],"acf":[],"yoast_head":"<!-- This site is optimized with the Yoast SEO plugin v24.2 - https:\/\/yoast.com\/wordpress\/plugins\/seo\/ -->\n<title>BLOOMIN FW21\/22 - Portugal Fashion<\/title>\n<meta name=\"robots\" content=\"index, follow, max-snippet:-1, max-image-preview:large, max-video-preview:-1\" \/>\n<link rel=\"canonical\" href=\"https:\/\/portugalfashion.com\/en\/bloomin-fw21-22\/\" \/>\n<meta property=\"og:locale\" content=\"en_GB\" \/>\n<meta property=\"og:type\" content=\"article\" \/>\n<meta property=\"og:title\" content=\"BLOOMIN FW21\/22 - Portugal Fashion\" \/>\n<meta property=\"og:description\" content=\"9\u00aa Edi\u00e7\u00e3o da fanzine do BLOOM\u00a0 Talvez a frase mais ouvida nos \u00faltimos meses tenha sido a de que o mundo mudou por causa de uma pandemia. \u00c9 um facto. Mas houve quem se conseguisse reinventar de alguma forma. N\u00e3o \u00e9 f\u00e1cil, nunca \u00e9, nunca foi. Muito menos para quem est\u00e1 a come\u00e7ar a dar [&hellip;]\" \/>\n<meta property=\"og:url\" content=\"https:\/\/portugalfashion.com\/en\/bloomin-fw21-22\/\" \/>\n<meta property=\"og:site_name\" content=\"Portugal Fashion\" \/>\n<meta property=\"article:published_time\" content=\"2021-04-22T11:40:12+00:00\" \/>\n<meta property=\"article:modified_time\" content=\"2021-09-23T10:55:04+00:00\" \/>\n<meta property=\"og:image\" content=\"https:\/\/portugalfashion.com\/wp-content\/uploads\/2021\/08\/design_sem_nomeq_119638637608fd27994eae.png\" \/>\n\t<meta property=\"og:image:width\" content=\"420\" \/>\n\t<meta property=\"og:image:height\" content=\"260\" \/>\n\t<meta property=\"og:image:type\" content=\"image\/png\" \/>\n<meta name=\"author\" content=\"Portugal Fashion\" \/>\n<meta name=\"twitter:card\" content=\"summary_large_image\" \/>\n<meta name=\"twitter:label1\" content=\"Written by\" \/>\n\t<meta name=\"twitter:data1\" content=\"Portugal Fashion\" \/>\n\t<meta name=\"twitter:label2\" content=\"Est. reading time\" \/>\n\t<meta name=\"twitter:data2\" content=\"1 minute\" \/>\n<script type=\"application\/ld+json\" class=\"yoast-schema-graph\">{\"@context\":\"https:\/\/schema.org\",\"@graph\":[{\"@type\":\"Article\",\"@id\":\"https:\/\/portugalfashion.com\/en\/bloomin-fw21-22\/#article\",\"isPartOf\":{\"@id\":\"https:\/\/portugalfashion.com\/en\/bloomin-fw21-22\/\"},\"author\":{\"name\":\"Portugal Fashion\",\"@id\":\"https:\/\/portugalfashion.com\/#\/schema\/person\/5c5a913b2cd594f9e7a818bd846f07f4\"},\"headline\":\"BLOOMIN FW21\/22\",\"datePublished\":\"2021-04-22T11:40:12+00:00\",\"dateModified\":\"2021-09-23T10:55:04+00:00\",\"mainEntityOfPage\":{\"@id\":\"https:\/\/portugalfashion.com\/en\/bloomin-fw21-22\/\"},\"wordCount\":230,\"commentCount\":0,\"publisher\":{\"@id\":\"https:\/\/portugalfashion.com\/#organization\"},\"image\":{\"@id\":\"https:\/\/portugalfashion.com\/en\/bloomin-fw21-22\/#primaryimage\"},\"thumbnailUrl\":\"https:\/\/portugalfashion.com\/wp-content\/uploads\/2021\/08\/design_sem_nomeq_119638637608fd27994eae.png\",\"articleSection\":[\"Bloom\",\"Portugal Fashion\"],\"inLanguage\":\"en-GB\",\"potentialAction\":[{\"@type\":\"CommentAction\",\"name\":\"Comment\",\"target\":[\"https:\/\/portugalfashion.com\/en\/bloomin-fw21-22\/#respond\"]}]},{\"@type\":\"WebPage\",\"@id\":\"https:\/\/portugalfashion.com\/en\/bloomin-fw21-22\/\",\"url\":\"https:\/\/portugalfashion.com\/en\/bloomin-fw21-22\/\",\"name\":\"BLOOMIN FW21\/22 - Portugal Fashion\",\"isPartOf\":{\"@id\":\"https:\/\/portugalfashion.com\/#website\"},\"primaryImageOfPage\":{\"@id\":\"https:\/\/portugalfashion.com\/en\/bloomin-fw21-22\/#primaryimage\"},\"image\":{\"@id\":\"https:\/\/portugalfashion.com\/en\/bloomin-fw21-22\/#primaryimage\"},\"thumbnailUrl\":\"https:\/\/portugalfashion.com\/wp-content\/uploads\/2021\/08\/design_sem_nomeq_119638637608fd27994eae.png\",\"datePublished\":\"2021-04-22T11:40:12+00:00\",\"dateModified\":\"2021-09-23T10:55:04+00:00\",\"breadcrumb\":{\"@id\":\"https:\/\/portugalfashion.com\/en\/bloomin-fw21-22\/#breadcrumb\"},\"inLanguage\":\"en-GB\",\"potentialAction\":[{\"@type\":\"ReadAction\",\"target\":[\"https:\/\/portugalfashion.com\/en\/bloomin-fw21-22\/\"]}]},{\"@type\":\"ImageObject\",\"inLanguage\":\"en-GB\",\"@id\":\"https:\/\/portugalfashion.com\/en\/bloomin-fw21-22\/#primaryimage\",\"url\":\"https:\/\/portugalfashion.com\/wp-content\/uploads\/2021\/08\/design_sem_nomeq_119638637608fd27994eae.png\",\"contentUrl\":\"https:\/\/portugalfashion.com\/wp-content\/uploads\/2021\/08\/design_sem_nomeq_119638637608fd27994eae.png\",\"width\":420,\"height\":260},{\"@type\":\"BreadcrumbList\",\"@id\":\"https:\/\/portugalfashion.com\/en\/bloomin-fw21-22\/#breadcrumb\",\"itemListElement\":[{\"@type\":\"ListItem\",\"position\":1,\"name\":\"Home\",\"item\":\"https:\/\/portugalfashion.com\/\"},{\"@type\":\"ListItem\",\"position\":2,\"name\":\"BLOOMIN FW21\/22\"}]},{\"@type\":\"WebSite\",\"@id\":\"https:\/\/portugalfashion.com\/#website\",\"url\":\"https:\/\/portugalfashion.com\/\",\"name\":\"Portugal Fashion\",\"description\":\"Moda e Eventos\",\"publisher\":{\"@id\":\"https:\/\/portugalfashion.com\/#organization\"},\"potentialAction\":[{\"@type\":\"SearchAction\",\"target\":{\"@type\":\"EntryPoint\",\"urlTemplate\":\"https:\/\/portugalfashion.com\/?s={search_term_string}\"},\"query-input\":{\"@type\":\"PropertyValueSpecification\",\"valueRequired\":true,\"valueName\":\"search_term_string\"}}],\"inLanguage\":\"en-GB\"},{\"@type\":\"Organization\",\"@id\":\"https:\/\/portugalfashion.com\/#organization\",\"name\":\"Portugal Fashion\",\"url\":\"https:\/\/portugalfashion.com\/\",\"logo\":{\"@type\":\"ImageObject\",\"inLanguage\":\"en-GB\",\"@id\":\"https:\/\/portugalfashion.com\/#\/schema\/logo\/image\/\",\"url\":\"http:\/\/portugalfashion.com\/wp-content\/uploads\/2021\/08\/animated-logo-pf-black.svg\",\"contentUrl\":\"http:\/\/portugalfashion.com\/wp-content\/uploads\/2021\/08\/animated-logo-pf-black.svg\",\"width\":1374,\"height\":670,\"caption\":\"Portugal Fashion\"},\"image\":{\"@id\":\"https:\/\/portugalfashion.com\/#\/schema\/logo\/image\/\"}},{\"@type\":\"Person\",\"@id\":\"https:\/\/portugalfashion.com\/#\/schema\/person\/5c5a913b2cd594f9e7a818bd846f07f4\",\"name\":\"Portugal Fashion\",\"image\":{\"@type\":\"ImageObject\",\"inLanguage\":\"en-GB\",\"@id\":\"https:\/\/portugalfashion.com\/#\/schema\/person\/image\/\",\"url\":\"https:\/\/secure.gravatar.com\/avatar\/19ad09b6e9ee39a45adcdd5009950775897e89f8c17b880c25735c933a6d97f0?s=96&d=mm&r=g\",\"contentUrl\":\"https:\/\/secure.gravatar.com\/avatar\/19ad09b6e9ee39a45adcdd5009950775897e89f8c17b880c25735c933a6d97f0?s=96&d=mm&r=g\",\"caption\":\"Portugal Fashion\"},\"sameAs\":[\"https:\/\/portugalfashion.com\"],\"url\":\"https:\/\/portugalfashion.com\/en\/author\/portugal-fashion\/\"}]}<\/script>\n<!-- \/ Yoast SEO plugin. -->","yoast_head_json":{"title":"BLOOMIN FW21\/22 - Portugal Fashion","robots":{"index":"index","follow":"follow","max-snippet":"max-snippet:-1","max-image-preview":"max-image-preview:large","max-video-preview":"max-video-preview:-1"},"canonical":"https:\/\/portugalfashion.com\/en\/bloomin-fw21-22\/","og_locale":"en_GB","og_type":"article","og_title":"BLOOMIN FW21\/22 - Portugal Fashion","og_description":"9\u00aa Edi\u00e7\u00e3o da fanzine do BLOOM\u00a0 Talvez a frase mais ouvida nos \u00faltimos meses tenha sido a de que o mundo mudou por causa de uma pandemia. \u00c9 um facto. Mas houve quem se conseguisse reinventar de alguma forma. N\u00e3o \u00e9 f\u00e1cil, nunca \u00e9, nunca foi. Muito menos para quem est\u00e1 a come\u00e7ar a dar [&hellip;]","og_url":"https:\/\/portugalfashion.com\/en\/bloomin-fw21-22\/","og_site_name":"Portugal Fashion","article_published_time":"2021-04-22T11:40:12+00:00","article_modified_time":"2021-09-23T10:55:04+00:00","og_image":[{"width":420,"height":260,"url":"https:\/\/portugalfashion.com\/wp-content\/uploads\/2021\/08\/design_sem_nomeq_119638637608fd27994eae.png","type":"image\/png"}],"author":"Portugal Fashion","twitter_card":"summary_large_image","twitter_misc":{"Written by":"Portugal Fashion","Est. reading time":"1 minute"},"schema":{"@context":"https:\/\/schema.org","@graph":[{"@type":"Article","@id":"https:\/\/portugalfashion.com\/en\/bloomin-fw21-22\/#article","isPartOf":{"@id":"https:\/\/portugalfashion.com\/en\/bloomin-fw21-22\/"},"author":{"name":"Portugal Fashion","@id":"https:\/\/portugalfashion.com\/#\/schema\/person\/5c5a913b2cd594f9e7a818bd846f07f4"},"headline":"BLOOMIN FW21\/22","datePublished":"2021-04-22T11:40:12+00:00","dateModified":"2021-09-23T10:55:04+00:00","mainEntityOfPage":{"@id":"https:\/\/portugalfashion.com\/en\/bloomin-fw21-22\/"},"wordCount":230,"commentCount":0,"publisher":{"@id":"https:\/\/portugalfashion.com\/#organization"},"image":{"@id":"https:\/\/portugalfashion.com\/en\/bloomin-fw21-22\/#primaryimage"},"thumbnailUrl":"https:\/\/portugalfashion.com\/wp-content\/uploads\/2021\/08\/design_sem_nomeq_119638637608fd27994eae.png","articleSection":["Bloom","Portugal Fashion"],"inLanguage":"en-GB","potentialAction":[{"@type":"CommentAction","name":"Comment","target":["https:\/\/portugalfashion.com\/en\/bloomin-fw21-22\/#respond"]}]},{"@type":"WebPage","@id":"https:\/\/portugalfashion.com\/en\/bloomin-fw21-22\/","url":"https:\/\/portugalfashion.com\/en\/bloomin-fw21-22\/","name":"BLOOMIN FW21\/22 - Portugal Fashion","isPartOf":{"@id":"https:\/\/portugalfashion.com\/#website"},"primaryImageOfPage":{"@id":"https:\/\/portugalfashion.com\/en\/bloomin-fw21-22\/#primaryimage"},"image":{"@id":"https:\/\/portugalfashion.com\/en\/bloomin-fw21-22\/#primaryimage"},"thumbnailUrl":"https:\/\/portugalfashion.com\/wp-content\/uploads\/2021\/08\/design_sem_nomeq_119638637608fd27994eae.png","datePublished":"2021-04-22T11:40:12+00:00","dateModified":"2021-09-23T10:55:04+00:00","breadcrumb":{"@id":"https:\/\/portugalfashion.com\/en\/bloomin-fw21-22\/#breadcrumb"},"inLanguage":"en-GB","potentialAction":[{"@type":"ReadAction","target":["https:\/\/portugalfashion.com\/en\/bloomin-fw21-22\/"]}]},{"@type":"ImageObject","inLanguage":"en-GB","@id":"https:\/\/portugalfashion.com\/en\/bloomin-fw21-22\/#primaryimage","url":"https:\/\/portugalfashion.com\/wp-content\/uploads\/2021\/08\/design_sem_nomeq_119638637608fd27994eae.png","contentUrl":"https:\/\/portugalfashion.com\/wp-content\/uploads\/2021\/08\/design_sem_nomeq_119638637608fd27994eae.png","width":420,"height":260},{"@type":"BreadcrumbList","@id":"https:\/\/portugalfashion.com\/en\/bloomin-fw21-22\/#breadcrumb","itemListElement":[{"@type":"ListItem","position":1,"name":"Home","item":"https:\/\/portugalfashion.com\/"},{"@type":"ListItem","position":2,"name":"BLOOMIN FW21\/22"}]},{"@type":"WebSite","@id":"https:\/\/portugalfashion.com\/#website","url":"https:\/\/portugalfashion.com\/","name":"Portugal Fashion","description":"Moda e Eventos","publisher":{"@id":"https:\/\/portugalfashion.com\/#organization"},"potentialAction":[{"@type":"SearchAction","target":{"@type":"EntryPoint","urlTemplate":"https:\/\/portugalfashion.com\/?s={search_term_string}"},"query-input":{"@type":"PropertyValueSpecification","valueRequired":true,"valueName":"search_term_string"}}],"inLanguage":"en-GB"},{"@type":"Organization","@id":"https:\/\/portugalfashion.com\/#organization","name":"Portugal Fashion","url":"https:\/\/portugalfashion.com\/","logo":{"@type":"ImageObject","inLanguage":"en-GB","@id":"https:\/\/portugalfashion.com\/#\/schema\/logo\/image\/","url":"http:\/\/portugalfashion.com\/wp-content\/uploads\/2021\/08\/animated-logo-pf-black.svg","contentUrl":"http:\/\/portugalfashion.com\/wp-content\/uploads\/2021\/08\/animated-logo-pf-black.svg","width":1374,"height":670,"caption":"Portugal Fashion"},"image":{"@id":"https:\/\/portugalfashion.com\/#\/schema\/logo\/image\/"}},{"@type":"Person","@id":"https:\/\/portugalfashion.com\/#\/schema\/person\/5c5a913b2cd594f9e7a818bd846f07f4","name":"Portugal Fashion","image":{"@type":"ImageObject","inLanguage":"en-GB","@id":"https:\/\/portugalfashion.com\/#\/schema\/person\/image\/","url":"https:\/\/secure.gravatar.com\/avatar\/19ad09b6e9ee39a45adcdd5009950775897e89f8c17b880c25735c933a6d97f0?s=96&d=mm&r=g","contentUrl":"https:\/\/secure.gravatar.com\/avatar\/19ad09b6e9ee39a45adcdd5009950775897e89f8c17b880c25735c933a6d97f0?s=96&d=mm&r=g","caption":"Portugal Fashion"},"sameAs":["https:\/\/portugalfashion.com"],"url":"https:\/\/portugalfashion.com\/en\/author\/portugal-fashion\/"}]}},"_links":{"self":[{"href":"https:\/\/portugalfashion.com\/en\/wp-json\/wp\/v2\/posts\/960","targetHints":{"allow":["GET"]}}],"collection":[{"href":"https:\/\/portugalfashion.com\/en\/wp-json\/wp\/v2\/posts"}],"about":[{"href":"https:\/\/portugalfashion.com\/en\/wp-json\/wp\/v2\/types\/post"}],"author":[{"embeddable":true,"href":"https:\/\/portugalfashion.com\/en\/wp-json\/wp\/v2\/users\/5"}],"replies":[{"embeddable":true,"href":"https:\/\/portugalfashion.com\/en\/wp-json\/wp\/v2\/comments?post=960"}],"version-history":[{"count":4,"href":"https:\/\/portugalfashion.com\/en\/wp-json\/wp\/v2\/posts\/960\/revisions"}],"predecessor-version":[{"id":10026,"href":"https:\/\/portugalfashion.com\/en\/wp-json\/wp\/v2\/posts\/960\/revisions\/10026"}],"wp:featuredmedia":[{"embeddable":true,"href":"https:\/\/portugalfashion.com\/en\/wp-json\/wp\/v2\/media\/962"}],"wp:attachment":[{"href":"https:\/\/portugalfashion.com\/en\/wp-json\/wp\/v2\/media?parent=960"}],"wp:term":[{"taxonomy":"category","embeddable":true,"href":"https:\/\/portugalfashion.com\/en\/wp-json\/wp\/v2\/categories?post=960"},{"taxonomy":"post_tag","embeddable":true,"href":"https:\/\/portugalfashion.com\/en\/wp-json\/wp\/v2\/tags?post=960"}],"curies":[{"name":"wp","href":"https:\/\/api.w.org\/{rel}","templated":true}]}}